{"id":484539,"date":"2025-10-23T14:22:22","date_gmt":"2025-10-23T14:22:22","guid":{"rendered":"https:\/\/www.europesays.com\/fr\/484539\/"},"modified":"2025-10-23T14:22:22","modified_gmt":"2025-10-23T14:22:22","slug":"mortalite-massive-de-grues-cendrees-due-a-la-grippe-aviaire-en-allemagne","status":"publish","type":"post","link":"https:\/\/www.europesays.com\/fr\/484539\/","title":{"rendered":"Mortalit\u00e9 massive de grues cendr\u00e9es due \u00e0 la grippe aviaire en Allemagne"},"content":{"rendered":"<p><img decoding=\"async\" class=\"w-full object-contain\" style=\"aspect-ratio:160 \/ 100;opacity:1\" alt=\"Mortalit\u00e9 massive de grues cendr\u00e9es due \u00e0 la grippe aviaire en Allemagne\" width=\"512\" height=\"321\" fetchpriority=\"high\" src=\"https:\/\/www.europesays.com\/fr\/wp-content\/uploads\/2025\/10\/XKBSKIF725GGJCLMVFG3NPPJUE.jpg\"  \/><\/p>\n<p class=\"ap-StoryElement ap-StoryElement--mb ap-StoryText\">Jeudi, 839 grues cendr\u00e9es mortes ont \u00e9t\u00e9 retrouv\u00e9es dans la petite ville allemande de Linum, \u00e0 environ 30 kilom\u00e8tres au nord-ouest de la capitale allemande. Chaque ann\u00e9e, des dizaines de milliers de grues cendr\u00e9es font escale dans la r\u00e9gion avant de poursuivre leur migration hivernale vers le sud. Les gestionnaires locaux de la nature parlent d&rsquo;un cas exceptionnel de mortalit\u00e9 massive. Ils estiment que le nombre total d&rsquo;oiseaux morts s&rsquo;\u00e9l\u00e8ve \u00e0 quelque 1.500.<\/p>\n","protected":false},"excerpt":{"rendered":"Jeudi, 839 grues cendr\u00e9es mortes ont \u00e9t\u00e9 retrouv\u00e9es dans la petite ville allemande de Linum, \u00e0 environ 30&hellip;\n","protected":false},"author":2,"featured_media":25030,"comment_status":"","ping_status":"","sticky":false,"template":"","format":"standard","meta":{"footnotes":""},"categories":[1587],"tags":[11,327,672,1867,1804,1805,1803,1777,674,1801,2742,12,1802,71],"class_list":{"0":"post-484539","1":"post","2":"type-post","3":"status-publish","4":"format-standard","5":"has-post-thumbnail","7":"category-allemagne","8":"tag-actualites","9":"tag-agriculture","10":"tag-allemagne","11":"tag-animaux","12":"tag-bundesrepublik-deutschland","13":"tag-de","14":"tag-deutschland","15":"tag-eu","16":"tag-europe","17":"tag-germany","18":"tag-nature","19":"tag-news","20":"tag-republique-federale-dallemagne","21":"tag-sante"},"share_on_mastodon":{"url":"https:\/\/pubeurope.com\/@fr\/115423933928792394","error":""},"_links":{"self":[{"href":"https:\/\/www.europesays.com\/fr\/wp-json\/wp\/v2\/posts\/484539","targetHints":{"allow":["GET"]}}],"collection":[{"href":"https:\/\/www.europesays.com\/fr\/wp-json\/wp\/v2\/posts"}],"about":[{"href":"https:\/\/www.europesays.com\/fr\/wp-json\/wp\/v2\/types\/post"}],"author":[{"embeddable":true,"href":"https:\/\/www.europesays.com\/fr\/wp-json\/wp\/v2\/users\/2"}],"replies":[{"embeddable":true,"href":"https:\/\/www.europesays.com\/fr\/wp-json\/wp\/v2\/comments?post=484539"}],"version-history":[{"count":0,"href":"https:\/\/www.europesays.com\/fr\/wp-json\/wp\/v2\/posts\/484539\/revisions"}],"wp:featuredmedia":[{"embeddable":true,"href":"https:\/\/www.europesays.com\/fr\/wp-json\/wp\/v2\/media\/25030"}],"wp:attachment":[{"href":"https:\/\/www.europesays.com\/fr\/wp-json\/wp\/v2\/media?parent=484539"}],"wp:term":[{"taxonomy":"category","embeddable":true,"href":"https:\/\/www.europesays.com\/fr\/wp-json\/wp\/v2\/categories?post=484539"},{"taxonomy":"post_tag","embeddable":true,"href":"https:\/\/www.europesays.com\/fr\/wp-json\/wp\/v2\/tags?post=484539"}],"curies":[{"name":"wp","href":"https:\/\/api.w.org\/{rel}","templated":true}]}}