{"id":48455,"date":"2025-04-24T06:08:10","date_gmt":"2025-04-24T06:08:10","guid":{"rendered":"https:\/\/www.europesays.com\/fr\/48455\/"},"modified":"2025-04-24T06:08:10","modified_gmt":"2025-04-24T06:08:10","slug":"un-randonneur-retrouve-mort-a-2-600-metres-daltitude-dans-les-pyrenees","status":"publish","type":"post","link":"https:\/\/www.europesays.com\/fr\/48455\/","title":{"rendered":"Un randonneur retrouv\u00e9 mort \u00e0 2.600 m\u00e8tres d\u2019altitude dans les Pyr\u00e9n\u00e9es"},"content":{"rendered":"<p>Les <a href=\"https:\/\/www.20minutes.fr\/dossier\/pyrenees_orientales\" target=\"_blank\" class=\"color-ultramarine c-link\" rel=\"noopener\">Pyr\u00e9n\u00e9es-Orientales<\/a> ont connu mercredi un nouveau drame de la <a href=\"https:\/\/www.20minutes.fr\/dossier\/montagne\" target=\"_blank\" class=\"color-ultramarine c-link\" rel=\"noopener\">montagne<\/a>. Un randonneur de 45 ans qui s\u2019\u00e9tait lanc\u00e9 dans l\u2019ascension du Canigou, point culminant du d\u00e9partement, a \u00e9t\u00e9 retrouv\u00e9 mort \u00e0 2.600 m\u00e8tres, par des CRS.<\/p>\n<p>Alors qu\u2019ils effectuaient un exercice d\u2019entra\u00eenement, les CRS de secours en montagne de l\u2019unit\u00e9 de Bolqu\u00e8re, pr\u00e8s de Font-Romeu, ont distingu\u00e9 un corps dans la neige, en contrebas d\u2019une cr\u00eate.<\/p>\n<p>Des conditions encore hivernales<\/p>\n<p>\u00ab\u00a0Nous avons encore des conditions hivernales, il y a de la neige et de la glace, des falaises, si on glisse, cela peut \u00eatre tr\u00e8s dangereux\u00a0\u00bb, a alert\u00e9 un porte-parole des CRS.<\/p>\n<\/p>\n<p>Le randonneur, qui r\u00e9sidait dans les Pyr\u00e9n\u00e9es-Orientales, avait pr\u00e9vu de gravir le Canigou dans la journ\u00e9e, mais n\u2019\u00e9tait pas muni de l\u2019\u00e9quipement ad\u00e9quat pour ce type d\u2019ascension.<\/p>\n","protected":false},"excerpt":{"rendered":"Les Pyr\u00e9n\u00e9es-Orientales ont connu mercredi un nouveau drame de la montagne. Un randonneur de 45 ans qui s\u2019\u00e9tait&hellip;\n","protected":false},"author":2,"featured_media":48456,"comment_status":"","ping_status":"","sticky":false,"template":"","format":"standard","meta":{"footnotes":""},"categories":[2],"tags":[47,11,12513,118,1011,27,5324,12,2723,11548,7553,133],"class_list":{"0":"post-48455","1":"post","2":"type-post","3":"status-publish","4":"format-standard","5":"has-post-thumbnail","7":"category-actualites","8":"tag-actualite","9":"tag-actualites","10":"tag-crs","11":"tag-faits-divers","12":"tag-fr","13":"tag-france","14":"tag-montagne","15":"tag-news","16":"tag-pyrenees","17":"tag-pyrenees-orientales","18":"tag-randonnee","19":"tag-video"},"share_on_mastodon":{"url":"https:\/\/pubeurope.com\/@fr\/114391449799393651","error":""},"_links":{"self":[{"href":"https:\/\/www.europesays.com\/fr\/wp-json\/wp\/v2\/posts\/48455","targetHints":{"allow":["GET"]}}],"collection":[{"href":"https:\/\/www.europesays.com\/fr\/wp-json\/wp\/v2\/posts"}],"about":[{"href":"https:\/\/www.europesays.com\/fr\/wp-json\/wp\/v2\/types\/post"}],"author":[{"embeddable":true,"href":"https:\/\/www.europesays.com\/fr\/wp-json\/wp\/v2\/users\/2"}],"replies":[{"embeddable":true,"href":"https:\/\/www.europesays.com\/fr\/wp-json\/wp\/v2\/comments?post=48455"}],"version-history":[{"count":0,"href":"https:\/\/www.europesays.com\/fr\/wp-json\/wp\/v2\/posts\/48455\/revisions"}],"wp:featuredmedia":[{"embeddable":true,"href":"https:\/\/www.europesays.com\/fr\/wp-json\/wp\/v2\/media\/48456"}],"wp:attachment":[{"href":"https:\/\/www.europesays.com\/fr\/wp-json\/wp\/v2\/media?parent=48455"}],"wp:term":[{"taxonomy":"category","embeddable":true,"href":"https:\/\/www.europesays.com\/fr\/wp-json\/wp\/v2\/categories?post=48455"},{"taxonomy":"post_tag","embeddable":true,"href":"https:\/\/www.europesays.com\/fr\/wp-json\/wp\/v2\/tags?post=48455"}],"curies":[{"name":"wp","href":"https:\/\/api.w.org\/{rel}","templated":true}]}}