{"id":484554,"date":"2025-10-23T14:33:15","date_gmt":"2025-10-23T14:33:15","guid":{"rendered":"https:\/\/www.europesays.com\/fr\/484554\/"},"modified":"2025-10-23T14:33:15","modified_gmt":"2025-10-23T14:33:15","slug":"rossi-na-toujours-pas-bien-compris-ce-qui-se-passe-avec-bagnaia","status":"publish","type":"post","link":"https:\/\/www.europesays.com\/fr\/484554\/","title":{"rendered":"Rossi n&rsquo;a toujours \u00ab\u00a0pas bien compris ce qui se passe\u00a0\u00bb avec Bagnaia"},"content":{"rendered":"<p>\u00c0 moins d&rsquo;un mois d\u00e9sormais de la conclusion du championnat, <a href=\"https:\/\/fr.motorsport.com\/driver\/pecco-bagnaia\/109394\/\" target=\"_blank\" rel=\"noopener\">Pecco Bagnaia<\/a> doit compter les courses qu&rsquo;il lui reste \u00e0 disputer avant de pouvoir souffler, sachant la souffrance que semble \u00eatre \u00e0 pr\u00e9sent chacune de ses apparitions en piste. Le plus surprenant, cependant, n&rsquo;est pas tant que l&rsquo;Italien n&rsquo;ait pas r\u00e9ussi \u00e0 inverser la tendance d&rsquo;une saison mal embarqu\u00e9e, mais qu&rsquo;\u00e0 ce stade, au bout de 19 Grands Prix, personne ne semble encore avoir compris ce qui le met \u00e0 ce point en difficult\u00e9.<\/p>\n<p>Bagnaia lui-m\u00eame s&rsquo;\u00e9vertue \u00e0 pointer une origine technique \u00e0 ses mauvaises sensations sur la version 2025 de sa moto. Chez Ducati, <a href=\"https:\/\/fr.motorsport.com\/motogp\/news\/dalligna-problemes-bagnaia-exclusivement-techniques\/10757337\/\" target=\"_self\" rel=\"noopener\">bien qu&rsquo;une autre explication ait \u00e9t\u00e9 timidement \u00e9voqu\u00e9e<\/a>, on continue \u00e0 promettre le maximum d&rsquo;efforts de la part des ing\u00e9nieurs pour tenter de faire la lumi\u00e8re sur des difficult\u00e9s profondes.<\/p>\n<p>Cette semaine, c&rsquo;est <a href=\"https:\/\/fr.motorsport.com\/driver\/valentino-rossi\/76374\/\" target=\"_blank\" rel=\"noopener\">Valentino Rossi<\/a> qui a \u00e9t\u00e9 interrog\u00e9 sur la question dans <a href=\"https:\/\/sport.sky.it\/motogp\/2025\/10\/22\/valentino-rossi-indianapolis-bagnaia-intervista-video\" target=\"_blank\" rel=\"noopener\">une interview accord\u00e9e \u00e0 la cha\u00eene italienne Sky Sport MotoGP<\/a>. Et il est int\u00e9ressant de noter que lui-m\u00eame se dit perplexe, tout en insistant sur les efforts d\u00e9ploy\u00e9s par la VR46 Riders Academy pour venir en aide \u00e0 celui qui a tant gagn\u00e9 ces trois derni\u00e8res ann\u00e9es avant de soudainement s&rsquo;effondrer cette saison.<\/p>\n<p>\u00ab\u00a0Pecco est trois fois champion du monde, dont une fois avec notre \u00e9quipe en Moto2\u00a0\u00bb, rappelle Valentino Rossi. \u00ab\u00a0Il sort de saisons durant lesquelles il a \u00e9t\u00e9 tr\u00e8s rapide et gagn\u00e9 des titres, mais malheureusement, cette ann\u00e9e il est un peu en difficult\u00e9. Nous essayons d&rsquo;\u00eatre \u00e0 ses c\u00f4t\u00e9s et de l&rsquo;aider au maximum pour lui permettre de revenir devant, o\u00f9 il m\u00e9rite d&rsquo;\u00eatre.\u00a0\u00bb<\/p>\n<blockquote>\n<p>Il a \u00e9t\u00e9 associ\u00e9 dans le stand \u00e0 un co\u00e9quipier encombrant et rapide comme M\u00e1rquez.<\/p>\n<\/blockquote>\n<p>\u00ab\u00a0Ces trois derni\u00e8res ann\u00e9es, Pecco s&rsquo;est toujours battu pour le titre. Il en a gagn\u00e9 deux et le troisi\u00e8me, l&rsquo;ann\u00e9e derni\u00e8re, il l&rsquo;a malheureusement perdu \u00e0 la derni\u00e8re course. En tout cas, il a toujours beaucoup gagn\u00e9 et il a tout le temps couru aux avant-postes, donc il a montr\u00e9 sa valeur.\u00a0\u00bb<\/p>\n<p>\u00ab\u00a0Cette ann\u00e9e, \u00e0 cause d&rsquo;un ensemble de choses, il ne s&rsquo;est pas tr\u00e8s bien senti avec la nouvelle version de la Ducati\u00a0\u00bb, observe le fondateur de l&rsquo;acad\u00e9mie de pilotes \u00e0 laquelle Bagnaia a adh\u00e9r\u00e9 il y a 12 ans, lorsqu&rsquo;il courait en Moto3. Et Rossi de nommer de lui-m\u00eame l&rsquo;\u00e9l\u00e9phant au milieu de la pi\u00e8ce\u00a0:\u00a0\u00ab\u00a0Il a commenc\u00e9 \u00e0 avoir un peu de mal, d&rsquo;autant qu&rsquo;il a \u00e9t\u00e9 associ\u00e9 dans le stand \u00e0 un co\u00e9quipier encombrant et rapide comme M\u00e1rquez.\u00a0\u00bb<\/p>\n<p>\u00ab\u00a0Donc on est dans un moment difficile. Nous essayons de l&rsquo;aider toujours \u00e0 100%, de comprendre comment faire pour r\u00e9soudre cela. Franchement, pour le moment, nous n&rsquo;y sommes pas arriv\u00e9s\u00a0!\u00a0Nous non plus, nous n&rsquo;avons pas encore bien compris ce qui se passe. Mais je suis convaincu que Pecco retournera devant et qu&rsquo;il recommencera \u00e0 gagner.\u00a0\u00bb<\/p>\n<p>Des difficult\u00e9s qui pourraient s&rsquo;\u00e9tendre aux autres Ducati\u00a0?<\/p>\n<p>La situation de Pecco Bagnaia surprend d&rsquo;autant plus qu&rsquo;en dehors de performances tr\u00e8s en de\u00e7\u00e0 de son potentiel sur certaines pistes, il a aussi r\u00e9ussi \u00e0 r\u00e9appara\u00eetre ponctuellement tel qu&rsquo;on le conna\u00eet. Le sc\u00e9nario des derni\u00e8res semaines est embl\u00e9matique de cette extr\u00eame versatilit\u00e9, puisqu&rsquo;il a tout rafl\u00e9 au GP du Japon, mais n&rsquo;a marqu\u00e9 aucun point lors du week-end pr\u00e9c\u00e9dent et des deux suivants.<\/p>\n<p>Bagnaia, qui a beaucoup d\u00e9taill\u00e9 ses mauvaises sensations sur la GP25, a \u00e9t\u00e9 questionn\u00e9 sur ce que peuvent ressentir les autres pilotes Ducati. Et il a alors d\u00e9tach\u00e9 la probl\u00e9matique de sa propre personne, en alertant\u00a0:\u00a0\u00ab\u00a0Sinc\u00e8rement, en d\u00e9but de saison j&rsquo;\u00e9tais plus ou moins le seul avec ce genre de soucis, mais Frankie Morbidelli commence maintenant \u00e0 avoir la m\u00eame chose. On essaie de comprendre pourquoi parce que si tous les pilotes commencent \u00e0 avoir les m\u00eames soucis, \u00e7a peut \u00eatre un probl\u00e8me pour Ducati. On essaie de travailler d&rsquo;une fa\u00e7on diff\u00e9rente pour trouver une solution.\u00a0\u00bb<\/p>\n<p>Puis, questionn\u00e9 sur les propos de Valentino Rossi, Pecco Bagnaia y r\u00e9pond \u00e0 sa mani\u00e8re, en insistant sur le message qu&rsquo;il souhaite faire passer\u00a0:\u00a0\u00ab\u00a0Je dis seulement que c&rsquo;est une situation difficile \u00e0 comprendre pour nous tous. \u00c7a n&rsquo;est facile ni pour moi, ni pour les techniciens. Donc on essaye de comprendre comment faire parce que ce probl\u00e8me peut se pr\u00e9senter aussi pour les autres pilotes Ducati et c&rsquo;est une situation qui pourrait \u00eatre probl\u00e9matique.\u00a0\u00bb<\/p>\n<p>   <img decoding=\"async\" draggable=\"false\" src=\"https:\/\/www.europesays.com\/fr\/wp-content\/uploads\/2025\/10\/1761229995_558_francesco-bagnaia-ducati-team.jpg\" alt=\"Pecco Bagnaia cherche inlassablement une solution.\" width=\"1200\" height=\"800\" loading=\"lazy\"\/> <\/p>\n<p class=\"title\">Pecco Bagnaia cherche inlassablement une solution.<\/p>\n<p class=\"photographer\">Photo de: Gold and Goose Photography \/ LAT Images \/ via Getty Images<\/p>\n<p>De toute \u00e9vidence lass\u00e9 par les th\u00e9ories du complot et les rumeurs qui se multiplient de la part des sp\u00e9cialistes des r\u00e9seaux sociaux, le pilote Ducati ajoute\u00a0:\u00a0\u00ab\u00a0J&rsquo;ai remarqu\u00e9 que dans les moments les plus compliqu\u00e9s, on fait plus attention \u00e0 ce qui se dit. On voit un tas de conneries, vraiment. Mais en g\u00e9n\u00e9ral, j&rsquo;ai toujours r\u00e9ussi \u00e0 m&rsquo;en extraire, j&rsquo;ai toujours d\u00e9montr\u00e9 que quand je me suis senti bien, j&rsquo;ai r\u00e9ussi \u00e0 \u00eatre performant. On est arriv\u00e9s \u00e0 la conclusion que \u00e7a n&rsquo;est plus une question d&rsquo;adaptation mais de fonctionnement, et on cherche donc \u00e0 comprendre ce qui peut provoquer cette situation.\u00a0\u00bb<\/p>\n<p>Lorsqu&rsquo;il lui est enfin demand\u00e9 s&rsquo;il pense avoir lui-m\u00eame fait une erreur quelque part, Pecco Bagnaia assume\u00a0:\u00a0\u00ab\u00a0Certainement. Personne n&rsquo;est parfait. Il y a certainement eu des situations dans lesquelles j&rsquo;aurais pu faire plus, mais malheureusement quand on est \u00e0 ce point en difficult\u00e9 \u00e7a n&rsquo;est pas facile de faire plus. J&rsquo;aurais certainement pu faire plus.\u00a0\u00bb<\/p>\n<p>Lire aussi :<\/p>\n<p>\u00ab\u00a0De bonnes id\u00e9es\u00a0\u00bb pour Sepang<\/p>\n<p>C&rsquo;est dans ce contexte que d\u00e9bute le GP de Malaisie, cette semaine, et le pilote italien dit avoir, avec son \u00e9quipe, \u00ab\u00a0de bonnes id\u00e9es pour entamer le week-end\u00a0\u00bb. Il appr\u00e9cie le circuit de Sepang et ne peut qu&rsquo;esp\u00e9rer y retrouver les sensations et les performances auxquelles il est habitu\u00e9 ici, mais on sent aussi que les multiples revers subis cette ann\u00e9e entretiennent sa grande prudence.<\/p>\n<p>\u00ab\u00a0J&rsquo;aimerais juste appr\u00e9cier le week-end et pour appr\u00e9cier le week-end, j&rsquo;aimerais commencer avec de bonnes sensations sur la moto. Lors du test ici, j&rsquo;\u00e9tais performant, super performant. Je crois que j&rsquo;ai fini le test \u00e0 la deuxi\u00e8me place, si je ne me trompe pas, et les sensations \u00e9taient bonnes. Je suis pr\u00eat \u00e0 commencer.\u00a0\u00bb<\/p>\n<p>\u00ab\u00a0Dans cette situation, il ne faut pas \u00eatre trop gourmand et prendre les choses plus calmement et voir, s\u00e9ance apr\u00e8s s\u00e9ance, si on peut progresser, parce que sur les pistes comme celle-ci, qui sont bonnes pour nous, on a plus de marge pour essayer des choses. \u00c0 Phillip Island, les conditions n&rsquo;aident pas\u00a0;\u00a0\u00e0 Mandalika, le grip augmente beaucoup au cours du week-end, donc rouler sur une piste comme \u00e7a, o\u00f9 beaucoup de pilotes ont roul\u00e9, c&rsquo;est mieux parce que \u00e7a donne le temps de tester des choses. D\u00e8s la premi\u00e8re s\u00e9ance, la piste est performante donc c&rsquo;est bien pour nous.\u00a0\u00bb<\/p>\n<p style=\"text-align: right;\">Avec Vincent Lalanne-Sicaud<\/p>\n<p>            Votre avis nous int\u00e9resse !<\/p>\n<p class=\"mt-auto\">Qu&rsquo;aimeriez-vous voir sur Motorsport.com ?<\/p>\n<p>            <a href=\"#\" class=\"ms-link text-link font-bold\">R\u00e9pondez \u00e0 notre enqu\u00eate en 5 minutes.<\/a><\/p>\n<p class=\"mt-1 text-body\">&#8211; L&rsquo;\u00e9quipe Motorsport.com<\/p>\n","protected":false},"excerpt":{"rendered":"\u00c0 moins d&rsquo;un mois d\u00e9sormais de la conclusion du championnat, Pecco Bagnaia doit compter les courses qu&rsquo;il lui&hellip;\n","protected":false},"author":2,"featured_media":484555,"comment_status":"","ping_status":"","sticky":false,"template":"","format":"standard","meta":{"footnotes":""},"categories":[1413],"tags":[4950,1011,27,1457,1456,1458,4951,60782,60,5929],"class_list":{"0":"post-484554","1":"post","2":"type-post","3":"status-publish","4":"format-standard","5":"has-post-thumbnail","7":"category-moto","8":"tag-ducati-team","9":"tag-fr","10":"tag-france","11":"tag-moto","12":"tag-motocycle","13":"tag-motogp","14":"tag-pecco-bagnaia","15":"tag-rossi-na-toujours-pas-bien-compris-ce-qui-se-passe-avec-bagnaia","16":"tag-sports","17":"tag-valentino-rossi"},"share_on_mastodon":{"url":"https:\/\/pubeurope.com\/@fr\/115423976732719454","error":""},"_links":{"self":[{"href":"https:\/\/www.europesays.com\/fr\/wp-json\/wp\/v2\/posts\/484554","targetHints":{"allow":["GET"]}}],"collection":[{"href":"https:\/\/www.europesays.com\/fr\/wp-json\/wp\/v2\/posts"}],"about":[{"href":"https:\/\/www.europesays.com\/fr\/wp-json\/wp\/v2\/types\/post"}],"author":[{"embeddable":true,"href":"https:\/\/www.europesays.com\/fr\/wp-json\/wp\/v2\/users\/2"}],"replies":[{"embeddable":true,"href":"https:\/\/www.europesays.com\/fr\/wp-json\/wp\/v2\/comments?post=484554"}],"version-history":[{"count":0,"href":"https:\/\/www.europesays.com\/fr\/wp-json\/wp\/v2\/posts\/484554\/revisions"}],"wp:featuredmedia":[{"embeddable":true,"href":"https:\/\/www.europesays.com\/fr\/wp-json\/wp\/v2\/media\/484555"}],"wp:attachment":[{"href":"https:\/\/www.europesays.com\/fr\/wp-json\/wp\/v2\/media?parent=484554"}],"wp:term":[{"taxonomy":"category","embeddable":true,"href":"https:\/\/www.europesays.com\/fr\/wp-json\/wp\/v2\/categories?post=484554"},{"taxonomy":"post_tag","embeddable":true,"href":"https:\/\/www.europesays.com\/fr\/wp-json\/wp\/v2\/tags?post=484554"}],"curies":[{"name":"wp","href":"https:\/\/api.w.org\/{rel}","templated":true}]}}