{"id":484589,"date":"2025-10-23T14:51:15","date_gmt":"2025-10-23T14:51:15","guid":{"rendered":"https:\/\/www.europesays.com\/fr\/484589\/"},"modified":"2025-10-23T14:51:15","modified_gmt":"2025-10-23T14:51:15","slug":"saint-etienne-vans-fourgons-amenages-et-camping-cars-tiennent-salon-au-parc-expo","status":"publish","type":"post","link":"https:\/\/www.europesays.com\/fr\/484589\/","title":{"rendered":"Saint-\u00c9tienne. Vans, fourgons am\u00e9nag\u00e9s et camping-cars tiennent salon au Parc-Expo"},"content":{"rendered":"<p>Partir sur un coup de t\u00eate, suivre une route inconnue et finir par dormir pr\u00e8s d\u2019un lac, de l\u2019oc\u00e9an ou au pied d\u2019une montagne\u2026<\/p>\n<p>En plein essor depuis la fin de la pand\u00e9mie de Covid-19, le tourisme itin\u00e9rant a de quoi s\u00e9duire. Et les chiffres le confirment\u00a0: la France est aujourd\u2019hui le deuxi\u00e8me march\u00e9 europ\u00e9en, derri\u00e8re l\u2019Allemagne.<\/p>\n<p>Mais le choix est vaste parmi les nombreuses gammes de v\u00e9hicules de loisirs disponibles\u00a0: vans, fourgons am\u00e9nag\u00e9s, 4&#215;4 cellulaires, caravanes, et les diff\u00e9rents types de camping-cars, du mod\u00e8le capucine \u00e0 l\u2019int\u00e9gral, en passant par le profil\u00e9 jusqu\u2019au luxueux liner. Pas toujours simple, donc, de savoir quel v\u00e9hicule est vraiment fait pour vous.<\/p>\n<p>  Une large gamme de v\u00e9hicules expos\u00e9e<\/p>\n<p>Le salon, qui se tient jusqu\u2019\u00e0 dimanche au Parc-Expo, est \u00ab le lieu id\u00e9al pour concr\u00e9tiser un projet d\u2019achat, b\u00e9n\u00e9ficier de conseils ou simplement s\u2019inspirer\u00a0\u00bb, selon ses organisateurs.<\/p>\n<p>Les visiteurs y d\u00e9couvriront une large s\u00e9lection de v\u00e9hicules neufs \u00e9quip\u00e9s des derni\u00e8res technologies, pr\u00e9sent\u00e9s par plusieurs concessionnaires lig\u00e9riens sp\u00e9cialis\u00e9s\u00a0: Le Hall du Camping-Car 42 \u2013 Libertium (Feurs), Ypo Camp Balzac Camping-Car (Saint-\u00c9tienne), Van et Loisirs 42 (Roanne), Loisirs Concept (Plaine du Forez) et Caravanes Services (Montrond-les-Bains).<\/p>\n<p>  Des solutions adapt\u00e9es \u00e0 chaque budget<\/p>\n<p>Pour guider les visiteurs dans leur futur achat, des professionnels du secteur apporteront leurs conseils sur les marques, les tendances, les accessoires indispensables, mais aussi sur les solutions de financement adapt\u00e9es \u00e0 chaque budget. Les f\u00e9d\u00e9rations du tourisme itin\u00e9rant seront \u00e9galement pr\u00e9sentes au salon\u00a0: la F\u00e9d\u00e9ration fran\u00e7aise des associations et clubs de camping-cars (FFACCC) et la F\u00e9d\u00e9ration des campeurs, caravaniers et camping-caristes (FFCC) informeront les visiteurs sur la r\u00e9glementation, la conduite et les bonnes pratiques du voyage en v\u00e9hicule de loisirs.<\/p>\n<p class=\"note\">Vendredi\u00a024 et samedi 25\u00a0octobre de 10 \u00e0 19\u00a0heures. Dimanche 26\u00a0octobre de 10 \u00e0 18\u00a0heures. Parc-Expo. Tarif sur place\u00a0: 5 euros, gratuit moins de 16 ans. En ligne\u00a0: 1 entr\u00e9e achet\u00e9e =\u00a0une entr\u00e9e offerte. Renseignements\u00a0: <a href=\"http:\/\/www.saint-etienne-parcexpo.com\" target=\"_blank\" rel=\"noopener\">www.saint-etienne-parcexpo.com<\/a><\/p>\n","protected":false},"excerpt":{"rendered":"Partir sur un coup de t\u00eate, suivre une route inconnue et finir par dormir pr\u00e8s d\u2019un lac, de&hellip;\n","protected":false},"author":2,"featured_media":484590,"comment_status":"","ping_status":"","sticky":false,"template":"","format":"standard","meta":{"footnotes":""},"categories":[9653],"tags":[1111,11,2430,1687,7539,1777,674,1685,1011,27,3367,12,25,4001,7538],"class_list":{"0":"post-484589","1":"post","2":"type-post","3":"status-publish","4":"format-standard","5":"has-post-thumbnail","7":"category-saint-etienne","8":"tag-actu","9":"tag-actualites","10":"tag-auvergne-rhone-alpes","11":"tag-culture-loisirs","12":"tag-edition-loire-sud","13":"tag-eu","14":"tag-europe","15":"tag-foire-et-salon","16":"tag-fr","17":"tag-france","18":"tag-loire","19":"tag-news","20":"tag-republique-francaise","21":"tag-saint-etienne","22":"tag-saint-etienne-ville"},"share_on_mastodon":{"url":"https:\/\/pubeurope.com\/@fr\/115424046909505649","error":""},"_links":{"self":[{"href":"https:\/\/www.europesays.com\/fr\/wp-json\/wp\/v2\/posts\/484589","targetHints":{"allow":["GET"]}}],"collection":[{"href":"https:\/\/www.europesays.com\/fr\/wp-json\/wp\/v2\/posts"}],"about":[{"href":"https:\/\/www.europesays.com\/fr\/wp-json\/wp\/v2\/types\/post"}],"author":[{"embeddable":true,"href":"https:\/\/www.europesays.com\/fr\/wp-json\/wp\/v2\/users\/2"}],"replies":[{"embeddable":true,"href":"https:\/\/www.europesays.com\/fr\/wp-json\/wp\/v2\/comments?post=484589"}],"version-history":[{"count":0,"href":"https:\/\/www.europesays.com\/fr\/wp-json\/wp\/v2\/posts\/484589\/revisions"}],"wp:featuredmedia":[{"embeddable":true,"href":"https:\/\/www.europesays.com\/fr\/wp-json\/wp\/v2\/media\/484590"}],"wp:attachment":[{"href":"https:\/\/www.europesays.com\/fr\/wp-json\/wp\/v2\/media?parent=484589"}],"wp:term":[{"taxonomy":"category","embeddable":true,"href":"https:\/\/www.europesays.com\/fr\/wp-json\/wp\/v2\/categories?post=484589"},{"taxonomy":"post_tag","embeddable":true,"href":"https:\/\/www.europesays.com\/fr\/wp-json\/wp\/v2\/tags?post=484589"}],"curies":[{"name":"wp","href":"https:\/\/api.w.org\/{rel}","templated":true}]}}