{"id":484593,"date":"2025-10-23T14:53:13","date_gmt":"2025-10-23T14:53:13","guid":{"rendered":"https:\/\/www.europesays.com\/fr\/484593\/"},"modified":"2025-10-23T14:53:13","modified_gmt":"2025-10-23T14:53:13","slug":"un-arbre-cede-sous-les-bourrasques","status":"publish","type":"post","link":"https:\/\/www.europesays.com\/fr\/484593\/","title":{"rendered":"un arbre c\u00e8de sous les bourrasques"},"content":{"rendered":"<p>Sc\u00e8ne spectaculaire, ce jeudi, rue de Vand\u0153uvre, \u00e0 Villers-l\u00e8s-Nancy. L\u2019arbre d\u2019une propri\u00e9t\u00e9 est tomb\u00e9, c\u00e9dant sous la violence du vent <a href=\"https:\/\/www.estrepublicain.fr\/environnement\/2025\/10\/23\/pluies-vents-violents-la-tempete-benjamin-touchera-la-lorraine-et-la-franche-comte-ce-jeudi-a-quoi-faut-il-s-attendre\" target=\"_blank\" rel=\"noopener\">de la temp\u00eate Benjamin.<\/a><\/p>\n<p>Des bourrasques ayant donc fait c\u00e9der le v\u00e9g\u00e9tal qui est tomb\u00e9 du c\u00f4t\u00e9 de la rue, d\u00e9truisant, au passage, la partie haute du mur en pierres naturelles.<\/p>\n<p>Un incident ne faisant aucun bless\u00e9 mais endommageant s\u00e9rieusement la voiture stationn\u00e9e dans la rue. Son pare-brise ainsi que les vitres lat\u00e9rales ont vol\u00e9 en \u00e9clats. Et l\u2019arri\u00e8re du v\u00e9hicule est d\u00e9truit.<\/p>\n<p>Rapidement sur les lieux, les services de la M\u00e9tropole du Grand Nancy et ceux de la Ville ont d\u00e9bit\u00e9 l\u2019arbre et nettoy\u00e9 la chauss\u00e9e, qui a \u00e9t\u00e9 rouverte \u00e0 la circulation une heure apr\u00e8s leur arriv\u00e9e.<\/p>\n","protected":false},"excerpt":{"rendered":"Sc\u00e8ne spectaculaire, ce jeudi, rue de Vand\u0153uvre, \u00e0 Villers-l\u00e8s-Nancy. L\u2019arbre d\u2019une propri\u00e9t\u00e9 est tomb\u00e9, c\u00e9dant sous la violence&hellip;\n","protected":false},"author":2,"featured_media":484594,"comment_status":"","ping_status":"","sticky":false,"template":"","format":"standard","meta":{"footnotes":""},"categories":[9635],"tags":[119,1111,11,1704,1777,674,274,1011,27,775,10262,3457,1702,12,25,10261],"class_list":{"0":"post-484593","1":"post","2":"type-post","3":"status-publish","4":"format-standard","5":"has-post-thumbnail","7":"category-nancy","8":"tag-accident","9":"tag-actu","10":"tag-actualites","11":"tag-edition-nancy-et-agglomeration","12":"tag-eu","13":"tag-europe","14":"tag-faits-divers-justice","15":"tag-fr","16":"tag-france","17":"tag-grand-est","18":"tag-metropole-du-grand-nancy-54b5","19":"tag-meurthe-et-moselle","20":"tag-nancy","21":"tag-news","22":"tag-republique-francaise","23":"tag-villers-les-nancy"},"share_on_mastodon":{"url":"https:\/\/pubeurope.com\/@fr\/115424054966031710","error":""},"_links":{"self":[{"href":"https:\/\/www.europesays.com\/fr\/wp-json\/wp\/v2\/posts\/484593","targetHints":{"allow":["GET"]}}],"collection":[{"href":"https:\/\/www.europesays.com\/fr\/wp-json\/wp\/v2\/posts"}],"about":[{"href":"https:\/\/www.europesays.com\/fr\/wp-json\/wp\/v2\/types\/post"}],"author":[{"embeddable":true,"href":"https:\/\/www.europesays.com\/fr\/wp-json\/wp\/v2\/users\/2"}],"replies":[{"embeddable":true,"href":"https:\/\/www.europesays.com\/fr\/wp-json\/wp\/v2\/comments?post=484593"}],"version-history":[{"count":0,"href":"https:\/\/www.europesays.com\/fr\/wp-json\/wp\/v2\/posts\/484593\/revisions"}],"wp:featuredmedia":[{"embeddable":true,"href":"https:\/\/www.europesays.com\/fr\/wp-json\/wp\/v2\/media\/484594"}],"wp:attachment":[{"href":"https:\/\/www.europesays.com\/fr\/wp-json\/wp\/v2\/media?parent=484593"}],"wp:term":[{"taxonomy":"category","embeddable":true,"href":"https:\/\/www.europesays.com\/fr\/wp-json\/wp\/v2\/categories?post=484593"},{"taxonomy":"post_tag","embeddable":true,"href":"https:\/\/www.europesays.com\/fr\/wp-json\/wp\/v2\/tags?post=484593"}],"curies":[{"name":"wp","href":"https:\/\/api.w.org\/{rel}","templated":true}]}}