{"id":484605,"date":"2025-10-23T15:00:14","date_gmt":"2025-10-23T15:00:14","guid":{"rendered":"https:\/\/www.europesays.com\/fr\/484605\/"},"modified":"2025-10-23T15:00:14","modified_gmt":"2025-10-23T15:00:14","slug":"vc-rouen-76-leffectif-2026-actualite","status":"publish","type":"post","link":"https:\/\/www.europesays.com\/fr\/484605\/","title":{"rendered":"VC Rouen 76 : L&rsquo;effectif 2026 &#8211; Actualit\u00e9"},"content":{"rendered":"<p style=\"text-align: justify;\">Le VC Rouen 76 aura un effectif de seize \u00e9l\u00e9ments en 2026. La Conti F\u00e9d\u00e9rale repart avec ce statut, apr\u00e8s une premi\u00e8re exp\u00e9rience r\u00e9ussie. Le club normand a domin\u00e9 la Coupe de France N1 ainsi que le Challenge DirectVelo, avec 36 succ\u00e8s durant la saison. Dans le sens des d\u00e9parts, Esteban Foucher part pour la Conti Groupama-FDJ, alors que Matthew Fox et L\u00e9andre Huck sont pressentis pour faire le bond. Du c\u00f4t\u00e9 des arriv\u00e9es, Donavan Grondin, Antoine Hue et Swann Gloux redescendent des pros.<\/p>\n<p><strong>L&rsquo;effectif 2026 du VC Rouen 76 :<\/strong><br \/>Guillaume Adam, 23 ans<br \/>Arthur Alexandre, 18 ans (Argenteuil Val de Seine Cyclisme Junior)<br \/>Mavric Beaune, 24 ans<br \/>Justin Coron, 20 ans (Moyon Percy Manche Normandie)<br \/>Sacha Coyot, 18 ans (Olympique Grande-Synthe U19 Formation)<br \/>Swann Gloux, 22 ans (Ark\u00e9a-B&amp;B H\u00f4tels Continentale)<br \/>Donavan Grondin, 25 ans (Ark\u00e9a-B&amp;B H\u00f4tels)<br \/>Rapha\u00ebl Hector, 20 ans<br \/>Antoine Hue, 21 ans (CIC U Nantes)<br \/>Jean-Louis Le Ny, 27 ans<br \/>Anatole Leboucher, 23 ans (UC Cholet 49)<br \/>Florentin Lecamus-Lambert, 26 ans<br \/>Enzo Lesueur, 18 ans (Leopards Club Junior)<br \/>Louka Lesueur, 21 ans<br \/>Cl\u00e9ment Petit, 24 ans<br \/>Ivann Ravaleu, 19 ans (VC Pays de Loud\u00e9ac)<\/p>\n<p>Les d\u00e9parts : Esteban Foucher (Groupama-FDJ Continental), Tanguy Floch Prigent (Guidon Chalettois), Matt\u00e9o Viardot (Team Bricquebec Cotentin), Mathis Baron et Max Delarue (Moyon Percy Manche Normandie), Ilan Larmet (Team Adris-La Cr\u00eape de Broc\u00e9liande-BLC), Matthew Fox, L\u00e9andre Huck.<\/p>\n","protected":false},"excerpt":{"rendered":"Le VC Rouen 76 aura un effectif de seize \u00e9l\u00e9ments en 2026. La Conti F\u00e9d\u00e9rale repart avec ce&hellip;\n","protected":false},"author":2,"featured_media":484606,"comment_status":"","ping_status":"","sticky":false,"template":"","format":"standard","meta":{"footnotes":""},"categories":[9587],"tags":[1111,11,834,828,836,829,837,827,83,826,824,823,207,814,817,815,816,822,821,1777,674,832,211,839,1011,27,820,818,819,12,5161,835,831,830,833,838,25,9590,212,208,825],"class_list":{"0":"post-484605","1":"post","2":"type-post","3":"status-publish","4":"format-standard","5":"has-post-thumbnail","7":"category-rouen","8":"tag-actu","9":"tag-actualites","10":"tag-attaque","11":"tag-belgique","12":"tag-braquet","13":"tag-bretagne","14":"tag-chute","15":"tag-competition","16":"tag-coupe-de-france","17":"tag-coureur","18":"tag-course-cyclisme","19":"tag-course-cycliste","20":"tag-cyclisme","21":"tag-direct","22":"tag-direct-velo","23":"tag-directvelo","24":"tag-directvelo-com","25":"tag-epreuve","26":"tag-epreuve-cycliste","27":"tag-eu","28":"tag-europe","29":"tag-federation-francaise-de-cyclisme","30":"tag-ffc","31":"tag-flandres","32":"tag-fr","33":"tag-france","34":"tag-live","35":"tag-live-course","36":"tag-live-epreuve","37":"tag-news","38":"tag-normandie","39":"tag-peloton","40":"tag-radio-peloton","41":"tag-radio-tour","42":"tag-ravitaillement","43":"tag-relance","44":"tag-republique-francaise","45":"tag-rouen","46":"tag-uci","47":"tag-velo","48":"tag-velos"},"share_on_mastodon":{"url":"","error":"Validation failed: Text character limit of 500 exceeded"},"_links":{"self":[{"href":"https:\/\/www.europesays.com\/fr\/wp-json\/wp\/v2\/posts\/484605","targetHints":{"allow":["GET"]}}],"collection":[{"href":"https:\/\/www.europesays.com\/fr\/wp-json\/wp\/v2\/posts"}],"about":[{"href":"https:\/\/www.europesays.com\/fr\/wp-json\/wp\/v2\/types\/post"}],"author":[{"embeddable":true,"href":"https:\/\/www.europesays.com\/fr\/wp-json\/wp\/v2\/users\/2"}],"replies":[{"embeddable":true,"href":"https:\/\/www.europesays.com\/fr\/wp-json\/wp\/v2\/comments?post=484605"}],"version-history":[{"count":0,"href":"https:\/\/www.europesays.com\/fr\/wp-json\/wp\/v2\/posts\/484605\/revisions"}],"wp:featuredmedia":[{"embeddable":true,"href":"https:\/\/www.europesays.com\/fr\/wp-json\/wp\/v2\/media\/484606"}],"wp:attachment":[{"href":"https:\/\/www.europesays.com\/fr\/wp-json\/wp\/v2\/media?parent=484605"}],"wp:term":[{"taxonomy":"category","embeddable":true,"href":"https:\/\/www.europesays.com\/fr\/wp-json\/wp\/v2\/categories?post=484605"},{"taxonomy":"post_tag","embeddable":true,"href":"https:\/\/www.europesays.com\/fr\/wp-json\/wp\/v2\/tags?post=484605"}],"curies":[{"name":"wp","href":"https:\/\/api.w.org\/{rel}","templated":true}]}}