{"id":484611,"date":"2025-10-23T15:03:10","date_gmt":"2025-10-23T15:03:10","guid":{"rendered":"https:\/\/www.europesays.com\/fr\/484611\/"},"modified":"2025-10-23T15:03:10","modified_gmt":"2025-10-23T15:03:10","slug":"largument-extremiste-ne-tient-pas-malgre-la-polemique-il-accueillera-les-banquets-du-canon-francais-dans-son-chateau-pres-de-rennes","status":"publish","type":"post","link":"https:\/\/www.europesays.com\/fr\/484611\/","title":{"rendered":"\u00ab\u00a0L\u2019argument extr\u00e9miste ne tient pas\u00a0\u00bb\u00a0: malgr\u00e9 la pol\u00e9mique, il accueillera les banquets du Canon Fran\u00e7ais dans son ch\u00e2teau pr\u00e8s de Rennes"},"content":{"rendered":"<p>Les fondateurs du Canon Fran\u00e7ais l\u2019avaient annonc\u00e9 en d\u00e9but de semaine :<a href=\"https:\/\/www.letelegramme.fr\/ille-et-vilaine\/rennes-35000\/\u00ab%20On re\u00e7oit un \u00e9lan de solidarit\u00e9 \u00bb : le Canon Fran\u00e7ais d\u00e9cid\u00e9 \u00e0 maintenir ses banquets en Bretagne malgr\u00e9 la pol\u00e9mique\" target=\"_blank\" rel=\"noopener\"> \u00ab on n\u2019annulera pas les banquets bretons \u00bb<\/a>. Suite au retrait du Ch\u00e2teau des P\u00e8res qui s\u2019\u00e9tait engag\u00e9 pour recevoir l\u2019\u00e9v\u00e8nement les 7, 8 et 9 novembre 2025, ils ont r\u00e9ussi \u00e0 convaincre Christophe de la Rousserie, propri\u00e9taire du Ch\u00e2teau de Blossac \u00e0 Goven.<\/p>\n<p>\u00ab Des extr\u00e9mistes \u00bb<\/p>\n<p>\u00ab Ils sont venus lundi, ils m\u2019ont dit qu\u2019ils recherchaient un lieu parce qu\u2019ils s\u2019\u00e9taient fait bouler \u00e0 cause d\u2019une p\u00e9tition o\u00f9 des gens affirmaient qu\u2019ils \u00e9taient extr\u00e9mistes. Soi-disant parce que dans leur repas il y a du vin rouge, du cochon et du saucisson donc \u00e7a exclut les musulmans \u00bb. Des propos qui ont interpell\u00e9 Christophe de la Rousserie qui n\u2019avait pas connaissance de la pol\u00e9mique. \u00ab Au d\u00e9but je n\u2019ai pas fait attention, c\u2019est un deal comme un autre. Je ne savais pas qu\u2019il y avait autant de buzz autour \u00bb.<\/p>\n<p>\u00ab J\u2019aurais eu du mal \u00e0 me regarder dans la glace \u00bb<\/p>\n<p>Si Christophe de la Rousserie a identifi\u00e9 \u00ab un risque potentiel \u00bb en acceptant d\u2019accueillir les banquets du Canon Fran\u00e7ais, il s\u2019est refus\u00e9 de c\u00e9der \u00e0 la pression. \u00ab J\u2019aurais eu du mal \u00e0 me regarder dans la glace si j\u2019avais refus\u00e9 pour ces raisons. L\u2019argument extr\u00e9miste ne tient pas. On ne peut pas taxer des gens d\u2019extr\u00e9mistes parce qu\u2019ils ont plaisir \u00e0 se retrouver, qu\u2019ils boivent du vin rouge et mange du saucisson. Pour moi c\u2019est intellectuellement irrecevable. \u00bb<\/p>\n<p>Le propri\u00e9taire du Ch\u00e2teau de Blossac a pr\u00e9venu ses voisins de la potentielle g\u00eane occasionn\u00e9e avec ces banquets qui vont se tenir sous des chapiteaux devant le domaine. \u00ab Tous mes voisins, sauf un qui est remont\u00e9, m\u2019ont donn\u00e9 leur accord gentiment. Je m\u2019\u00e9tais engag\u00e9 aupr\u00e8s d\u2019eux pour qu\u2019il n\u2019y ait pas de bruit. \u00bb<\/p>\n","protected":false},"excerpt":{"rendered":"Les fondateurs du Canon Fran\u00e7ais l\u2019avaient annonc\u00e9 en d\u00e9but de semaine : \u00ab on n\u2019annulera pas les banquets&hellip;\n","protected":false},"author":2,"featured_media":484612,"comment_status":"","ping_status":"","sticky":false,"template":"","format":"standard","meta":{"footnotes":""},"categories":[2821],"tags":[1111,11,829,765,1777,674,1011,27,848,12,584,25],"class_list":{"0":"post-484611","1":"post","2":"type-post","3":"status-publish","4":"format-standard","5":"has-post-thumbnail","7":"category-rennes","8":"tag-actu","9":"tag-actualites","10":"tag-bretagne","11":"tag-en-continu","12":"tag-eu","13":"tag-europe","14":"tag-fr","15":"tag-france","16":"tag-ille-et-vilaine","17":"tag-news","18":"tag-rennes","19":"tag-republique-francaise"},"share_on_mastodon":{"url":"https:\/\/pubeurope.com\/@fr\/115424094141027439","error":""},"_links":{"self":[{"href":"https:\/\/www.europesays.com\/fr\/wp-json\/wp\/v2\/posts\/484611","targetHints":{"allow":["GET"]}}],"collection":[{"href":"https:\/\/www.europesays.com\/fr\/wp-json\/wp\/v2\/posts"}],"about":[{"href":"https:\/\/www.europesays.com\/fr\/wp-json\/wp\/v2\/types\/post"}],"author":[{"embeddable":true,"href":"https:\/\/www.europesays.com\/fr\/wp-json\/wp\/v2\/users\/2"}],"replies":[{"embeddable":true,"href":"https:\/\/www.europesays.com\/fr\/wp-json\/wp\/v2\/comments?post=484611"}],"version-history":[{"count":0,"href":"https:\/\/www.europesays.com\/fr\/wp-json\/wp\/v2\/posts\/484611\/revisions"}],"wp:featuredmedia":[{"embeddable":true,"href":"https:\/\/www.europesays.com\/fr\/wp-json\/wp\/v2\/media\/484612"}],"wp:attachment":[{"href":"https:\/\/www.europesays.com\/fr\/wp-json\/wp\/v2\/media?parent=484611"}],"wp:term":[{"taxonomy":"category","embeddable":true,"href":"https:\/\/www.europesays.com\/fr\/wp-json\/wp\/v2\/categories?post=484611"},{"taxonomy":"post_tag","embeddable":true,"href":"https:\/\/www.europesays.com\/fr\/wp-json\/wp\/v2\/tags?post=484611"}],"curies":[{"name":"wp","href":"https:\/\/api.w.org\/{rel}","templated":true}]}}