{"id":484613,"date":"2025-10-23T15:04:16","date_gmt":"2025-10-23T15:04:16","guid":{"rendered":"https:\/\/www.europesays.com\/fr\/484613\/"},"modified":"2025-10-23T15:04:16","modified_gmt":"2025-10-23T15:04:16","slug":"fougeres-va-accueillir-une-partie-des-migrants-evacues-de-rennes","status":"publish","type":"post","link":"https:\/\/www.europesays.com\/fr\/484613\/","title":{"rendered":"Foug\u00e8res va accueillir une partie des migrants \u00e9vacu\u00e9s de Rennes"},"content":{"rendered":"<p>            Par<br \/>\n        <strong><br \/>\n            <a href=\"https:\/\/actu.fr\/auteur\/remi-charrondiere\" title=\"Consulter tous les articles de R\u00e9mi Charrondi\u00e8re\" target=\"_blank\" rel=\"noopener\">R\u00e9mi Charrondi\u00e8re<\/a><br \/>\n        <\/strong><\/p>\n<p>        Publi\u00e9 le<\/p>\n<p>            23 oct. 2025 \u00e0 16h13        <\/p>\n<p>Ce jeudi 23\u00a0octobre, <b>183 migrants<\/b> ont \u00e9t\u00e9 \u00e9vacu\u00e9s du parc de <b>Maurepas<\/b>, \u00e0 <a href=\"https:\/\/actu.fr\/rennes\/\" target=\"_blank\" rel=\"noopener\">Rennes<\/a> (Ille-et-Vilaine), au petit <b>matin<\/b>, <a href=\"https:\/\/actu.fr\/bretagne\/rennes_35238\/evacuation-des-migrants-du-parc-de-maurepas-a-rennes-je-suis-triste-mon-avenir-est-incertain_63339490.html\" target=\"_blank\" rel=\"noopener\">comme l\u2019ont rapport\u00e9 nos coll\u00e8gues d\u2019Actu Rennes<\/a>. Une \u00e9vacuation \u00e0 laquelle ont particip\u00e9 la <b>police<\/b>, les CRS, les services de la <b>pr\u00e9fecture <\/b>et ceux de la Ville de <b>Rennes<\/b>.<\/p>\n<p class=\" wall-content\">\u00ab\u2009Pour le moment, <b>plusieurs villes<\/b>, voire d\u00e9partements, sont \u00e9voqu\u00e9s\u00a0pour les solutions <b>d\u2019h\u00e9bergement<\/b>, comme <a href=\"https:\/\/actu.fr\/bretagne\/fougeres_35115\/\" target=\"_blank\" rel=\"noopener\">Foug\u00e8res<\/a> ou Saint-Brieuc, mais\u00a0rien n\u2019est encore <b>d\u00e9finitif<\/b>\u2009\u00bb, \u00e9voquait ce matin Fabien, <b>coordinateur<\/b> de l\u2019association <a href=\"https:\/\/utopia56.org\/\" target=\"_blank\" rel=\"noopener\">Utopia 56<\/a> \u00e0 Rennes.<\/p>\n<p>Familles et mineurs non accompagn\u00e9s<\/p>\n<p class=\" wall-content\">La <b>destination <\/b>de Foug\u00e8res semble d\u00e9sormais <b>confirm\u00e9e<\/b>, puisque la <b>municipalit\u00e9 locale <\/b>en a \u00ab\u2009bien \u00e9t\u00e9 <b>inform\u00e9e <\/b>par le Centre communal d\u2019action sociale de Rennes, en charge de la <b>r\u00e9partition <\/b>des personnes\u2009\u00bb, mais ne sait que <b>peu de choses <\/b>sur ce sujet.<\/p>\n<p class=\" wall-content\">\n<p class=\" wall-content\">\u00ab\u2009On sait qu\u2019il y a \u00e0 la fois des <b>familles <\/b>avec <b>enfants <\/b>et des <b>mineurs non accompagn\u00e9s <\/b>(MNA)\u2009\u00bb, poursuit la mairie, qui pr\u00e9cise qu\u2019elle n\u2019a pas de <b>logement disponible <\/b>\u00e0 leur proposer.<\/p>\n<p class=\" wall-content\">Du c\u00f4t\u00e9 de l\u2019association Utopia 56, on\u00a0nous confirme qu\u2019un \u00ab<b>\u2009bus de 41\u00a0personnes<\/b>\u2009\u00bb est bien parti ce matin en direction de \u00ab\u2009Foug\u00e8res, Vannes et une autre destination\u2009\u00bb.<\/p>\n<p>14 mineurs et plusieurs familles<\/p>\n<p class=\" wall-content\">Parmi ces 41\u00a0personnes, \u00ab<b>\u200914 mineurs<\/b> non accompagn\u00e9s devraient \u00eatre h\u00e9berg\u00e9s \u00e0 <b>l\u2019h\u00f4tel Campanile <\/b>de Foug\u00e8res, a priori pour <b>une semaine<\/b>, le temps de faire une <b>\u00e9valuation <\/b>sociale\u2009\u00bb, d\u00e9taille Suzanne Mamet, coordinatrice \u00e0 Utopia 56 Rennes.<\/p>\n<p class=\" wall-content\">La <b>suite <\/b>de leur parcours sera <b>d\u00e9finie <\/b>apr\u00e8s cette <b>\u00e9valuation <\/b>mais l\u2019association craint un <b>retour \u00e0 la rue<\/b> \u00e0 l\u2019issue de cette semaine.<\/p>\n<p class=\" wall-content\">En plus de ces 14 jeunes, l\u2019association confirme que \u00ab\u2009quelques <b>familles <\/b>avec enfants\u2009\u00bb doivent \u00e9galement \u00eatre <b>dirig\u00e9es <\/b>par les services de l\u2019\u00c9tat vers Foug\u00e8res, sans qu\u2019on ne <b>sache <\/b>ni leur <b>nombre <\/b>ni leur lieu <b>d\u2019h\u00e9bergement<\/b>.<\/p>\n<p>Votre r\u00e9gion, votre actu !<\/p>\n<p>Recevez chaque jour les infos qui comptent pour vous.<\/p>\n<p>\t<a href=\"https:\/\/actu.fr\/newsletter\" class=\"ac-btn ac-btn--corner ac-btn--medium ac-btn--blue800\" target=\"_blank\" rel=\"noopener\">S&rsquo;incrire<\/a><\/p>\n<p class=\" wall-content\">\u00ab\u2009Deux ou trois autres familles sont <b>\u00e9galement concern\u00e9es<\/b>, celles-ci dans le cadre du <b>dispositif d\u2019hospitalit\u00e9 <\/b>de la mairie de Rennes\u2009\u00bb, compl\u00e8te Suzanne Mamet.<\/p>\n<p class=\" wall-content\">Personnalisez votre actualit\u00e9 en ajoutant vos villes et m\u00e9dias en favori avec <a href=\"https:\/\/moncompte.actu.fr\" title=\"D\u00e9couvez Mon Actu\" rel=\"nofollow noopener\" data-trk=\"{&quot;cta&quot;:{&quot;action&quot;:&quot;https:\\\/\\\/moncompte.actu.fr&quot;,&quot;category&quot;:&quot;mon compte&quot;,&quot;from&quot;:&quot;article footer&quot;,&quot;name&quot;:&quot;Mon actu&quot;,&quot;type&quot;:&quot;cta&quot;}}\" target=\"_blank\">Mon Actu<\/a>.<\/p>\n","protected":false},"excerpt":{"rendered":"Par R\u00e9mi Charrondi\u00e8re Publi\u00e9 le 23 oct. 2025 \u00e0 16h13 Ce jeudi 23\u00a0octobre, 183 migrants ont \u00e9t\u00e9 \u00e9vacu\u00e9s&hellip;\n","protected":false},"author":2,"featured_media":484614,"comment_status":"","ping_status":"","sticky":false,"template":"","format":"standard","meta":{"footnotes":""},"categories":[2821],"tags":[1111,11,829,9439,1777,674,1011,27,1251,12,1072,584,25,104],"class_list":{"0":"post-484613","1":"post","2":"type-post","3":"status-publish","4":"format-standard","5":"has-post-thumbnail","7":"category-rennes","8":"tag-actu","9":"tag-actualites","10":"tag-bretagne","11":"tag-bretagne-nord","12":"tag-eu","13":"tag-europe","14":"tag-fr","15":"tag-france","16":"tag-migrants","17":"tag-news","18":"tag-police","19":"tag-rennes","20":"tag-republique-francaise","21":"tag-societe"},"share_on_mastodon":{"url":"https:\/\/pubeurope.com\/@fr\/115424098069215802","error":""},"_links":{"self":[{"href":"https:\/\/www.europesays.com\/fr\/wp-json\/wp\/v2\/posts\/484613","targetHints":{"allow":["GET"]}}],"collection":[{"href":"https:\/\/www.europesays.com\/fr\/wp-json\/wp\/v2\/posts"}],"about":[{"href":"https:\/\/www.europesays.com\/fr\/wp-json\/wp\/v2\/types\/post"}],"author":[{"embeddable":true,"href":"https:\/\/www.europesays.com\/fr\/wp-json\/wp\/v2\/users\/2"}],"replies":[{"embeddable":true,"href":"https:\/\/www.europesays.com\/fr\/wp-json\/wp\/v2\/comments?post=484613"}],"version-history":[{"count":0,"href":"https:\/\/www.europesays.com\/fr\/wp-json\/wp\/v2\/posts\/484613\/revisions"}],"wp:featuredmedia":[{"embeddable":true,"href":"https:\/\/www.europesays.com\/fr\/wp-json\/wp\/v2\/media\/484614"}],"wp:attachment":[{"href":"https:\/\/www.europesays.com\/fr\/wp-json\/wp\/v2\/media?parent=484613"}],"wp:term":[{"taxonomy":"category","embeddable":true,"href":"https:\/\/www.europesays.com\/fr\/wp-json\/wp\/v2\/categories?post=484613"},{"taxonomy":"post_tag","embeddable":true,"href":"https:\/\/www.europesays.com\/fr\/wp-json\/wp\/v2\/tags?post=484613"}],"curies":[{"name":"wp","href":"https:\/\/api.w.org\/{rel}","templated":true}]}}