{"id":484617,"date":"2025-10-23T15:06:15","date_gmt":"2025-10-23T15:06:15","guid":{"rendered":"https:\/\/www.europesays.com\/fr\/484617\/"},"modified":"2025-10-23T15:06:15","modified_gmt":"2025-10-23T15:06:15","slug":"strasbourg-a-14-ans-marilou-rejoint-le-combat-contre-le-cancer-en-creant-une-perruque-solidaire","status":"publish","type":"post","link":"https:\/\/www.europesays.com\/fr\/484617\/","title":{"rendered":"Strasbourg. \u00c0 14 ans, Marilou rejoint le combat contre le cancer en cr\u00e9ant une \u00ab\u00a0perruque solidaire\u00a0\u00bb"},"content":{"rendered":"<p>\u00ab\u00a0Ce qu\u2019elle fait aujourd\u2019hui, c\u2019est un cadeau pour la vie.\u00a0\u00bb C\u00e9line dit toute sa fiert\u00e9 en \u00e9voquant l\u2019objectif de sa fille Marilou\u00a0: \u00e0 14 ans, elle se lance dans la fabrication d\u2019une perruque en cheveux naturels, destin\u00e9e aux femmes atteintes de cancer ne disposant pas des moyens pour en acheter, et ce pour obtenir son brevet de fin de coll\u00e8ge en mai\u00a02026.<\/p>\n<p>\u00ab\u00a0Passionn\u00e9e de couture\u00a0\u00bb, Marilou a donc \u00e9labor\u00e9 un projet scolaire en r\u00e9sonance avec ses int\u00e9r\u00eats, mais surtout avec&#8230;<\/p>\n","protected":false},"excerpt":{"rendered":"\u00ab\u00a0Ce qu\u2019elle fait aujourd\u2019hui, c\u2019est un cadeau pour la vie.\u00a0\u00bb C\u00e9line dit toute sa fiert\u00e9 en \u00e9voquant l\u2019objectif&hellip;\n","protected":false},"author":2,"featured_media":484618,"comment_status":"","ping_status":"","sticky":false,"template":"","format":"standard","meta":{"footnotes":""},"categories":[2820],"tags":[1111,11,2880,1777,674,107,1011,27,775,12,25,71,4604,801,104,640,2879,1631],"class_list":{"0":"post-484617","1":"post","2":"type-post","3":"status-publish","4":"format-standard","5":"has-post-thumbnail","7":"category-strasbourg","8":"tag-actu","9":"tag-actualites","10":"tag-edition-strasbourg","11":"tag-eu","12":"tag-europe","13":"tag-fil-info","14":"tag-fr","15":"tag-france","16":"tag-grand-est","17":"tag-news","18":"tag-republique-francaise","19":"tag-sante","20":"tag-selection-abonne","21":"tag-social","22":"tag-societe","23":"tag-strasbourg","24":"tag-strasbourg-ville","25":"tag-vie-associative"},"share_on_mastodon":{"url":"https:\/\/pubeurope.com\/@fr\/115424106081601415","error":""},"_links":{"self":[{"href":"https:\/\/www.europesays.com\/fr\/wp-json\/wp\/v2\/posts\/484617","targetHints":{"allow":["GET"]}}],"collection":[{"href":"https:\/\/www.europesays.com\/fr\/wp-json\/wp\/v2\/posts"}],"about":[{"href":"https:\/\/www.europesays.com\/fr\/wp-json\/wp\/v2\/types\/post"}],"author":[{"embeddable":true,"href":"https:\/\/www.europesays.com\/fr\/wp-json\/wp\/v2\/users\/2"}],"replies":[{"embeddable":true,"href":"https:\/\/www.europesays.com\/fr\/wp-json\/wp\/v2\/comments?post=484617"}],"version-history":[{"count":0,"href":"https:\/\/www.europesays.com\/fr\/wp-json\/wp\/v2\/posts\/484617\/revisions"}],"wp:featuredmedia":[{"embeddable":true,"href":"https:\/\/www.europesays.com\/fr\/wp-json\/wp\/v2\/media\/484618"}],"wp:attachment":[{"href":"https:\/\/www.europesays.com\/fr\/wp-json\/wp\/v2\/media?parent=484617"}],"wp:term":[{"taxonomy":"category","embeddable":true,"href":"https:\/\/www.europesays.com\/fr\/wp-json\/wp\/v2\/categories?post=484617"},{"taxonomy":"post_tag","embeddable":true,"href":"https:\/\/www.europesays.com\/fr\/wp-json\/wp\/v2\/tags?post=484617"}],"curies":[{"name":"wp","href":"https:\/\/api.w.org\/{rel}","templated":true}]}}