{"id":484621,"date":"2025-10-23T15:08:12","date_gmt":"2025-10-23T15:08:12","guid":{"rendered":"https:\/\/www.europesays.com\/fr\/484621\/"},"modified":"2025-10-23T15:08:12","modified_gmt":"2025-10-23T15:08:12","slug":"celta-vigo-ogc-nice-streaming-voici-le-meilleur-site-pour-voir-le-match-ce-soir","status":"publish","type":"post","link":"https:\/\/www.europesays.com\/fr\/484621\/","title":{"rendered":"Celta Vigo \u2013 OGC Nice streaming : voici le meilleur site pour voir le match ce soir"},"content":{"rendered":"<p class=\"paragraph text_align_left lp-f-body-02\">Apr\u00e8s avoir subi une d\u00e9faite contre Stuttgart, le Celta Vigo s\u2019est impos\u00e9 \u00e0 domicile face au PAOK. Cette victoire permet aux co\u00e9quipiers de Pablo Duran d\u2019afficher trois points au compteur, et de prendre la treizi\u00e8me place du classement. L\u2019enjeu est fort, car le Celta Vigo n\u2019a pas disput\u00e9 la phase \u00e0 \u00e9limination directe depuis la saison 2016-2017. En face, Nice est en difficult\u00e9 avec deux d\u00e9faites \u00e0 son actif. En position d\u2019\u00e9limination, les hommes de Franck Haise doivent remporter un premier succ\u00e8s pour se rapprocher des places de barrages. D\u00e9couvrez sur quel site vous rendre pour suivre en direct et en streaming le match entre le Celta Vigo et l\u2019OGC Nice ce soir.<\/p>\n<p>Celta Vigo \u2013 OGC Nice en streaming : tout savoir pour regarder le match<\/p>\n<p class=\"paragraph text_align_left lp-f-body-02\">Le match opposant le Celta Vigo et l\u2019OGC Nice est diffus\u00e9 ce jeudi \u00e0 21h00 sur la cha\u00eene CANAL+ FOOT. <b>Pour acc\u00e9der \u00e0 la diffusion en streaming dans les meilleures conditions, rendez-vous sur le site https:\/\/www.canalplus.com\/ ou l\u2019application CANAL+. <\/b><\/p>\n<p class=\"paragraph text_align_left lp-f-body-02\"><b>Cliquez ici pour <\/b><a href=\"https:\/\/ad.doubleclick.net\/ddm\/trackclk\/N6600.145219.LEPARISIEN.FR\/B32944843.412602242;dc_trk_aid=604786702;dc_trk_cid=228480032;dc_lat=;dc_rdid=;tag_for_child_directed_treatment=;tfua=;gdpr=$%7BGDPR%7D;gdpr_consent=$%7BGDPR_CONSENT_755%7D;ltd=;dc_tdv=1\" target=\"_blank\" rel=\"sponsored noopener\"><b>voir le match en direct<\/b><\/a><\/p>\n<p class=\"paragraph text_align_left lp-f-body-02\">Si vous n\u2019\u00eates pas encore abonn\u00e9, l\u2019offre CANAL+ SPORT est actuellement propos\u00e9e \u00e0 34,99 euros par mois pendant douze mois, puis 45,99 euros par mois, avec un engagement de 24 mois. Les moins de 26 ans peuvent quant \u00e0 eux b\u00e9n\u00e9ficier de l\u2019offre RAT+ SPORT, disponible \u00e0 19,99 euros par mois, sans engagement et r\u00e9siliable \u00e0 tout moment.<\/p>\n<p class=\"paragraph text_align_left lp-f-body-02\"><b>Cliquez ici pour <\/b><a href=\"https:\/\/ad.doubleclick.net\/ddm\/trackclk\/N6600.145219.LEPARISIEN.FR\/B32944843.412602242;dc_trk_aid=604786702;dc_trk_cid=228480032;dc_lat=;dc_rdid=;tag_for_child_directed_treatment=;tfua=;gdpr=$%7BGDPR%7D;gdpr_consent=$%7BGDPR_CONSENT_755%7D;ltd=;dc_tdv=1\" target=\"_blank\" rel=\"sponsored noopener\"><b>suivre tous les match de l\u2019Europa League<\/b><\/a><\/p>\n","protected":false},"excerpt":{"rendered":"Apr\u00e8s avoir subi une d\u00e9faite contre Stuttgart, le Celta Vigo s\u2019est impos\u00e9 \u00e0 domicile face au PAOK. Cette&hellip;\n","protected":false},"author":2,"featured_media":484622,"comment_status":"","ping_status":"","sticky":false,"template":"","format":"standard","meta":{"footnotes":""},"categories":[2819],"tags":[1111,11,60784,1777,674,63,1011,27,749,12,2401,882,25,6718],"class_list":{"0":"post-484621","1":"post","2":"type-post","3":"status-publish","4":"format-standard","5":"has-post-thumbnail","7":"category-nice","8":"tag-actu","9":"tag-actualites","10":"tag-celta-vigo-ogc-nice-streaming","11":"tag-eu","12":"tag-europe","13":"tag-football","14":"tag-fr","15":"tag-france","16":"tag-guide-shopping","17":"tag-news","18":"tag-nice","19":"tag-provence-alpes-cote-dazur","20":"tag-republique-francaise","21":"tag-tv-streaming"},"share_on_mastodon":{"url":"https:\/\/pubeurope.com\/@fr\/115424113797993432","error":""},"_links":{"self":[{"href":"https:\/\/www.europesays.com\/fr\/wp-json\/wp\/v2\/posts\/484621","targetHints":{"allow":["GET"]}}],"collection":[{"href":"https:\/\/www.europesays.com\/fr\/wp-json\/wp\/v2\/posts"}],"about":[{"href":"https:\/\/www.europesays.com\/fr\/wp-json\/wp\/v2\/types\/post"}],"author":[{"embeddable":true,"href":"https:\/\/www.europesays.com\/fr\/wp-json\/wp\/v2\/users\/2"}],"replies":[{"embeddable":true,"href":"https:\/\/www.europesays.com\/fr\/wp-json\/wp\/v2\/comments?post=484621"}],"version-history":[{"count":0,"href":"https:\/\/www.europesays.com\/fr\/wp-json\/wp\/v2\/posts\/484621\/revisions"}],"wp:featuredmedia":[{"embeddable":true,"href":"https:\/\/www.europesays.com\/fr\/wp-json\/wp\/v2\/media\/484622"}],"wp:attachment":[{"href":"https:\/\/www.europesays.com\/fr\/wp-json\/wp\/v2\/media?parent=484621"}],"wp:term":[{"taxonomy":"category","embeddable":true,"href":"https:\/\/www.europesays.com\/fr\/wp-json\/wp\/v2\/categories?post=484621"},{"taxonomy":"post_tag","embeddable":true,"href":"https:\/\/www.europesays.com\/fr\/wp-json\/wp\/v2\/tags?post=484621"}],"curies":[{"name":"wp","href":"https:\/\/api.w.org\/{rel}","templated":true}]}}