{"id":484629,"date":"2025-10-23T15:12:13","date_gmt":"2025-10-23T15:12:13","guid":{"rendered":"https:\/\/www.europesays.com\/fr\/484629\/"},"modified":"2025-10-23T15:12:13","modified_gmt":"2025-10-23T15:12:13","slug":"des-dizaines-de-visas-refuses-aux-invites-africains-dont-une-elue-de-dakar","status":"publish","type":"post","link":"https:\/\/www.europesays.com\/fr\/484629\/","title":{"rendered":"Des dizaines de visas refus\u00e9s aux invit\u00e9s africains, dont une \u00e9lue de Dakar"},"content":{"rendered":"<p>A moins d\u2019une semaine du F<a href=\"https:\/\/bordeauxgsef2025.org\/\" rel=\"nofollow noopener\" target=\"_blank\" class=\"c-link c-link--is-underlined\">orum mondial de l\u2019\u00e9conomie sociale et solidaire (ESS)<\/a> organis\u00e9 du 29 au 31\u00a0octobre \u00e0 <a href=\"https:\/\/www.20minutes.fr\/bordeaux\/\" class=\"c-link c-link--is-underlined\" target=\"_blank\" rel=\"noopener\">Bordeaux<\/a>, c\u2019est l\u2019incompr\u00e9hension du c\u00f4t\u00e9 des organisateurs. Entre 80 \u00e0 100 personnes issues de d\u00e9l\u00e9gations du Togo, de C\u00f4te d\u2019Ivoire, du S\u00e9n\u00e9gal, de Guin\u00e9e et Guin\u00e9e Bissau ont eu leurs visas refus\u00e9s.<\/p>\n<p>\u00ab\u00a0Sans ces d\u00e9l\u00e9gations africaines officiellement invit\u00e9es, ce sommet \u00ab\u00a0international\u00a0\u00bb serait largement d\u00e9pouill\u00e9 de son sens, alerte <a href=\"https:\/\/www.20minutes.fr\/politique\/benoit_hamon\/\" class=\"c-link c-link--is-underlined\" target=\"_blank\" rel=\"noopener\">Beno\u00eet Hamon<\/a>, pr\u00e9sident de l\u2019ESS France, <a href=\"https:\/\/www.linkedin.com\/posts\/benoithamon_cest-un-vrai-succ%C3%A8s-le-bordeaux-gsef-2025-activity-7386100896486629376-T3Zl\/?utm_source=share&amp;utm_medium=member_desktop&amp;rcm=ACoAAAss2-UBt4bgg9-o2N2bajvZ1coix3sllMs\" rel=\"nofollow noopener\" target=\"_blank\" class=\"c-link c-link--is-underlined\">dans un post.<\/a> J\u2019ai donc saisi <a href=\"https:\/\/www.20minutes.fr\/politique\/laurent-nunez\/\" class=\"c-link c-link--is-underlined\" target=\"_blank\" rel=\"noopener\">Laurent Nu\u00f1ez<\/a>, ministre de l\u2019Int\u00e9rieur, Roland Lescure, ministre de l\u2019\u00e9conomie et plusieurs ambassades de France en Afrique subsaharienne de cette situation in\u00e9dite. Nous attendons leur d\u00e9cision.\u00a0\u00bb<\/p>\n<p>\u00ab\u00a0Une vraie incompr\u00e9hension\u00a0\u00bb<\/p>\n<p>Le maire de Bordeaux, Pierre Hurmic, a \u00e9galement \u00e9chang\u00e9 en direct avec le pr\u00e9fet de la Gironde. \u00ab\u00a0On a bon espoir qu\u2019un certain nombre de refus soit d\u00e9bloqu\u00e9s mais ce ne sera pas le cas pour tous, vu le temps imparti\u00a0\u00bb, explique St\u00e9phane Pfeiffer, adjoint au maire en charge de l\u2019\u00e9conomie sociale et solidaire. Il esp\u00e8re une issue favorable au moins pour les plus grosses cohortes, venues notamment de C\u00f4te d\u2019Ivoire et du S\u00e9n\u00e9gal.<\/p>\n<\/p>\n<p>\u00ab\u00a0On avait communiqu\u00e9 en amont aupr\u00e8s des d\u00e9l\u00e9gations car on sait que la France a une politique tr\u00e8s dure sur les visas concernant les pays du continent africain\u00a0\u00bb, ajoute l\u2019\u00e9lu. Il explique que ces refus ont cr\u00e9\u00e9 chez des acteurs africains de l\u2019ESS et des \u00e9lus \u00ab\u00a0une certaine \u00e9motion de se voir bloquer les portes pour assister \u00e0 un sommet qui va parler paix, coop\u00e9ration\u2026 Il y a une vraie incompr\u00e9hension de la part de nos interlocuteurs\u00a0\u00bb.<\/p>\n<p><a href=\"https:\/\/www.20minutes.fr\/economie\/ess\/\" class=\"c-link c-btn c-btn--primary\" target=\"_blank\" rel=\"noopener\">Toutes nos infos sur l&rsquo;ESS<\/a><\/p>\n<p>Il rel\u00e8ve des situations \u00ab\u00a0ubuesques\u00a0\u00bb avec les trois quarts d\u2019une d\u00e9l\u00e9gation comptant deux ministres de r\u00e9publique centrafricaine dont les visas sont bloqu\u00e9s, ou encore celui de l\u2019adjointe au maire de Dakar, au S\u00e9n\u00e9gal.<\/p>\n","protected":false},"excerpt":{"rendered":"A moins d\u2019une semaine du Forum mondial de l\u2019\u00e9conomie sociale et solidaire (ESS) organis\u00e9 du 29 au 31\u00a0octobre&hellip;\n","protected":false},"author":2,"featured_media":484630,"comment_status":"","ping_status":"","sticky":false,"template":"","format":"standard","meta":{"footnotes":""},"categories":[2817],"tags":[1111,47,11,879,3177,35937,1997,20323,1777,674,1011,27,2905,12,2219,1306,25,104],"class_list":{"0":"post-484629","1":"post","2":"type-post","3":"status-publish","4":"format-standard","5":"has-post-thumbnail","7":"category-bordeaux","8":"tag-actu","9":"tag-actualite","10":"tag-actualites","11":"tag-afrique","12":"tag-aquitaine","13":"tag-benoit-hamon","14":"tag-bordeaux","15":"tag-ess","16":"tag-eu","17":"tag-europe","18":"tag-fr","19":"tag-france","20":"tag-gironde","21":"tag-news","22":"tag-nouvelle-aquitaine","23":"tag-regions","24":"tag-republique-francaise","25":"tag-societe"},"share_on_mastodon":{"url":"https:\/\/pubeurope.com\/@fr\/115424129510776322","error":""},"_links":{"self":[{"href":"https:\/\/www.europesays.com\/fr\/wp-json\/wp\/v2\/posts\/484629","targetHints":{"allow":["GET"]}}],"collection":[{"href":"https:\/\/www.europesays.com\/fr\/wp-json\/wp\/v2\/posts"}],"about":[{"href":"https:\/\/www.europesays.com\/fr\/wp-json\/wp\/v2\/types\/post"}],"author":[{"embeddable":true,"href":"https:\/\/www.europesays.com\/fr\/wp-json\/wp\/v2\/users\/2"}],"replies":[{"embeddable":true,"href":"https:\/\/www.europesays.com\/fr\/wp-json\/wp\/v2\/comments?post=484629"}],"version-history":[{"count":0,"href":"https:\/\/www.europesays.com\/fr\/wp-json\/wp\/v2\/posts\/484629\/revisions"}],"wp:featuredmedia":[{"embeddable":true,"href":"https:\/\/www.europesays.com\/fr\/wp-json\/wp\/v2\/media\/484630"}],"wp:attachment":[{"href":"https:\/\/www.europesays.com\/fr\/wp-json\/wp\/v2\/media?parent=484629"}],"wp:term":[{"taxonomy":"category","embeddable":true,"href":"https:\/\/www.europesays.com\/fr\/wp-json\/wp\/v2\/categories?post=484629"},{"taxonomy":"post_tag","embeddable":true,"href":"https:\/\/www.europesays.com\/fr\/wp-json\/wp\/v2\/tags?post=484629"}],"curies":[{"name":"wp","href":"https:\/\/api.w.org\/{rel}","templated":true}]}}