{"id":484639,"date":"2025-10-23T15:17:14","date_gmt":"2025-10-23T15:17:14","guid":{"rendered":"https:\/\/www.europesays.com\/fr\/484639\/"},"modified":"2025-10-23T15:17:14","modified_gmt":"2025-10-23T15:17:14","slug":"lavenir-de-la-copropriete-degradee-maison-blanche-a-marseille-se-decide-en-ce-moment","status":"publish","type":"post","link":"https:\/\/www.europesays.com\/fr\/484639\/","title":{"rendered":"L&rsquo;avenir de la copropri\u00e9t\u00e9 d\u00e9grad\u00e9e \u00ab\u00a0Maison-Blanche\u00a0\u00bb \u00e0 Marseille se d\u00e9cide en ce moment"},"content":{"rendered":"<p>La peine des habitants de la copropri\u00e9t\u00e9 d\u00e9grad\u00e9e de Maison-Blanche (14e) augmente en m\u00eame temps que se d\u00e9gradent parties communes, sols, murs, plafonds, syst\u00e8me \u00e9lectrique&#8230; En 2019, les <a href=\"https:\/\/www.laprovence.com\/article\/papier\/5644048\/un-batiment-insalubre-touche-par-les-flammes.html\" target=\"_blank\" rel=\"noopener\">flammes avaient d\u00e9vor\u00e9<\/a> une bonne partie du b\u00e2timent, et depuis, l&rsquo;insalubrit\u00e9 des lieux y rend les <a href=\"https:\/\/www.laprovence.com\/article\/papier\/5664628\/maison-blanche-une-marche-pour-crier-leur-detresse.html\" target=\"_blank\" rel=\"noopener\">conditions de vie difficiles<\/a>. Tout, ou presque, est \u00e0 refaire pour les 220 logements de Maison-Blanche, sortis de terre en 1957.<\/p>\n<p>Apr\u00e8s un premier accord nou\u00e9 en 2017 pour acter les futures r\u00e9novations sur les b\u00e2timents et les alentours, dans lequel se sont engag\u00e9s l&rsquo;Agence nationale pour la r\u00e9novation urbaine (Anru), l&rsquo;\u00e9tablissement public Eurom\u00e9diterran\u00e9e, la M\u00e9tropole et la Ville de Marseille, l\u2019\u00c9tablissement public foncier (EPF) a men\u00e9 en 2023 un <a href=\"https:\/\/www.laprovence.com\/article\/societe\/21758125833898\/imaginer-de-nouveaux-scenarios-pour-six-coproprietes-degradees-a-marseille\" target=\"_blank\" rel=\"noopener\">diagnostic<\/a>.<\/p>\n<p>L&rsquo;EPF Paca a d\u00e9j\u00e0 rachet\u00e9 70 des logements, et la station-service attenante et les 150 autres devraient \u00eatre pr\u00e9empt\u00e9s ou acquis \u00e0 l&rsquo;amiable prochainement, dans l&rsquo;objectif de les transformer d&rsquo;ici 2034, avec le bailleur Unicil, en logements sociaux. Le temps est aujourd&rsquo;hui venu pour les locataires et les propri\u00e9taires de participer \u00e0 une concertation publique, et ce jusqu\u2019au lundi 3\u00a0novembre.<\/p>\n<p>197 appartements transform\u00e9s et 12 nouvelles constru<\/p>\n","protected":false},"excerpt":{"rendered":"La peine des habitants de la copropri\u00e9t\u00e9 d\u00e9grad\u00e9e de Maison-Blanche (14e) augmente en m\u00eame temps que se d\u00e9gradent&hellip;\n","protected":false},"author":2,"featured_media":484640,"comment_status":"","ping_status":"","sticky":false,"template":"","format":"standard","meta":{"footnotes":""},"categories":[2814],"tags":[17,1111,11,32243,24684,13479,1777,674,1011,27,28344,78,884,9862,12,882,16,25],"class_list":{"0":"post-484639","1":"post","2":"type-post","3":"status-publish","4":"format-standard","5":"has-post-thumbnail","7":"category-marseille","8":"tag-17","9":"tag-actu","10":"tag-actualites","11":"tag-copropriete","12":"tag-decide","13":"tag-degradee","14":"tag-eu","15":"tag-europe","16":"tag-fr","17":"tag-france","18":"tag-lavenir","19":"tag-maison-blanche","20":"tag-marseille","21":"tag-moment","22":"tag-news","23":"tag-provence-alpes-cote-dazur","24":"tag-region","25":"tag-republique-francaise"},"share_on_mastodon":{"url":"https:\/\/pubeurope.com\/@fr\/115424149154261208","error":""},"_links":{"self":[{"href":"https:\/\/www.europesays.com\/fr\/wp-json\/wp\/v2\/posts\/484639","targetHints":{"allow":["GET"]}}],"collection":[{"href":"https:\/\/www.europesays.com\/fr\/wp-json\/wp\/v2\/posts"}],"about":[{"href":"https:\/\/www.europesays.com\/fr\/wp-json\/wp\/v2\/types\/post"}],"author":[{"embeddable":true,"href":"https:\/\/www.europesays.com\/fr\/wp-json\/wp\/v2\/users\/2"}],"replies":[{"embeddable":true,"href":"https:\/\/www.europesays.com\/fr\/wp-json\/wp\/v2\/comments?post=484639"}],"version-history":[{"count":0,"href":"https:\/\/www.europesays.com\/fr\/wp-json\/wp\/v2\/posts\/484639\/revisions"}],"wp:featuredmedia":[{"embeddable":true,"href":"https:\/\/www.europesays.com\/fr\/wp-json\/wp\/v2\/media\/484640"}],"wp:attachment":[{"href":"https:\/\/www.europesays.com\/fr\/wp-json\/wp\/v2\/media?parent=484639"}],"wp:term":[{"taxonomy":"category","embeddable":true,"href":"https:\/\/www.europesays.com\/fr\/wp-json\/wp\/v2\/categories?post=484639"},{"taxonomy":"post_tag","embeddable":true,"href":"https:\/\/www.europesays.com\/fr\/wp-json\/wp\/v2\/tags?post=484639"}],"curies":[{"name":"wp","href":"https:\/\/api.w.org\/{rel}","templated":true}]}}