{"id":484651,"date":"2025-10-23T15:23:11","date_gmt":"2025-10-23T15:23:11","guid":{"rendered":"https:\/\/www.europesays.com\/fr\/484651\/"},"modified":"2025-10-23T15:23:11","modified_gmt":"2025-10-23T15:23:11","slug":"apres-le-vol-du-louvre-le-fabricant-du-monte-charge-fait-sa-pub","status":"publish","type":"post","link":"https:\/\/www.europesays.com\/fr\/484651\/","title":{"rendered":"apr\u00e8s le vol du Louvre, le fabricant du monte-charge fait sa pub"},"content":{"rendered":"<p>            Par<br \/>\n        <strong><br \/>\n            <a href=\"https:\/\/actu.fr\/auteur\/redaction-paris\" title=\"Consulter tous les articles de R\u00e9daction Paris\" target=\"_blank\" rel=\"noopener\">R\u00e9daction Paris<\/a><br \/>\n        <\/strong><\/p>\n<p>        Publi\u00e9 le<\/p>\n<p>            23 oct. 2025 \u00e0 17h18        <\/p>\n<p>Alors qu\u2019en France l\u2019\u00e9motion suscit\u00e9e par <a href=\"https:\/\/actu.fr\/ile-de-france\/paris_75056\/paris-un-braquage-a-eu-lieu-ce-dimanche-matin-musee-du-louvre-l-etablissement-ferme-toute-la-journee_63320743.html\" target=\"_blank\" rel=\"noopener\">le vol du Louvre<\/a> est toujours vive, le fabricant allemand du <strong>monte-charge<\/strong> utilis\u00e9 lors du cambriolage en a profit\u00e9 pour promouvoir son appareil sur les r\u00e9seaux sociaux.\u00a0<\/p>\n<p>\u00ab\u00a0Quand il faut faire vite\u00a0\u00bb<\/p>\n<p class=\" wall-content\">Lundi 20 octobre 2025, au lendemain des faits, <strong>l\u2019entreprise B\u00f6cker<\/strong> a publi\u00e9 sur son compte Instagram une photo de son monte-charge. Prise par l\u2019AFP le jour du vol, elle montre l\u2019engin d\u00e9ploy\u00e9 jusqu\u2019au premier \u00e9tage d\u2019un coin du <a href=\"https:\/\/actu.fr\/tag\/louvre\" target=\"_blank\" rel=\"noopener\">Louvre<\/a>, voie d\u2019entr\u00e9e des quatre malfaiteurs dans la galerie d\u2019Apollon.\u00a0<\/p>\n<p class=\" wall-content\"><a href=\"https:\/\/www.instagram.com\/p\/DQBr9Xdgp_D\/embed\" title=\"Ouvrir le lien sur Instagram\" target=\"_blank\" rel=\"noopener\">Visualiser le contenu sur Instagram<\/a><\/p>\n<p class=\" wall-content\">En l\u00e9gende, le message suivant : \u00ab\u00a0Quand il faut faire vite. Le B\u00f6cker Agilo peut transporter jusqu\u2019\u00e0<strong> 400 kilos de tr\u00e9sors<\/strong>, \u00e0 une vitesse de 42 m\u00e8tres par minute, gr\u00e2ce \u00e0 un moteur aussi silencieux qu\u2019un murmure.\u00a0\u00bb Une allusion \u00e9vidente au cambriolage lors duquel huit joyaux de la couronne de France, dont la valeur a \u00e9t\u00e9 estim\u00e9e \u00e0 <a href=\"https:\/\/actu.fr\/ile-de-france\/paris_75056\/cambriolage-au-musee-du-louvre-a-paris-la-somme-spectaculaire-du-vol-des-joyaux-de-la-couronne-devoilee_63332904.html\" target=\"_blank\" rel=\"noopener\">88 millions d\u2019euros<\/a>, ont \u00e9t\u00e9 d\u00e9rob\u00e9s en l\u2019espace de sept minutes.<\/p>\n<p class=\" wall-content\"><a href=\"https:\/\/actu.fr\/ile-de-france\/paris_75056\/laure-beccuau-devient-la-premiere-femme-procureure-de-la-republique-de-paris_45754643.html\" target=\"_blank\" rel=\"noopener\">Laure Beccuau<\/a>, procureure de la R\u00e9publique de Paris, a par ailleurs relev\u00e9 que ce v\u00e9hicule nacelle a \u00e9t\u00e9 obtenu par les voleurs via \u00ab\u2009une <strong>pseudo-location<\/strong> sur un pr\u00e9tendu d\u00e9m\u00e9nagement\u2009\u00bb. \u00ab\u2009Lorsque l\u2019un des employ\u00e9s de cette entreprise se pr\u00e9sentait sur les lieux du d\u00e9m\u00e9nagement, il s\u2019est trouv\u00e9 confront\u00e9 \u00e0 deux hommes mena\u00e7ants mais qui n\u2019ont us\u00e9 \u00e0 son encontre d\u2019aucune violence\u2009\u00bb, a-t-elle ajout\u00e9, \u00e9voquant un d\u00e9p\u00f4t de plainte.<\/p>\n<p class=\" wall-content\">Pour l\u2019heure, les suspects n\u2019ont <strong>pas \u00e9t\u00e9 interpell\u00e9s<\/strong>.\u00a0<\/p>\n<p class=\" wall-content\">Avec AFP.<\/p>\n<p class=\" wall-content\">Personnalisez votre actualit\u00e9 en ajoutant vos villes et m\u00e9dias en favori avec <a href=\"https:\/\/moncompte.actu.fr\" title=\"D\u00e9couvez Mon Actu\" rel=\"nofollow noopener\" data-trk=\"{&quot;cta&quot;:{&quot;action&quot;:&quot;https:\\\/\\\/moncompte.actu.fr&quot;,&quot;category&quot;:&quot;mon compte&quot;,&quot;from&quot;:&quot;article footer&quot;,&quot;name&quot;:&quot;Mon actu&quot;,&quot;type&quot;:&quot;cta&quot;}}\" target=\"_blank\">Mon Actu<\/a>.<\/p>\n<p>                    <script async src=\"\/\/www.instagram.com\/embed.js\"><\/script><\/p>\n","protected":false},"excerpt":{"rendered":"Par R\u00e9daction Paris Publi\u00e9 le 23 oct. 2025 \u00e0 17h18 Alors qu\u2019en France l\u2019\u00e9motion suscit\u00e9e par le vol&hellip;\n","protected":false},"author":2,"featured_media":484652,"comment_status":"","ping_status":"","sticky":false,"template":"","format":"standard","meta":{"footnotes":""},"categories":[1888],"tags":[1111,1928,11,1927,1174,1777,674,1011,27,11274,3094,12,1926,626,1925,25,104],"class_list":{"0":"post-484651","1":"post","2":"type-post","3":"status-publish","4":"format-standard","5":"has-post-thumbnail","7":"category-paris","8":"tag-actu","9":"tag-actu-paris","10":"tag-actualites","11":"tag-actualites-paris","12":"tag-cambriolage","13":"tag-eu","14":"tag-europe","15":"tag-fr","16":"tag-france","17":"tag-louvre","18":"tag-musee-du-louvre","19":"tag-news","20":"tag-news-paris","21":"tag-paris","22":"tag-paris-news","23":"tag-republique-francaise","24":"tag-societe"},"share_on_mastodon":{"url":"https:\/\/pubeurope.com\/@fr\/115424172823450653","error":""},"_links":{"self":[{"href":"https:\/\/www.europesays.com\/fr\/wp-json\/wp\/v2\/posts\/484651","targetHints":{"allow":["GET"]}}],"collection":[{"href":"https:\/\/www.europesays.com\/fr\/wp-json\/wp\/v2\/posts"}],"about":[{"href":"https:\/\/www.europesays.com\/fr\/wp-json\/wp\/v2\/types\/post"}],"author":[{"embeddable":true,"href":"https:\/\/www.europesays.com\/fr\/wp-json\/wp\/v2\/users\/2"}],"replies":[{"embeddable":true,"href":"https:\/\/www.europesays.com\/fr\/wp-json\/wp\/v2\/comments?post=484651"}],"version-history":[{"count":0,"href":"https:\/\/www.europesays.com\/fr\/wp-json\/wp\/v2\/posts\/484651\/revisions"}],"wp:featuredmedia":[{"embeddable":true,"href":"https:\/\/www.europesays.com\/fr\/wp-json\/wp\/v2\/media\/484652"}],"wp:attachment":[{"href":"https:\/\/www.europesays.com\/fr\/wp-json\/wp\/v2\/media?parent=484651"}],"wp:term":[{"taxonomy":"category","embeddable":true,"href":"https:\/\/www.europesays.com\/fr\/wp-json\/wp\/v2\/categories?post=484651"},{"taxonomy":"post_tag","embeddable":true,"href":"https:\/\/www.europesays.com\/fr\/wp-json\/wp\/v2\/tags?post=484651"}],"curies":[{"name":"wp","href":"https:\/\/api.w.org\/{rel}","templated":true}]}}