{"id":484655,"date":"2025-10-23T15:25:45","date_gmt":"2025-10-23T15:25:45","guid":{"rendered":"https:\/\/www.europesays.com\/fr\/484655\/"},"modified":"2025-10-23T15:25:45","modified_gmt":"2025-10-23T15:25:45","slug":"quinte-quinte-du-vendredi-24-octobre-a-vincennes-isyboy-de-cinglais-retrouve-jmb","status":"publish","type":"post","link":"https:\/\/www.europesays.com\/fr\/484655\/","title":{"rendered":"Quint\u00e9+: Quint\u00e9+ du vendredi 24 octobre \u00e0 Vincennes : Isyboy de Cinglais retrouve JMB"},"content":{"rendered":"<p><strong>Les partants du Quint\u00e9+ de ce vendredi 24 octobre<\/strong><strong style=\"float: left;margin-left: 2%;\">PRIX ORIONIS<\/strong><strong style=\"float: right;margin-right: 2%;\">VENDREDI 24 OCTOBRE<\/strong><br \/>PARIS-VINCENNES &#8211; 2850 METRES &#8211; \u00a0<img decoding=\"async\" alt=\"picto_attele\" class=\"img2\" src=\"https:\/\/static.equidia.fr\/equidia\/discipline\/attele.svg\"\/>D\u00c9PART : 20H15<strong>Les forces en pr\u00e9sence<\/strong><\/p>\n<p style=\"text-align: justify;\">Seulement devanc\u00e9 par l&rsquo;excellent Insight Spoken sur ce parcours, le 20 ao\u00fbt, <a href=\"https:\/\/www.equidia.fr\/chevaux\/isyboy-de-cinglais?horse_uuid=a7d30f8d-e20b-4969-9b73-e730d6ce9f9a\" target=\"_blank\" rel=\"noopener\">ISYBOY DE CINGLAIS (10)<\/a> vient de peaufiner sa condition physique \u00e0 Cordemais en vue de ce Quint\u00e9+. Il forme un redoutable duo avec Jean-Michel Bazire et \u00e9voluera dans une configuration de ferrure qu&rsquo;il appr\u00e9cie. Sauf incident, il ne sera pas loin de la v\u00e9rit\u00e9. L&rsquo;opposition sera conduite par <a href=\"https:\/\/www.equidia.fr\/chevaux\/inherit-1?horse_uuid=925f7fc5-05d3-4e0a-a974-63e073f6d0ea\" target=\"_blank\" rel=\"noopener\">INHERIT (8)<\/a>, \u00e0 cr\u00e9diter d&rsquo;une excellente fin de course en dernier lieu, <a href=\"https:\/\/www.equidia.fr\/chevaux\/horus-de-val?horse_uuid=0d5649a1-518d-4e2b-9c5c-df910394d28b\" target=\"_blank\" rel=\"noopener\">HORUS DE VAL (5)<\/a>, revenu au mieux apr\u00e8s un passage \u00e0 vide, et <a href=\"https:\/\/www.equidia.fr\/chevaux\/incisif-vauceen?horse_uuid=125fead5-44c5-4dc8-a508-f4308bf44673\" target=\"_blank\" rel=\"noopener\">INCISIF VAUCEEN (1)<\/a>, titulaire de deux succ\u00e8s en trois associations avec Benjamin Rochard. <a href=\"https:\/\/www.equidia.fr\/chevaux\/ileo-pierji?horse_uuid=814ea8ae-de2a-4c18-9325-6b986e4bfda0\" target=\"_blank\" rel=\"noopener\">ILEO PIERJI (15)<\/a> a fourni une tr\u00e8s belle fin de course \u00e0 Cordemais pour d\u00e9crocher la palme et retrouve le temple du trot avec de l\u00e9gitimes ambitions, d&rsquo;autant qu&rsquo;il est id\u00e9alement situ\u00e9 non loin du plafond des gains. Dur \u00e0 l&rsquo;effort, <a href=\"https:\/\/www.equidia.fr\/chevaux\/igrisoni?horse_uuid=12ed2f03-0311-4138-8c08-ee5f27362e58\" target=\"_blank\" rel=\"noopener\">IGRISONI (9)<\/a> \u00e9volue en plein dans sa cat\u00e9gorie et constitue un choix incontournable pour les places. <a href=\"https:\/\/www.equidia.fr\/chevaux\/instructor?horse_uuid=bc2473ae-115c-4f69-8daf-e129ebe9b6c0\" target=\"_blank\" rel=\"noopener\">INSTRUCTOR (12)<\/a> et <a href=\"https:\/\/www.equidia.fr\/chevaux\/indigo-pierji?horse_uuid=72dc04ee-e36f-4b5d-9e33-72a1bc8168a9\" target=\"_blank\" rel=\"noopener\">INDIGO PIERJI (14)<\/a> ne sont pas de tous les jours et ont besoin d&rsquo;un parcours sur mesure pour donner leur pleine mesure, mais ils restent capables de compl\u00e9ter la combinaison gagnante du Quint\u00e9+.<\/p>\n<p><strong>Le prono de Micka\u00ebl AFRIAT<\/strong><\/p>\n<tr cellpadding=\"0\" cellspacing=\"10\" class=\"row5\" style=\"text-align: left; background-color: #FFFFFF; font-size: 130%;\">\n<td style=\"text-align: center;\">10<\/td>\n<td style=\"text-align: center;\">8<\/td>\n<td style=\"text-align: center;\">5<\/td>\n<td style=\"text-align: center;\">1<\/td>\n<td style=\"text-align: center;\">15<\/td>\n<td style=\"text-align: center;\">9<\/td>\n<td style=\"text-align: center;\">12<\/td>\n<td style=\"text-align: center;\">14<\/td>\n<\/tr>\n<tr class=\"row6\" style=\"text-align: center; background-color: #FFFFFF; column-width: 6rem;\">\n<td class=\"col10\"><img decoding=\"async\" alt=\"casaque_ISYBOY DE CINGLAIS\" class=\"cas\" src=\"https:\/\/www.europesays.com\/fr\/wp-content\/uploads\/2025\/10\/20251024-r1c4p10-png.png\" style=\" width: 70%;\"\/><\/p>\n<p class=\"col10\" style=\"font-size: x-small; line-height: 11px;;\">ISYBOY DE CINGLAIS<\/p>\n<\/td>\n<td class=\"col8\"><img decoding=\"async\" alt=\"casaque_INHERIT\" class=\"cas\" src=\"https:\/\/www.europesays.com\/fr\/wp-content\/uploads\/2025\/10\/20251024-r1c4p8-png.png\" style=\" width: 70%;\"\/><\/p>\n<p class=\"col10\" style=\"font-size: x-small; line-height: 11px;;\">INHERIT<\/p>\n<\/td>\n<td class=\"col5\"><img decoding=\"async\" alt=\"casaque_HORUS DE VAL\" class=\"cas\" src=\"https:\/\/www.europesays.com\/fr\/wp-content\/uploads\/2025\/10\/20251024-r1c4p5-png.png\" style=\" width: 70%;\"\/><\/p>\n<p class=\"col10\" style=\"font-size: x-small; line-height: 11px;;\">HORUS DE VAL<\/p>\n<\/td>\n<td class=\"col1\"><img decoding=\"async\" alt=\"casaque_INCISIF VAUCEEN\" class=\"cas\" src=\"https:\/\/www.europesays.com\/fr\/wp-content\/uploads\/2025\/10\/20251024-r1c4p1-png.png\" style=\" width: 70%;\"\/><\/p>\n<p class=\"col10\" style=\"font-size: x-small; line-height: 11px;;\">INCISIF VAUCEEN<\/p>\n<\/td>\n<td class=\"col15\"><img decoding=\"async\" alt=\"casaque_ILEO PIERJI\" class=\"cas\" src=\"https:\/\/www.europesays.com\/fr\/wp-content\/uploads\/2025\/10\/20251024-r1c4p15-png.png\" style=\" width: 70%;\"\/><\/p>\n<p class=\"col10\" style=\"font-size: x-small; line-height: 11px;;\">ILEO PIERJI<\/p>\n<\/td>\n<td class=\"col9\"><img decoding=\"async\" alt=\"casaque_IGRISONI\" class=\"cas\" src=\"https:\/\/www.europesays.com\/fr\/wp-content\/uploads\/2025\/10\/20251024-r1c4p9-png.png\" style=\" width: 70%;\"\/><\/p>\n<p class=\"col10\" style=\"font-size: x-small; line-height: 11px;;\">IGRISONI<\/p>\n<\/td>\n<td class=\"col12\"><img decoding=\"async\" alt=\"casaque_INSTRUCTOR\" class=\"cas\" src=\"https:\/\/www.europesays.com\/fr\/wp-content\/uploads\/2025\/10\/20251024-r1c4p12-png.png\" style=\" width: 70%;\"\/><\/p>\n<p class=\"col10\" style=\"font-size: x-small; line-height: 11px;;\">INSTRUCTOR<\/p>\n<\/td>\n<td class=\"col14\"><img decoding=\"async\" alt=\"casaque_INDIGO PIERJI\" class=\"cas\" src=\"https:\/\/www.europesays.com\/fr\/wp-content\/uploads\/2025\/10\/20251024-r1c4p14-png.png\" style=\" width: 70%;\"\/><\/p>\n<p class=\"col10\" style=\"font-size: x-small; line-height: 11px;;\">INDIGO PIERJI<\/p>\n<\/td>\n<\/tr>\n<p><a href=\"https:\/\/servedby.revive-adserver.net\/ck.php?n=a3265498&amp;cb=1234\" target=\"_blank\" rel=\"noopener\"><img decoding=\"async\" alt=\"\" border=\"0\" src=\"https:\/\/www.europesays.com\/fr\/wp-content\/uploads\/2025\/10\/1761233130_282_avw\"\/><\/a><\/p>\n<p><strong>Les partants en d\u00e9tail (par M. AFRIAT) et l&rsquo;avis des pros (par M. BRIDAULT)<\/strong><\/p>\n<p id=\"ch_INCISIF VAUCEEN\" style=\"margin-bottom: 1%;\"><a href=\"https:\/\/www.equidia.fr\/chevaux\/incisif-vauceen?horse_uuid=125fead5-44c5-4dc8-a508-f4308bf44673\" target=\"_blank\" rel=\"noopener\">1 &#8211; \u00a0<img decoding=\"async\" alt=\"casaque_INCISIF VAUCEEN\" src=\"https:\/\/www.europesays.com\/fr\/wp-content\/uploads\/2025\/10\/1761233130_168_20251024-r1c4p1-png.png\" style=\"width: 4.5%; margin :0; vertical-align : middle;\"\/>\u00a0\u00a0INCISIF VAUCEEN<\/a><\/p>\n<p style=\"text-align: justify;\">Fautif le 16 ao\u00fbt sur la grande piste de Vincennes alors qu&rsquo;il s&rsquo;annon\u00e7ait mena\u00e7ant, il a ensuite repris confiance en province, avec ses fers. Il d\u00e9couvre un engagement favorable et sera cette fois plaqu\u00e9 aux quatre pieds. Titulaire de deux succ\u00e8s en trois associations avec Benjamin Rochard, il m\u00e9rite un large cr\u00e9dit.<\/p>\n<p><strong>Daniel Marcel Olivier, entra\u00eeneur : <\/strong><\/p>\n<p style=\"text-align: justify;\">\u00ab Incisif Vauc\u00e9en (1) vient de tr\u00e8s bien courir \u00e0 Saint-Malo. Il est peut-\u00eatre meilleur corde \u00e0 droite mais a d\u00e9j\u00e0 r\u00e9ussi \u00e0 gauche. Il faut rester prudent \u00e0 la volte et dans les tournants. Il est en forme et sera plaqu\u00e9 des quatre pieds. Benjamin Rochard le conna\u00eet bien. Certes, il n&rsquo;a pas encore brill\u00e9 \u00e0 Vincennes, mais il n&rsquo;a pas toujours \u00e9t\u00e9 chanceux. J&rsquo;en esp\u00e8re un bon comportement. \u00bb<\/p>\n<p id=\"ch_HAPAX\" style=\"margin-bottom: 1%;\"><a href=\"https:\/\/www.equidia.fr\/chevaux\/hapax?horse_uuid=7431a3dc-5101-466a-9613-01c439503078\" target=\"_blank\" rel=\"noopener\">2 &#8211; \u00a0<img decoding=\"async\" alt=\"casaque_HAPAX\" src=\"https:\/\/www.europesays.com\/fr\/wp-content\/uploads\/2025\/10\/20251024-r1c4p2-png.png\" style=\"width: 4.5%; margin :0; vertical-align : middle;\"\/>\u00a0\u00a0HAPAX<\/a><\/p>\n<p style=\"text-align: justify;\">Ce bon sprinteur a montr\u00e9 sa forme dans le Sud-Est, dans des lots corrects, et se pr\u00e9sentera dans une configuration de ferrure qui lui pla\u00eet. N\u00e9anmoins, il effectuera ses grands d\u00e9buts \u00e0 Vincennes et devra affronter les 7 ans. Plus \u00e0 l&rsquo;aise \u00e0 main droite, il sera surtout envisag\u00e9 en cas de d\u00e9faillances.<\/p>\n<p><strong>Pierre Callier, entra\u00eeneur : <\/strong><\/p>\n<p style=\"text-align: justify;\">\u00ab Hapax (2) revient bien apr\u00e8s avoir mis du temps \u00e0 retrouver son meilleur niveau. Faute d&rsquo;engagement chez nous, on se laisse tenter par cette course o\u00f9 il est bien engag\u00e9 en t\u00eate. Ce sera sa premi\u00e8re fois \u00e0 Vincennes. C&rsquo;est un cheval pratique, qui s&rsquo;adapte \u00e0 tous les parcours. Je pense que la victoire est difficile \u00e0 envisager, mais une place est possible s&rsquo;il b\u00e9n\u00e9ficie d&rsquo;un bon parcours. \u00bb<\/p>\n<p id=\"ch_HUMOUR D'HAUFOR\" style=\"margin-bottom: 1%;\"><a href=\"https:\/\/www.equidia.fr\/chevaux\/humour-dhaufor?horse_uuid=109247f6-00b1-427b-b6bf-e44eebf559d3\" target=\"_blank\" rel=\"noopener\">3 &#8211; \u00a0<img decoding=\"async\" alt=\"casaque_HUMOUR D'HAUFOR\" src=\"https:\/\/www.europesays.com\/fr\/wp-content\/uploads\/2025\/10\/20251024-r1c4p3-png.png\" style=\"width: 4.5%; margin :0; vertical-align : middle;\"\/>\u00a0\u00a0HUMOUR D&rsquo;HAUFOR<\/a><\/p>\n<p style=\"text-align: justify;\">Cet \u00e9l\u00e8ve de Christian Bigeon a bien du mal \u00e0 recouvrer ses sensations apr\u00e8s son break entre le 21 mars et le 17 juillet. Ses meilleures tentatives l&rsquo;autorisent \u00e0 \u00e9mettre des ambitions pour la quatri\u00e8me ou cinqui\u00e8me place, mais sa forme est si douteuse qu&rsquo;il ne peut \u00eatre recommand\u00e9.<\/p>\n<p><strong>Christian Bigeon, entra\u00eeneur : <\/strong><\/p>\n<p style=\"text-align: justify;\">\u00ab Humour d&rsquo;Haufor (3) monte en puissance au fil des courses, apr\u00e8s avoir b\u00e9n\u00e9fici\u00e9 d&rsquo;un break. Il est bien engag\u00e9 en t\u00eate et alterne les deux sp\u00e9cialit\u00e9s. Il est barr\u00e9 pour la victoire, mais une place en bout de combinaison reste possible. \u00bb<\/p>\n<p id=\"ch_INTELLO D'ERABLE\" style=\"margin-bottom: 1%;\"><a href=\"https:\/\/www.equidia.fr\/chevaux\/intello-derable?horse_uuid=12c6258e-a0c3-4393-aa00-b67ed578a579\" target=\"_blank\" rel=\"noopener\">4 &#8211; \u00a0<img decoding=\"async\" alt=\"casaque_INTELLO D'ERABLE\" src=\"https:\/\/www.europesays.com\/fr\/wp-content\/uploads\/2025\/10\/20251024-r1c4p4-png.png\" style=\"width: 4.5%; margin :0; vertical-align : middle;\"\/>\u00a0\u00a0INTELLO D&rsquo;ERABLE<\/a><\/p>\n<p style=\"text-align: justify;\">Ce sujet dur \u00e0 l&rsquo;effort, tr\u00e8s performant lorsqu&rsquo;il peut animer les d\u00e9bats, n&rsquo;a pu convaincre lors de sa rentr\u00e9e \u00e0 Caen, le 11 octobre (10e). Il est bien engag\u00e9 et sera associ\u00e9 \u00e0 Yoann Lebourgeois, mais il a glan\u00e9 ses meilleurs titres corde \u00e0 droite. Seulement plaqu\u00e9 aux ant\u00e9rieurs, il viendra seulement dans un second choix.<\/p>\n<p><strong>Willy Michel, entra\u00eeneur : <\/strong><\/p>\n<p style=\"text-align: justify;\">\u00ab Intello d&rsquo;Erable (4) n&rsquo;est pas facile \u00e0 saisir, m\u00eame pour nous. Il a des capacit\u00e9s mais n&rsquo;est pas tr\u00e8s r\u00e9gulier. Il faut que cela se passe bien et qu&rsquo;il ait envie de se battre. Il est bien au travail et trouve un engagement favorable. Il aime bien dominer, mais pas dans le premier tiers du parcours. Il est souple et en forme. Je ne serais pas \u00e9tonn\u00e9 de le voir se placer. \u00bb<\/p>\n<p id=\"ch_HORUS DE VAL\" style=\"margin-bottom: 1%;\"><a href=\"https:\/\/www.equidia.fr\/chevaux\/horus-de-val?horse_uuid=0d5649a1-518d-4e2b-9c5c-df910394d28b\" target=\"_blank\" rel=\"noopener\">5 &#8211; \u00a0<img decoding=\"async\" alt=\"casaque_HORUS DE VAL\" src=\"https:\/\/www.europesays.com\/fr\/wp-content\/uploads\/2025\/10\/1761233133_560_20251024-r1c4p5-png.png\" style=\"width: 4.5%; margin :0; vertical-align : middle;\"\/>\u00a0\u00a0HORUS DE VAL<\/a><\/p>\n<p style=\"text-align: justify;\">Apr\u00e8s un passage \u00e0 vide, ce repr\u00e9sentant d&rsquo;\u00c9ric Lambertz a d\u00e9sormais retrouv\u00e9 la pl\u00e9nitude de ses moyens, en atteste son dernier succ\u00e8s angevin acquis dans une excellente r\u00e9duction kilom\u00e9trique. Capable d&rsquo;adopter toutes les tactiques, il m\u00e9rite un large cr\u00e9dit pour ses d\u00e9buts \u00e0 Vincennes.<\/p>\n<p><strong>L&rsquo;avis du reporter : <\/strong><\/p>\n<p style=\"text-align: justify;\">\u00ab Horus de Val (5) d\u00e9bute dans le temple du trot mais a fait belle impression lors de ses deux derni\u00e8res sorties provinciales. Il poss\u00e8de beaucoup de tenue, ce qui devrait l&rsquo;aider \u00e0 s&rsquo;adapter \u00e0 la grande piste. Bien plac\u00e9 en t\u00eate, il devrait mener la vie dure \u00e0 ses rivaux. \u00bb<\/p>\n<p id=\"ch_HENRIQUE\" style=\"margin-bottom: 1%;\"><a href=\"https:\/\/www.equidia.fr\/chevaux\/henrique?horse_uuid=54a244fa-2fbc-41b2-a4a4-3fe554f93196\" target=\"_blank\" rel=\"noopener\">6 &#8211; \u00a0<img decoding=\"async\" alt=\"casaque_HENRIQUE\" src=\"https:\/\/www.europesays.com\/fr\/wp-content\/uploads\/2025\/10\/20251024-r1c4p6-png.png\" style=\"width: 4.5%; margin :0; vertical-align : middle;\"\/>\u00a0\u00a0HENRIQUE<\/a><\/p>\n<p style=\"text-align: justify;\">En dernier lieu, ce bon finisseur a \u00e9t\u00e9 sanctionn\u00e9 pour ses allures alors qu&rsquo;il avait pass\u00e9 le poteau en troisi\u00e8me position. Cette sanction lui permet d&rsquo;\u00eatre id\u00e9alement engag\u00e9 dans ce rendez-vous, o\u00f9 il sera associ\u00e9 \u00e0 Mathieu Mottier. Les 7 ans lui sont th\u00e9oriquement sup\u00e9rieurs, mais une place reste envisageable.<\/p>\n<p><strong>Lilian Durantet, entra\u00eeneur : <\/strong><\/p>\n<p style=\"text-align: justify;\">\u00ab Henrique (6) aurait gagn\u00e9 facilement derni\u00e8rement d&rsquo;apr\u00e8s son driver, mais il \u00e9tait d\u00e9ferr\u00e9 des quatre pieds sur une piste ferme et il manquait de souplesse pour finir, ce qui explique sa disqualification apr\u00e8s enqu\u00eate. C&rsquo;est pour cela qu&rsquo;il ne sera d\u00e9ferr\u00e9 que des ant\u00e9rieurs cette fois. Il est mont\u00e9 sur cette course et je le trouve encore mieux qu&rsquo;avant Marseille. Bien engag\u00e9, pratique et en forme, il reste capable de tout dans le parcours. On compte sur lui pour au moins terminer dans le Quint\u00e9+. \u00bb<\/p>\n<p id=\"ch_ILLICO DE BOUTEAU\" style=\"margin-bottom: 1%;\"><a href=\"https:\/\/www.equidia.fr\/chevaux\/illico-de-bouteau?horse_uuid=2e384222-7755-4d92-a954-79bcae90d882\" target=\"_blank\" rel=\"noopener\">7 &#8211; \u00a0<img decoding=\"async\" alt=\"casaque_ILLICO DE BOUTEAU\" src=\"https:\/\/www.europesays.com\/fr\/wp-content\/uploads\/2025\/10\/20251024-r1c4p7-png.png\" style=\"width: 4.5%; margin :0; vertical-align : middle;\"\/>\u00a0\u00a0ILLICO DE BOUTEAU<\/a><\/p>\n<p style=\"text-align: justify;\">En 28 courses \u00e0 l&rsquo;attel\u00e9 sur l&rsquo;hippodrome de Vincennes, il n&rsquo;a jamais r\u00e9ussi \u00e0 se hisser sur le podium. Il est en pleine forme et d\u00e9couvre un bon engagement aux gains, mais les principaux favoris lui sont th\u00e9oriquement sup\u00e9rieurs. Ses ambitions se limiteront aux plus petites allocations.<\/p>\n<p><strong>Martial Dupuis, entra\u00eeneur : <\/strong><\/p>\n<p style=\"text-align: justify;\">\u00ab \u00c0 Lyon-Parilly, cela s&rsquo;est mal pass\u00e9 au d\u00e9part pour Illico de Bouteau (7), puis il est venu vite en t\u00eate et a un peu manqu\u00e9 pour finir. Il aime aller de l&rsquo;avant, mais \u00e0 Vincennes, on va essayer de rester derri\u00e8re jusqu&rsquo;\u00e0 l&rsquo;amorce du dernier kilom\u00e8tre. Le d\u00e9part reste un point faible, mais il semble s&rsquo;assagir de ce c\u00f4t\u00e9-l\u00e0. Il est au top. Il va faire sa course, mais il y a de l&rsquo;opposition au second \u00e9chelon. \u00bb<\/p>\n<p id=\"ch_INHERIT\" style=\"margin-bottom: 1%;\"><a href=\"https:\/\/www.equidia.fr\/chevaux\/inherit-1?horse_uuid=925f7fc5-05d3-4e0a-a974-63e073f6d0ea\" target=\"_blank\" rel=\"noopener\">8 &#8211; \u00a0<img decoding=\"async\" alt=\"casaque_INHERIT\" src=\"https:\/\/www.europesays.com\/fr\/wp-content\/uploads\/2025\/10\/1761233135_971_20251024-r1c4p8-png.png\" style=\"width: 4.5%; margin :0; vertical-align : middle;\"\/>\u00a0\u00a0INHERIT<\/a><\/p>\n<p style=\"text-align: justify;\">En dernier lieu \u00e0 Enghien, il a jou\u00e9 de malchance avant de fournir un probant effort final (5e). Cette sortie montre qu&rsquo;il est capable de s&rsquo;illustrer lorsqu&rsquo;il est plaqu\u00e9 des quatre pieds. Il n&rsquo;a jamais d\u00e9\u00e7u sur ce parcours (un succ\u00e8s et trois places) et s&rsquo;annonce redoutable.<\/p>\n<p><strong>Guillaume Beaufils, entra\u00eeneur : <\/strong><\/p>\n<p style=\"text-align: justify;\">\u00ab Inherit (8) manque de chance en ce moment. Il \u00e9tait loin \u00e0 Enghien \u00e0 cause de son num\u00e9ro derri\u00e8re l&rsquo;autostart, mais sa course est bonne. Certes, il doit rendre la distance, mais il est comp\u00e9titif s&rsquo;il b\u00e9n\u00e9ficie d&rsquo;un bon parcours. Il me donne pleinement satisfaction au travail. Je compte sur lui. \u00bb<\/p>\n<p id=\"ch_IGRISONI\" style=\"margin-bottom: 1%;\"><a href=\"https:\/\/www.equidia.fr\/chevaux\/igrisoni?horse_uuid=12ed2f03-0311-4138-8c08-ee5f27362e58\" target=\"_blank\" rel=\"noopener\">9 &#8211; \u00a0<img decoding=\"async\" alt=\"casaque_IGRISONI\" src=\"https:\/\/www.europesays.com\/fr\/wp-content\/uploads\/2025\/10\/1761233136_560_20251024-r1c4p9-png.png\" style=\"width: 4.5%; margin :0; vertical-align : middle;\"\/>\u00a0\u00a0IGRISONI<\/a><\/p>\n<p style=\"text-align: justify;\">Ce cheval tenace est performant lorsqu&rsquo;il est plaqu\u00e9 aux ant\u00e9rieurs (deux victoires et huit places en quatorze courses) et a montr\u00e9 sa forme en province. Il fait partie des plus jeunes et a d\u00e9j\u00e0 glan\u00e9 un podium sur la grande piste de Vincennes. Tout est r\u00e9uni pour qu&rsquo;il termine dans les cinq premiers.<\/p>\n<p><strong>L&rsquo;avis du reporter : <\/strong><\/p>\n<p style=\"text-align: justify;\">\u00ab Apr\u00e8s trois succ\u00e8s en province, Igrisoni (9) a confirm\u00e9 ses bonnes dispositions ces derniers temps. Il est performant lorsqu&rsquo;il \u00e9volue plaqu\u00e9 aux ant\u00e9rieurs et retrouve un parcours qu&rsquo;il appr\u00e9cie. A l&rsquo;issue d&rsquo;un bon parcours, il devrait lutter pour les accessits. \u00bb<\/p>\n<p id=\"ch_ISYBOY DE CINGLAIS\" style=\"margin-bottom: 1%;\"><a href=\"https:\/\/www.equidia.fr\/chevaux\/isyboy-de-cinglais?horse_uuid=a7d30f8d-e20b-4969-9b73-e730d6ce9f9a\" target=\"_blank\" rel=\"noopener\">10 &#8211; \u00a0<img decoding=\"async\" alt=\"casaque_ISYBOY DE CINGLAIS\" src=\"https:\/\/www.europesays.com\/fr\/wp-content\/uploads\/2025\/10\/1761233136_562_20251024-r1c4p10-png.png\" style=\"width: 4.5%; margin :0; vertical-align : middle;\"\/>\u00a0\u00a0ISYBOY DE CINGLAIS<\/a><\/p>\n<p style=\"text-align: justify;\">Ce sujet de classe n&rsquo;a plus gagn\u00e9 depuis le 28 mars mais a r\u00e9guli\u00e8rement crois\u00e9 le fer avec des comp\u00e9titeurs de talent. Il a rarement d\u00e9\u00e7u avec \u00ab\u00a0JMB\u00a0\u00bb au sulky (trois succ\u00e8s et quatre places en neuf associations) et trouve une t\u00e2che largement \u00e0 sa port\u00e9e. Laur\u00e9at en puissance.<\/p>\n<p><strong>Pascal Monthul\u00e9, entra\u00eeneur : <\/strong><\/p>\n<p style=\"text-align: justify;\">\u00ab Isyboy de Cinglais (10) n&rsquo;a pas d\u00e9m\u00e9rit\u00e9 \u00e0 Cordemais malgr\u00e9 un parcours le nez au vent, en \u00e9tant ferr\u00e9. Lors de sa derni\u00e8re sortie \u00e0 Vincennes, il a fait l&rsquo;effort seul et n&rsquo;a pas l\u00e2ch\u00e9 dans un lot de qualit\u00e9. Pieds nus et associ\u00e9 \u00e0 Jean-Michel Bazire, il dispose de beaucoup d&rsquo;atouts. Je pr\u00e9f\u00e8re qu&rsquo;il suive les autres pour finir. Il dispose d&rsquo;une belle chance th\u00e9orique. \u00bb<\/p>\n<p id=\"ch_HERMES LUDOIS\" style=\"margin-bottom: 1%;\"><a href=\"https:\/\/www.equidia.fr\/chevaux\/hermes-ludois?horse_uuid=c8a74830-b2c4-4c37-9230-26f75151e9c3\" target=\"_blank\" rel=\"noopener\">11 &#8211; \u00a0<img decoding=\"async\" alt=\"casaque_HERMES LUDOIS\" src=\"https:\/\/www.europesays.com\/fr\/wp-content\/uploads\/2025\/10\/20251024-r1c4p11-png.png\" style=\"width: 4.5%; margin :0; vertical-align : middle;\"\/>\u00a0\u00a0HERMES LUDOIS<\/a><\/p>\n<p style=\"text-align: justify;\">Ce brave trotteur ne compte que deux podiums en onze essais \u00e0 Vincennes et n&rsquo;a plus \u00e9t\u00e9 revu depuis son \u00e9chec dans la Speed Cup, le 5 juillet \u00e0 Vichy. Nettement barr\u00e9 par les principaux favoris, il aura bien du mal \u00e0 se distinguer, m\u00eame s&rsquo;il se pr\u00e9sentera pieds nus. T\u00e2che ardue.<\/p>\n<p><strong>St\u00e9phane Bourlier, entra\u00eeneur : <\/strong><\/p>\n<p style=\"text-align: justify;\">\u00ab Herm\u00e8s Ludois (11) effectue une course de rentr\u00e9e, n&rsquo;ayant pas \u00e9t\u00e9 revu depuis le mois de juillet. Comme une grande partie de mon effectif, il a \u00e9t\u00e9 malade et donc arr\u00eat\u00e9. Il a du travail, mais rien ne remplace la comp\u00e9tition. Je le d\u00e9ferre pour essayer de compenser ce manque de condition. \u00bb<\/p>\n<p id=\"ch_INSTRUCTOR\" style=\"margin-bottom: 1%;\"><a href=\"https:\/\/www.equidia.fr\/chevaux\/instructor?horse_uuid=bc2473ae-115c-4f69-8daf-e129ebe9b6c0\" target=\"_blank\" rel=\"noopener\">12 &#8211; \u00a0<img decoding=\"async\" alt=\"casaque_INSTRUCTOR\" src=\"https:\/\/www.europesays.com\/fr\/wp-content\/uploads\/2025\/10\/1761233138_918_20251024-r1c4p12-png.png\" style=\"width: 4.5%; margin :0; vertical-align : middle;\"\/>\u00a0\u00a0INSTRUCTOR<\/a><\/p>\n<p style=\"text-align: justify;\">Bon quatri\u00e8me de l&rsquo;\u00e9v\u00e9nement du 29 septembre \u00e0 Enghien, en \u00e9tant seulement plaqu\u00e9, cet \u00e9l\u00e8ve de la famille Abrivard se pr\u00e9sentera cette fois pieds nus. Il n&rsquo;est pas de tous les jours mais a le \u00ab\u00a0moteur\u00a0\u00bb pour briller en pareille soci\u00e9t\u00e9. \u00c0 l&rsquo;issue d&rsquo;un parcours sur mesure, il peut compl\u00e9ter la combinaison gagnante du Quint\u00e9+.<\/p>\n<p><strong>Alexandre Abrivard, driver : <\/strong><\/p>\n<p style=\"text-align: justify;\">\u00ab Instructor (12) est parti sur un temps de galop \u00e0 Cordemais. Il avait pourtant bien couru la fois pr\u00e9c\u00e9dente sur une courte distance. Il ne dispose pas d&rsquo;une grande marge de man\u0153uvre, c&rsquo;est surtout une question d&rsquo;envie avec lui. Il est bien au travail. Il va certainement courir \u00e0 Cagnes-sur-Mer cet hiver. Vendredi, il b\u00e9n\u00e9ficie d&rsquo;un bon engagement et sera pieds nus. Il reste capable de prendre une place. \u00bb<\/p>\n<p id=\"ch_HAPPY DANOVER\" style=\"margin-bottom: 1%;\"><a href=\"https:\/\/www.equidia.fr\/chevaux\/happy-danover?horse_uuid=acf387ee-6330-4fa8-b5d8-967738187ac3\" target=\"_blank\" rel=\"noopener\">13 &#8211; \u00a0<img decoding=\"async\" alt=\"casaque_HAPPY DANOVER\" src=\"https:\/\/www.europesays.com\/fr\/wp-content\/uploads\/2025\/10\/20251024-r1c4p13-png.png\" style=\"width: 4.5%; margin :0; vertical-align : middle;\"\/>\u00a0\u00a0HAPPY DANOVER<\/a><\/p>\n<p style=\"text-align: justify;\">Honorable cinqui\u00e8me le 19 septembre, \u00e0 distance d&rsquo;ISYBOY DE CINGLAIS (10), ce hongre de 8 ans ne doit pas \u00eatre condamn\u00e9 sur ses deux sorties suivantes. Il n&rsquo;a aucune marge de man\u0153uvre mais reste capable d&rsquo;accrocher une allocation \u00e0 l&rsquo;issue d&rsquo;un parcours sur mesure. \u00c0 envisager en cas de d\u00e9faillances.<\/p>\n<p><strong>St\u00e9phane Provoost, entra\u00eeneur : <\/strong><\/p>\n<p style=\"text-align: justify;\">\u00ab Lors de sa derni\u00e8re course, Happy Danover (13) a recul\u00e9 dans le parcours et n&rsquo;a pu revenir. La course \u00e9tait beaucoup plus relev\u00e9e. Nous avons soigneusement pr\u00e9par\u00e9 cet engagement de vendredi. Il a besoin d&rsquo;une course rythm\u00e9e et r\u00e9guli\u00e8re pour placer sa pointe finale. Il devrait bien faire et finir dans le Quint\u00e9+. \u00bb<\/p>\n<p id=\"ch_INDIGO PIERJI\" style=\"margin-bottom: 1%;\"><a href=\"https:\/\/www.equidia.fr\/chevaux\/indigo-pierji?horse_uuid=72dc04ee-e36f-4b5d-9e33-72a1bc8168a9\" target=\"_blank\" rel=\"noopener\">14 &#8211; \u00a0<img decoding=\"async\" alt=\"casaque_INDIGO PIERJI\" src=\"https:\/\/www.europesays.com\/fr\/wp-content\/uploads\/2025\/10\/1761233139_449_20251024-r1c4p14-png.png\" style=\"width: 4.5%; margin :0; vertical-align : middle;\"\/>\u00a0\u00a0INDIGO PIERJI<\/a><\/p>\n<p style=\"text-align: justify;\">Excellent au mois de juillet, pour ses deux premi\u00e8res tentatives sous la responsabilit\u00e9 de la famille Lebouteiller, il s&rsquo;est ensuite montr\u00e9 d\u00e9cevant en r\u00e9gion parisienne. Il \u00e9voluera cette fois totalement d\u00e9ferr\u00e9 et l&rsquo;engagement reste int\u00e9ressant. Si l&rsquo;\u00e9preuve est s\u00e9lective, il peut venir pimenter les rapports.<\/p>\n<p><strong>K\u00e9vin Lebouteiller, entra\u00eeneur : <\/strong><\/p>\n<p style=\"text-align: justify;\">\u00ab En dernier lieu, Indigo Pierji (14) n&rsquo;avait pas de gaz dans le parcours selon son driver. Il s&rsquo;est montr\u00e9 d\u00e9cevant lors de ses deux derni\u00e8res courses. J&rsquo;ai besoin d&rsquo;\u00eatre rassur\u00e9. Peut-\u00eatre est-il meilleur sur l&rsquo;herbe d\u00e9sormais. On va tenter de le d\u00e9ferrer des quatre pieds et de lui mettre le bonnet ferm\u00e9 pour l&rsquo;avoir sur la main. Une place en fin de combinaison reste \u00e0 sa port\u00e9e. \u00bb<\/p>\n<p id=\"ch_ILEO PIERJI\" style=\"margin-bottom: 1%;\"><a href=\"https:\/\/www.equidia.fr\/chevaux\/ileo-pierji?horse_uuid=814ea8ae-de2a-4c18-9325-6b986e4bfda0\" target=\"_blank\" rel=\"noopener\">15 &#8211; \u00a0<img decoding=\"async\" alt=\"casaque_ILEO PIERJI\" src=\"https:\/\/www.europesays.com\/fr\/wp-content\/uploads\/2025\/10\/1761233139_972_20251024-r1c4p15-png.png\" style=\"width: 4.5%; margin :0; vertical-align : middle;\"\/>\u00a0\u00a0ILEO PIERJI<\/a><\/p>\n<p style=\"text-align: justify;\">S&rsquo;il a surtout brill\u00e9 au trot mont\u00e9 ces trois derni\u00e8res saisons, il poss\u00e8de \u00e9galement de s\u00e9rieux moyens \u00e0 l&rsquo;attel\u00e9, en atteste son r\u00e9cent succ\u00e8s \u00e0 Cordemais, obtenu au prix d&rsquo;une tranchante fin de course. Confirm\u00e9 sur la grande piste de Vincennes et de nouveau associ\u00e9 \u00e0 \u00c9ric Raffin, il peut briguer le podium, m\u00eame s&rsquo;il ne sera pas d\u00e9ferr\u00e9.<\/p>\n<p><strong>Charles-Antoine Mary, entra\u00eeneur : <\/strong><\/p>\n<p style=\"text-align: justify;\">\u00ab Ileo Pierji (15) s&rsquo;est impos\u00e9 plaisamment \u00e0 Cordemais avec \u00c9ric Raffin. Il avait \u00e9t\u00e9 malheureux la fois pr\u00e9c\u00e9dente \u00e0 Enghien, sans quoi il aurait fait l&rsquo;arriv\u00e9e. Il est en forme et dans sa cat\u00e9gorie. Je n&rsquo;ai plus de bon pour le d\u00e9ferrer, donc il sera plaqu\u00e9 des quatre pieds. Je pense que cela ne changera pas grand-chose. Je serais d\u00e9\u00e7u de ne pas le voir \u00e0 l&rsquo;arriv\u00e9e. \u00bb<\/p>\n<p id=\"ch_GERSHWIN DE CHENU\" style=\"margin-bottom: 1%;\"><a href=\"https:\/\/www.equidia.fr\/chevaux\/gershwin-de-chenu?horse_uuid=00daf289-f5a9-4319-bd33-bc78c1bc8780\" target=\"_blank\" rel=\"noopener\">16 &#8211; \u00a0<img decoding=\"async\" alt=\"casaque_GERSHWIN DE CHENU\" src=\"https:\/\/www.europesays.com\/fr\/wp-content\/uploads\/2025\/10\/20251024-r1c4p16-png.png\" style=\"width: 4.5%; margin :0; vertical-align : middle;\"\/>\u00a0\u00a0GERSHWIN DE CHENU<\/a><\/p>\n<p style=\"text-align: justify;\">Ce fils de Boccador de Simm est absent depuis le 1er janvier et se pr\u00e9pare pour l&rsquo;hiver. Il restera ferr\u00e9 et son mentor n&rsquo;a pas h\u00e9sit\u00e9 \u00e0 d\u00e9clarer un \u00e9moji rouge. L&rsquo;impasse sur ses chances est vivement recommand\u00e9e.<\/p>\n<p><strong>Pierre Pellerot, entra\u00eeneur et driver : <\/strong><\/p>\n<p style=\"text-align: justify;\">\u00ab Gershwin de Chenu (16) va effectuer une grande rentr\u00e9e ce vendredi, n&rsquo;ayant plus \u00e9t\u00e9 revu en piste depuis le 1er janvier. Il a connu un souci \u00e0 une jambe. Il va avoir besoin de plusieurs parcours. Il reste ferr\u00e9 et va courir le long de la corde. Vous pouvez l&rsquo;\u00e9carter. \u00bb<\/p>\n<p><strong>Les favoris de la presse<\/strong><\/p>\n<p class=\"synthese\"><strong>SYNTH\u00c8SE \u00a0\u00a0\u00a0\u00a010\u00a0\u00a0&#8211;\u00a0\u00a05\u00a0\u00a0&#8211;\u00a0\u00a015\u00a0\u00a0&#8211;\u00a0\u00a012\u00a0\u00a0&#8211;\u00a0\u00a09\u00a0\u00a0&#8211;\u00a0\u00a01\u00a0\u00a0&#8211;\u00a0\u00a014\u00a0\u00a0&#8211;\u00a0\u00a08<\/strong><\/p>\n<p><a href=\"https:\/\/servedby.revive-adserver.net\/ck.php?n=aa10a822&amp;cb=1234\" target=\"_blank\" rel=\"noopener\"><img decoding=\"async\" alt=\"\" border=\"0\" src=\"https:\/\/www.europesays.com\/fr\/wp-content\/uploads\/2025\/10\/1761233142_916_avw\"\/><\/a><\/p>\n<p><strong>Les stats du jour<\/strong><\/p>\n<p><img decoding=\"async\" src=\"https:\/\/www.europesays.com\/fr\/wp-content\/uploads\/2025\/10\/1024_stats-web_2025-jpg\"\/><\/p>\n<p><strong>Nos \u00e9missions de pronos<\/strong><a href=\"https:\/\/www.equidia.fr\/emissions\/3-mn-q-2023\" target=\"_blank\" rel=\"noopener\"><img decoding=\"async\" alt=\"3min-pronos\" class=\"img_prono\" src=\"https:\/\/www.europesays.com\/fr\/wp-content\/uploads\/2025\/04\/vignette-article-3min-pronos-jpg-1.jpeg\"\/><\/a>3 mn PRONOS du 24\/10<br \/>(Disponible jeudi 23 octobre 2025, \u00e0 partir de 17h55)<a href=\"https:\/\/www.equidia.fr\/emissions\/ticket-gagnant-2023\" target=\"_blank\" rel=\"noopener\"><img decoding=\"async\" alt=\"ticket-gagnant\" class=\"img_prono\" src=\"https:\/\/www.europesays.com\/fr\/wp-content\/uploads\/2025\/04\/vignette-article-ticket-gagnant-jpg-1.jpeg\"\/><\/a>TICKET GAGNANT du 24\/10<br \/>(Disponible jeudi 23 octobre 2025, \u00e0 partir de 18h00)<\/p>\n","protected":false},"excerpt":{"rendered":"Les partants du Quint\u00e9+ de ce vendredi 24 octobrePRIX ORIONISVENDREDI 24 OCTOBREPARIS-VINCENNES &#8211; 2850 METRES &#8211; \u00a0D\u00c9PART :&hellip;\n","protected":false},"author":2,"featured_media":484656,"comment_status":"","ping_status":"","sticky":false,"template":"","format":"standard","meta":{"footnotes":""},"categories":[1888],"tags":[11,7635,1777,674,1011,27,12,626,1821,3015,25,7637],"class_list":{"0":"post-484655","1":"post","2":"type-post","3":"status-publish","4":"format-standard","5":"has-post-thumbnail","7":"category-paris","8":"tag-actualites","9":"tag-attele","10":"tag-eu","11":"tag-europe","12":"tag-fr","13":"tag-france","14":"tag-news","15":"tag-paris","16":"tag-pronostics","17":"tag-qrcode","18":"tag-republique-francaise","19":"tag-trot"},"share_on_mastodon":{"url":"https:\/\/pubeurope.com\/@fr\/115424182180795605","error":""},"_links":{"self":[{"href":"https:\/\/www.europesays.com\/fr\/wp-json\/wp\/v2\/posts\/484655","targetHints":{"allow":["GET"]}}],"collection":[{"href":"https:\/\/www.europesays.com\/fr\/wp-json\/wp\/v2\/posts"}],"about":[{"href":"https:\/\/www.europesays.com\/fr\/wp-json\/wp\/v2\/types\/post"}],"author":[{"embeddable":true,"href":"https:\/\/www.europesays.com\/fr\/wp-json\/wp\/v2\/users\/2"}],"replies":[{"embeddable":true,"href":"https:\/\/www.europesays.com\/fr\/wp-json\/wp\/v2\/comments?post=484655"}],"version-history":[{"count":0,"href":"https:\/\/www.europesays.com\/fr\/wp-json\/wp\/v2\/posts\/484655\/revisions"}],"wp:featuredmedia":[{"embeddable":true,"href":"https:\/\/www.europesays.com\/fr\/wp-json\/wp\/v2\/media\/484656"}],"wp:attachment":[{"href":"https:\/\/www.europesays.com\/fr\/wp-json\/wp\/v2\/media?parent=484655"}],"wp:term":[{"taxonomy":"category","embeddable":true,"href":"https:\/\/www.europesays.com\/fr\/wp-json\/wp\/v2\/categories?post=484655"},{"taxonomy":"post_tag","embeddable":true,"href":"https:\/\/www.europesays.com\/fr\/wp-json\/wp\/v2\/tags?post=484655"}],"curies":[{"name":"wp","href":"https:\/\/api.w.org\/{rel}","templated":true}]}}