{"id":484661,"date":"2025-10-23T15:28:10","date_gmt":"2025-10-23T15:28:10","guid":{"rendered":"https:\/\/www.europesays.com\/fr\/484661\/"},"modified":"2025-10-23T15:28:10","modified_gmt":"2025-10-23T15:28:10","slug":"le-gripen-le-chasseur-que-la-suede-va-vendre-a-lukraine","status":"publish","type":"post","link":"https:\/\/www.europesays.com\/fr\/484661\/","title":{"rendered":"Le Gripen, le chasseur que la Su\u00e8de va vendre \u00e0 l\u2019Ukraine"},"content":{"rendered":"<p>C&rsquo;est une lettre d&rsquo;intention \u00e0 plusieurs milliards d&rsquo;euros. Mercredi 22\u00a0octobre, le pr\u00e9sident ukrainien <a class=\"Link\" href=\"https:\/\/www.lepoint.fr\/tags\/volodymyr-zelensky\" data-gtm=\"click:capsule\" data-capsule=\"Lien\" rel=\"nofollow noopener\" target=\"_blank\">Volodymyr Zelensky<\/a> et le Premier ministre su\u00e9dois Ulf Kristersson ont sign\u00e9 \u00e0 Link\u00f6ping en <a class=\"Link\" href=\"https:\/\/www.lepoint.fr\/tags\/suede\" data-gtm=\"click:capsule\" data-capsule=\"Lien\" rel=\"nofollow noopener\" target=\"_blank\">Su\u00e8de<\/a> ce document qui ouvre la voie \u00e0 un important contrat pour son industriel national Saab. L&rsquo;entreprise va livrer de\u00a0100\u00a0\u00e0 150\u00a0Gripen E, la derni\u00e8re version de ce chasseur, \u00e0 l&rsquo;Ukraine.<\/p>\n<p>\u00ab\u00a0Aujourd&rsquo;hui, l&rsquo;un des principaux sujets de nos n\u00e9gociations a port\u00e9 sur le renforcement des capacit\u00e9s de <a class=\"Link\" href=\"https:\/\/www.lepoint.fr\/tags\/armement\" data-gtm=\"click:capsule\" data-capsule=\"Lien\" rel=\"nofollow noopener\" target=\"_blank\">d\u00e9fense<\/a> de l&rsquo;Ukraine. Nous consid\u00e9rons le JAS\u00a039\u00a0Gripen comme l&rsquo;un des \u00e9l\u00e9ments les plus efficaces de cet effort et nous pr\u00e9voyons les premi\u00e8res livraisons de Gripen d\u00e8s 2026\u00a0\u00bb, s&rsquo;est f\u00e9licit\u00e9 Volodymyr Zelensky sur X. \u00ab\u00a0Concr\u00e8tement, cela signifie que nous pourrons commencer \u00e0 livrer dans trois ans, a de&#8230;<\/p>\n<p>Toute l\u2019actualit\u00e9 \u00e0 1\u20ac le premier mois<\/p>\n<p><a href=\"https:\/\/abo.lepoint.fr\/?provenance=21EDI020098\" class=\"btn\" title=\"S&#039;abonner\" data-gtm=\"click:abo|display:abo\" data-campaign=\"paywall_maison\" rel=\"nofollow noopener\" target=\"_blank\">S&rsquo;abonner<\/a><\/p>\n<p>ou<\/p>\n","protected":false},"excerpt":{"rendered":"C&rsquo;est une lettre d&rsquo;intention \u00e0 plusieurs milliards d&rsquo;euros. Mercredi 22\u00a0octobre, le pr\u00e9sident ukrainien Volodymyr Zelensky et le Premier&hellip;\n","protected":false},"author":2,"featured_media":484662,"comment_status":"","ping_status":"","sticky":false,"template":"","format":"standard","meta":{"footnotes":""},"categories":[1590],"tags":[11,554,1777,674,12,7199,220,134],"class_list":{"0":"post-484661","1":"post","2":"type-post","3":"status-publish","4":"format-standard","5":"has-post-thumbnail","7":"category-ukraine","8":"tag-actualites","9":"tag-defense","10":"tag-eu","11":"tag-europe","12":"tag-news","13":"tag-suede","14":"tag-ukraine","15":"tag-volodymyr-zelensky"},"share_on_mastodon":{"url":"https:\/\/pubeurope.com\/@fr\/115424192398546803","error":""},"_links":{"self":[{"href":"https:\/\/www.europesays.com\/fr\/wp-json\/wp\/v2\/posts\/484661","targetHints":{"allow":["GET"]}}],"collection":[{"href":"https:\/\/www.europesays.com\/fr\/wp-json\/wp\/v2\/posts"}],"about":[{"href":"https:\/\/www.europesays.com\/fr\/wp-json\/wp\/v2\/types\/post"}],"author":[{"embeddable":true,"href":"https:\/\/www.europesays.com\/fr\/wp-json\/wp\/v2\/users\/2"}],"replies":[{"embeddable":true,"href":"https:\/\/www.europesays.com\/fr\/wp-json\/wp\/v2\/comments?post=484661"}],"version-history":[{"count":0,"href":"https:\/\/www.europesays.com\/fr\/wp-json\/wp\/v2\/posts\/484661\/revisions"}],"wp:featuredmedia":[{"embeddable":true,"href":"https:\/\/www.europesays.com\/fr\/wp-json\/wp\/v2\/media\/484662"}],"wp:attachment":[{"href":"https:\/\/www.europesays.com\/fr\/wp-json\/wp\/v2\/media?parent=484661"}],"wp:term":[{"taxonomy":"category","embeddable":true,"href":"https:\/\/www.europesays.com\/fr\/wp-json\/wp\/v2\/categories?post=484661"},{"taxonomy":"post_tag","embeddable":true,"href":"https:\/\/www.europesays.com\/fr\/wp-json\/wp\/v2\/tags?post=484661"}],"curies":[{"name":"wp","href":"https:\/\/api.w.org\/{rel}","templated":true}]}}