{"id":484671,"date":"2025-10-23T15:33:11","date_gmt":"2025-10-23T15:33:11","guid":{"rendered":"https:\/\/www.europesays.com\/fr\/484671\/"},"modified":"2025-10-23T15:33:11","modified_gmt":"2025-10-23T15:33:11","slug":"le-parlement-europeen-cherche-a-ameliorer-laccord-commercial-ue-etats-unis","status":"publish","type":"post","link":"https:\/\/www.europesays.com\/fr\/484671\/","title":{"rendered":"Le Parlement europ\u00e9en cherche \u00e0 \u00ab\u2009am\u00e9liorer\u2009\u00bb l\u2019accord commercial UE-\u00c9tats-Unis"},"content":{"rendered":"<p style=\"text-align: left\">Lors d\u2019une conf\u00e9rence de presse jeudi\u00a023\u00a0octobre le pr\u00e9sident de la commission du Commerce international (INTA) du Parlement, Bernd Lange, a d\u00e9clar\u00e9 que l\u2019institution \u00ab\u2009\u00e9tait tr\u00e8s d\u00e9sireuse d\u2019am\u00e9liorer la l\u00e9gislation\u2009\u00bb, voyant <a href=\"https:\/\/policy.trade.ec.europa.eu\/news\/joint-statement-united-states-european-union-framework-agreement-reciprocal-fair-and-balanced-trade-2025-08-21_en\" target=\"_blank\" rel=\"noopener nofollow\">l\u2019accord conclu \u00e0 Tunberry<\/a> entre Ursula von der\u00a0Leyen et Donald Trump comme un simple point de d\u00e9part.<\/p>\n<p style=\"text-align: left\">\u00ab\u2009Je n\u2019ai fait aucune proposition visant \u00e0 le rejeter, ni \u00e0 utiliser d\u2019autres \u201cbazookas\u201d, qui font toujours l\u2019objet de discussions au Parlement europ\u00e9en\u2009\u00bb, a expliqu\u00e9 l\u2019eurod\u00e9put\u00e9 allemand.<\/p>\n<p style=\"text-align: left\">Fin ao\u00fbt, la Commission a pr\u00e9sent\u00e9 <a href=\"https:\/\/euractiv.fr\/news\/bruxelles-propose-de-reduire-les-droits-de-douane-sur-les-produits-industriels-et-agricoles-americains\/\" target=\"_blank\" rel=\"noopener nofollow\">une proposition<\/a> visant \u00e0 mettre en \u0153uvre l\u2019accord commercial, en vertu duquel Washington imposerait un droit de douane g\u00e9n\u00e9ral de 15\u00a0% sur tous les produits de l\u2019UE, tandis que Bruxelles r\u00e9duirait \u00e0 z\u00e9ro les droits de douane sur des centaines de produits industriels et agricoles import\u00e9s des \u00c9tats-Unis.<\/p>\n<p style=\"text-align: left\">Bernd Lange a r\u00e9sum\u00e9 sa position en cinq mots\u00a0: acier, statu quo, suspension, sauvegarde et clauses de caducit\u00e9.<\/p>\n<p style=\"text-align: left\">Il s\u2019oppose \u00e0 la suppression des droits de douane sur l\u2019acier et les produits sid\u00e9rurgiques, \u00e0 moins que les \u00c9tats-Unis ne r\u00e9agissent en abaissant leurs propres droits de douane de 50\u00a0% sur les produits sid\u00e9rurgiques de l\u2019UE.<\/p>\n<p style=\"text-align: left\">\u00ab\u2009Les \u00c9tats-Unis ont organis\u00e9 une consultation publique en septembre afin d\u2019\u00e9tendre la liste des produits [de l\u2019UE] contenant de l\u2019acier et de l\u2019aluminium\u2026 il se peut donc que l\u2019histoire ne soit pas termin\u00e9e\u2009\u00bb, a d\u00e9clar\u00e9 Bernd Lange.<\/p>\n<p style=\"text-align: left\">Le l\u00e9gislateur souhaite \u00e9galement une clause de statu quo pour emp\u00eacher Washington d\u2019imposer de nouveaux droits de douane, ainsi qu\u2019un m\u00e9canisme de suspension permettant \u00e0 l\u2019UE de retirer ses r\u00e9ductions tarifaires en cas de tensions commerciales accrues.<\/p>\n<p style=\"text-align: left\">\u00ab\u2009Certains pays du monde arabe, ainsi que les \u00c9tats-Unis, s\u2019opposent \u00e0 notre politique climatique et veulent que nous modifiions notre l\u00e9gislation\u2009\u00bb, a not\u00e9 Bernd Lange, faisant r\u00e9f\u00e9rence \u00e0 <a href=\"https:\/\/www.euractiv.com\/news\/kill-the-eu-corporate-due-diligence-law-us-and-quatar-urge-eu-leaders\/\" target=\"_blank\" rel=\"noopener nofollow\">une lettre<\/a> du Qatar et de Washington visant \u00e0 supprimer la loi sur le devoir de vigilance des entreprises.<\/p>\n<p>Clause de sauvegarde<\/p>\n<p style=\"text-align: left\">Une clause de sauvegarde, similaire \u00e0 celle figurant dans <a href=\"https:\/\/euractiv.fr\/news\/accord-ue-mercosur-bruxelles-devoile-des-mesures-de-sauvegarde-pour-rassurer-les-agriculteurs\/\" target=\"_blank\" rel=\"noopener nofollow\">l\u2019accord entre l\u2019UE et les pays du Mercosur<\/a>, permettrait \u00e0 l\u2019UE de suspendre les avantages commerciaux si les importations sans droits de douane devaient porter pr\u00e9judice aux agriculteurs ou \u00e0 l\u2019industrie europ\u00e9ens, a-t-il pr\u00e9cis\u00e9.<\/p>\n<p style=\"text-align: left\">Bernd Lange a aussi appel\u00e9 \u00e0 l\u2019adoption d\u2019une \u00ab\u2009clause de survie \u00bb afin de garantir la fin de l\u2019accord s\u2019il n\u2019y a aucune perspective d\u2019un accord pleinement conforme \u00e0 l\u2019Organisation mondiale du commerce (OMC), soulignant que l\u2019UE ne peut tol\u00e9rer des violations ind\u00e9finies des r\u00e8gles de l\u2019organisme.<\/p>\n<p style=\"text-align: left\">Il a d\u00e9clar\u00e9 qu\u2019il s\u2019attendait \u00e0 un certain soutien de la part des \u00c9tats membres pour ses propositions. Cependant, la pr\u00e9sidence danoise du Conseil de l\u2019UE <a href=\"https:\/\/www.politico.eu\/article\/eu-can-cut-red-tape-without-bowing-to-us-donald-trump-says-denmark-lars-lokke-rasmussen\/#:~:text=Rasmussen%20poured%20cold%20water%20on%20the%20idea%20of%20a%20so%2Dcalled%20sunset%20clause%2C%20under%20which%20the%20EU%20could%20revisit%20the%20terms%20of%20its%20trade%20deal%20with%20the%20U.S.%20once%20Trump%20leaves%20office.\" target=\"_blank\" rel=\"noopener nofollow\">avait d\u00e9j\u00e0 rejet\u00e9<\/a> la clause de survie, arguant qu\u2019elle ne \u00ab\u2009changerait pas la r\u00e9alit\u00e9\u2009\u00bb sous l\u2019actuelle administration Trump.<\/p>\n<p style=\"text-align: left\">\u00ab\u2009J\u2019ai le sentiment que le Conseil comprend \u00e9galement clairement que nous ne devons pas c\u00e9der \u00e0 la pression exerc\u00e9e par les \u00c9tats-Unis\u2009\u00bb, a indiqu\u00e9 Bernd Lange.<\/p>\n<p style=\"text-align: left\">Les propositions de l\u2019eurod\u00e9put\u00e9 seront discut\u00e9es la semaine prochaine au sein de la commission INTA, la position du Parlement \u00e9tant attendue pour janvier.<\/p>\n<p style=\"text-align: left\">Les discussions avec le Conseil pourraient suivre peu apr\u00e8s et s\u2019achever potentiellement en mars ou avril, a-t-il ajout\u00e9.<\/p>\n","protected":false},"excerpt":{"rendered":"Lors d\u2019une conf\u00e9rence de presse jeudi\u00a023\u00a0octobre le pr\u00e9sident de la commission du Commerce international (INTA) du Parlement, Bernd&hellip;\n","protected":false},"author":2,"featured_media":484672,"comment_status":"","ping_status":"","sticky":false,"template":"","format":"standard","meta":{"footnotes":""},"categories":[1586],"tags":[11,1777,674,1779,1011,27,12,25,1778,364],"class_list":{"0":"post-484671","1":"post","2":"type-post","3":"status-publish","4":"format-standard","5":"has-post-thumbnail","7":"category-europe","8":"tag-actualites","9":"tag-eu","10":"tag-europe","11":"tag-european-union","12":"tag-fr","13":"tag-france","14":"tag-news","15":"tag-republique-francaise","16":"tag-ue","17":"tag-union-europeenne"},"share_on_mastodon":{"url":"https:\/\/pubeurope.com\/@fr\/115424212076314299","error":""},"_links":{"self":[{"href":"https:\/\/www.europesays.com\/fr\/wp-json\/wp\/v2\/posts\/484671","targetHints":{"allow":["GET"]}}],"collection":[{"href":"https:\/\/www.europesays.com\/fr\/wp-json\/wp\/v2\/posts"}],"about":[{"href":"https:\/\/www.europesays.com\/fr\/wp-json\/wp\/v2\/types\/post"}],"author":[{"embeddable":true,"href":"https:\/\/www.europesays.com\/fr\/wp-json\/wp\/v2\/users\/2"}],"replies":[{"embeddable":true,"href":"https:\/\/www.europesays.com\/fr\/wp-json\/wp\/v2\/comments?post=484671"}],"version-history":[{"count":0,"href":"https:\/\/www.europesays.com\/fr\/wp-json\/wp\/v2\/posts\/484671\/revisions"}],"wp:featuredmedia":[{"embeddable":true,"href":"https:\/\/www.europesays.com\/fr\/wp-json\/wp\/v2\/media\/484672"}],"wp:attachment":[{"href":"https:\/\/www.europesays.com\/fr\/wp-json\/wp\/v2\/media?parent=484671"}],"wp:term":[{"taxonomy":"category","embeddable":true,"href":"https:\/\/www.europesays.com\/fr\/wp-json\/wp\/v2\/categories?post=484671"},{"taxonomy":"post_tag","embeddable":true,"href":"https:\/\/www.europesays.com\/fr\/wp-json\/wp\/v2\/tags?post=484671"}],"curies":[{"name":"wp","href":"https:\/\/api.w.org\/{rel}","templated":true}]}}