{"id":484675,"date":"2025-10-23T15:35:21","date_gmt":"2025-10-23T15:35:21","guid":{"rendered":"https:\/\/www.europesays.com\/fr\/484675\/"},"modified":"2025-10-23T15:35:21","modified_gmt":"2025-10-23T15:35:21","slug":"le-roi-charles-iii-accueilli-par-le-pape-leon-xiv-au-vatican-pour-effectuer-une-visite-detat-historique","status":"publish","type":"post","link":"https:\/\/www.europesays.com\/fr\/484675\/","title":{"rendered":"Le roi Charles III accueilli par le pape L\u00e9on\u00a0XIV au Vatican pour effectuer une visite d&rsquo;\u00c9tat historique"},"content":{"rendered":"<p>Ce 23 octobre est une date importante dans l\u2019histoire. Le roi Charles III est devenu le premier monarque britannique \u00e0 effectuer une visite d\u2019\u00c9tat au Vatican. Accompagn\u00e9 de la reine Camilla, Charles a rencontr\u00e9 le pape L\u00e9on XIV au palais apostolique, un demi-mill\u00e9naire apr\u00e8s la rupture du roi Henri VIII avec l\u2019\u00c9glise catholique.<\/p>\n<p><strong>Lire aussi : <a href=\"https:\/\/histoiresroyales.fr\/roi-charles-iii-congregationoratoire-rendre-hommage-saint-john-henry-newman-futur-docteur-de-leglise\/\" rel=\"nofollow noopener\" target=\"_blank\">Le roi Charles III aupr\u00e8s de la congr\u00e9gation de l\u2019oratoire pour rendre hommage \u00e0 saint John Henry Newman, futur docteur de l\u2019\u00c9glise<\/a><\/strong><\/p>\n<p>Le roi Charles III et la reine Camilla re\u00e7us au palais apostolique par le pape L\u00e9on XIV<\/p>\n<p>L\u2019ann\u00e9e 2025 est une ann\u00e9e de f\u00eate pour tous les catholiques. L\u2019ann\u00e9e 2025 est une ann\u00e9e jubilaire, une c\u00e9l\u00e9bration qui a lieu tous les 25 ans. Lanc\u00e9e au d\u00e9but de l\u2019ann\u00e9e par le pape Fran\u00e7ois, plac\u00e9e sous le th\u00e8me de l\u2019esp\u00e9rance, l\u2019ann\u00e9e 2025 se terminera sous la direction du pape L\u00e9on XIV. Le roi Charles III, soucieux d\u00e8s le d\u00e9but de son r\u00e8gne de devenir le monarque de toutes les confessions, tenait absolument \u00e0 participer au Jubil\u00e9 de l\u2019esp\u00e9rance. <\/p>\n<p><img fetchpriority=\"high\" decoding=\"async\" width=\"1300\" height=\"867\" src=\"https:\/\/www.europesays.com\/fr\/wp-content\/uploads\/2025\/10\/roi-charles-iii-accueilli-vatican-reine-camilla.jpg\" alt=\"\" class=\"wp-image-225299 lazyload\" data-  \/>Le roi Charles III et la reine Camilla arrivent au Vatican, accueilli sur le tapis rouge par Mgr Leonardo Sapienza, r\u00e9gent de la pr\u00e9fecture de la Maison pontificale (Photo : Victoria Jones\/Shutterstock\/SIPA)<\/p>\n<p><strong>Lire aussi : <a href=\"https:\/\/histoiresroyales.fr\/photo-drencontre-secrete-entre-pape-francois-roi-charles-iii-reine-camilla\/\" rel=\"nofollow noopener\" target=\"_blank\">Photo de la rencontre secr\u00e8te entre le pape Fran\u00e7ois, le roi Charles III et la reine Camilla<\/a><\/strong><\/p>\n<p>Le roi Charles III et la reine Camilla ont effectu\u00e9 une visite d\u2019\u00c9tat en Italie au mois d\u2019avril et ils devaient en profiter pour inclure \u00e0 leur programme une visite d\u2019\u00c9tat au Vatican. Cette deuxi\u00e8me partie du programme avait \u00e9t\u00e9 annul\u00e9e en raison de la sant\u00e9 pr\u00e9caire du souverain pontife, qui sortait tout juste d\u2019une hospitalisation de plusieurs semaines. Le <a href=\"https:\/\/histoiresroyales.fr\/photo-drencontre-secrete-entre-pape-francois-roi-charles-iii-reine-camilla\/\" rel=\"nofollow noopener\" target=\"_blank\">couple royal britannique avait finalement rencontr\u00e9 le pape Fran\u00e7ois lors d\u2019un moment plus intime<\/a>. Le pape Fran\u00e7ois est d\u00e9c\u00e9d\u00e9 quelques jours plus tard, le 21 avril. Le roi Charles III tenait \u00e0 effectuer cette visite d\u2019\u00c9tat co\u00fbte que co\u00fbte et elle se d\u00e9roulera finalement sous le pontificat du pape L\u00e9on XIV.<\/p>\n<p><img loading=\"lazy\" decoding=\"async\" width=\"1300\" height=\"867\" src=\"https:\/\/www.europesays.com\/fr\/wp-content\/uploads\/2025\/10\/accueil-cour-damase-roi-charles.jpg\" alt=\"\" class=\"wp-image-225297 lazyload\" data-  \/>Le roi Charles III est accueilli dans la cour Saint Damase, ce 23 octobre 2025 (Photo : Andrew Medichini\/AP\/SIPA)<\/p>\n<p><img loading=\"lazy\" decoding=\"async\" width=\"1300\" height=\"867\" src=\"https:\/\/www.europesays.com\/fr\/wp-content\/uploads\/2025\/10\/accueil-cour-damase-roi-charles-iii-visite-detat.jpg\" alt=\"\" class=\"wp-image-225295 lazyload\" data-  \/>Accueil protocolaire du roi Charles III et de la reine Camilla pour entamer cette visite d\u2019\u00c9tat (Photo : Andrew Medichini\/AP\/SIPA)<\/p>\n<p>Ce 23 octobre, le roi Charles III, 76 ans, et la reine Camilla, 78 ans, ont rencontr\u00e9 le pape L\u00e9on XIV, 69 ans, au Palais apostolique, cinq mois apr\u00e8s son accession au tr\u00f4ne de Saint-Pierre. Le roi Charles III et la reine Camilla ont eu droit \u00e0 un accueil protocolaire dans la cour Saint Damase, puis ils ont rejoint la biblioth\u00e8que du palais pour rencontrer le pape. Le roi Charles III s\u2019est aussi entretenu avec le cardinal Pietro Parolin, secr\u00e9taire d\u2019\u00c9tat du Saint-Si\u00e8ge. Le secr\u00e9taire d\u2019\u00c9tat est l\u2019\u00e9quivalent du poste de premier ministre.<\/p>\n<blockquote class=\"instagram-media\" data-instgrm-permalink=\"https:\/\/www.instagram.com\/p\/DQJdBZVjOyq\/?utm_source=ig_embed&amp;utm_campaign=loading\" data-instgrm-version=\"14\" style=\" background:#FFF; border:0; border-radius:3px; box-shadow:0 0 1px 0 rgba(0,0,0,0.5),0 1px 10px 0 rgba(0,0,0,0.15); margin: 1px; max-width:540px; min-width:326px; padding:0; width:99.375%; width:-webkit-calc(100% - 2px); width:calc(100% - 2px);\"\/>\n<p><strong>Lire aussi : <a href=\"https:\/\/histoiresroyales.fr\/roi-charles-iii-reagit-mort-du-pape-francois-deux-semaines-apres-rencontre-vatican\/\" rel=\"nofollow noopener\" target=\"_blank\">Le roi Charles III r\u00e9agit \u00e0 la mort du pape Fran\u00e7ois, deux semaines apr\u00e8s leur rencontre au Vatican<\/a><\/strong><\/p>\n<p>D\u00e9couverte des fresques de Michel-Ange dans la chapelle paulinienne<\/p>\n<p>Durant l\u2019entretien entre le roi Charles et le secr\u00e9taire d\u2019\u00c9tat du Saint-Si\u00e8ge, la reine Camilla a visit\u00e9 la chapelle paulinienne, qui abrite les deux derni\u00e8res fresques de Michel-Ange.\u00a0La chapelle doit son nom \u00e0 Paul III, qui la fit construire entre 1537 et 1539. Les deux fresques peintes par Michel-Ange sont des repr\u00e9sentations de la\u00a0conversion de saint Paul\u00a0et du martyre de saint Pierre. Elles ont \u00e9t\u00e9 peintes entre 1542 et 1550 et ce sont les derni\u00e8res peintures de l\u2019artiste.<\/p>\n<p><img loading=\"lazy\" decoding=\"async\" width=\"1300\" height=\"867\" src=\"https:\/\/www.europesays.com\/fr\/wp-content\/uploads\/2025\/10\/roi-charles-iii-reine-camilla-rencontre-pape-leon-xiv-historique-visite-etat.jpg\" alt=\"\" class=\"wp-image-225301 lazyload\" data-  \/>Le roi Charles III, le pape L\u00e9on XIV et la reine Camilla lors de leur audience au palais apostolique, le 23 octobre 2025 (Photo : Vatican Media\/AP\/SIPA)<\/p>\n<p>Cette visite d\u2019\u00c9tat est historique car jamais aucun monarque britannique n\u2019en a effectu\u00e9 une au Vatican. Charles III et L\u00e9on XIV sont tous les deux \u00e0 la fois chef d\u2019\u00c9tat et chef de leur \u00c9glise respective. Le souverain britannique est le gouverneur supr\u00eame de l\u2019\u00c9glise d\u2019Angleterre, ce qui peut \u00eatre compar\u00e9 \u00e0 la fonction de primat des Anglicans. Le pape est bien \u00e9videmment le chef du pouvoir spirituel du Saint-Si\u00e8ge mais aussi le chef du pouvoir temporel du Vatican. D\u00e8s le 8e si\u00e8cle, les papes sont devenus les princes souverains des \u00c9tats pontificaux. Ceux-ci ont \u00e9t\u00e9 annex\u00e9s au nouveau royaume d\u2019Italie en 1870. Apr\u00e8s des d\u00e9cennies de conflits, la Cit\u00e9 du Vatican, en tant que sujet souverain dot\u00e9 d\u2019une personnalit\u00e9 juridique internationale, a \u00e9t\u00e9 fond\u00e9e en 1929 par les accords de Latran. <\/p>\n<p><img loading=\"lazy\" decoding=\"async\" width=\"1300\" height=\"867\" src=\"https:\/\/www.europesays.com\/fr\/wp-content\/uploads\/2025\/10\/audience-pape-leon-xiv-reine-camilla-roi-charles-iii.jpg\" alt=\"\" class=\"wp-image-225309 lazyload\" data-  \/>Le roi Charles III et la reine Camilla lors de leur audience avec le pape L\u00e9on XIV (Photo : Vatican Media\/ABACAPRESS.COM)<\/p>\n<p><strong>Lire aussi : <a href=\"https:\/\/histoiresroyales.fr\/roi-charles-iii-reine-camilla-accueillis-rome-president-mattarella\/\" rel=\"nofollow noopener\" target=\"_blank\">Le roi Charles III et la reine Camilla accueillis \u00e0 Rome par le pr\u00e9sident Mattarella avec un d\u00e9fil\u00e9 a\u00e9rien<\/a><\/strong><\/p>\n<p>Les relations entre les papes et les monarques britanniques ont \u00e9t\u00e9 compliqu\u00e9es mais se sont am\u00e9lior\u00e9es en cinq cents ans d\u2019histoire. En 1982, la reine Elisabeth fut, par exemple, la premi\u00e8re monarque britannique a accept\u00e9 la pr\u00e9sence d\u2019un pape sur le sol britannique. <\/p>\n<p><img loading=\"lazy\" decoding=\"async\" width=\"1300\" height=\"1950\" src=\"https:\/\/www.europesays.com\/fr\/wp-content\/uploads\/2025\/10\/reine-camilla-chapelle-paulinienne.jpg\" alt=\"\" class=\"wp-image-225344 lazyload\" data-  \/>La reine Camilla en visite dans la chapelle paulinienne (Photo : Samir Hussein\/PA Wire\/ABACAPRESS.COM)<\/p>\n<p>Cette rencontre s\u2019inscrit dans les valeurs v\u00e9hicules par l\u2019ann\u00e9e jubilaire 2025, intitul\u00e9e \u00ab\u00a0P\u00e8lerins de l\u2019Esp\u00e9rance \u00bb. Plusieurs \u00e9v\u00e9nements marquants auront lieu ce jeudi. Il y aura une pri\u00e8re commune, la premi\u00e8re en cinq cents ans d\u2019histoire, dans la chapelle Sixtine. Le couple royal visitera aussi la basilique Saint-Paul-hors-les-Murs, une des quatre \u00e9glises majeures de\u00a0Rome. Les rois saxons Offa et \u00c6thelwulf y assuraient l\u2019entretien du tombeau de l\u2019ap\u00f4tre Paul durant leur r\u00e8gne. \u00c0 l\u2019occasion de cette visite, avec l\u2019autorisation du pape,\u00a0le roi Charles recevra le titre de \u00ab\u00a0confr\u00e8re royal\u00a0\u00bb sur proposition de l\u2019abb\u00e9 et de l\u2019archipr\u00eatre de la basilique. Un tr\u00f4ne orn\u00e9 de ses armoiries restera \u00e0 jamais dans l\u2019abside de la basilique. La chaise lui sera r\u00e9serv\u00e9e pour lui et tous les monarques britanniques qui lui succ\u00e9deront.<\/p>\n<p><strong>Lire aussi : <a href=\"https:\/\/histoiresroyales.fr\/roi-charles-iii-assiste-messe-catholique-soutien-chretiens-irak\/\" rel=\"nofollow noopener\" target=\"_blank\">Le roi Charles III assiste exceptionnellement \u00e0 une c\u00e9l\u00e9bration catholique en soutien aux chr\u00e9tiens d\u2019Irak<\/a><\/strong><\/p>\n<p>Une visite d\u2019\u00c9tat historique \u00e0 plus d\u2019un titre<\/p>\n<p>La visite du roi Charles III se d\u00e9roule en cette fin d\u2019Ann\u00e9e sainte. Depuis 1300, la papaut\u00e9 invite les catholiques \u00e0 se concentrer sur leur vie spirituelle lors des Ann\u00e9es saintes ou Ann\u00e9es jubilaires, qui ont lieu tous les 25 ans. Le jubil\u00e9 de cette ann\u00e9e 2025 porte sur le th\u00e8me de l\u2019esp\u00e9rance.\u00a0Certains papes ont aussi d\u00e9clar\u00e9 des ann\u00e9es jubilaires exceptionnelles, comme ce fut le cas en 1933 et 1983.<\/p>\n<p>Le roi Charles III multiplie les gestes d\u2019ouverture envers l\u2019\u00c9glise catholique. Le Vatican a lui aussi tendu la main au nouveau souverain. Par exemple, en 2023, le pape Fran\u00e7ois a offert deux bouts de bois provenant de la v\u00e9ritable croix sur laquelle le Christ aurait \u00e9t\u00e9 crucifi\u00e9. Ce cadeau inestimable a \u00e9t\u00e9 ins\u00e9r\u00e9 dans la Croix du pays Galles, un objet c\u00e9r\u00e9moniel utilis\u00e9 lors de l\u2019ouverture de la procession de la c\u00e9r\u00e9monie de couronnement du roi Charles. En septembre 2025, le roi Charles III a effectu\u00e9 une rare visite aupr\u00e8s d\u2019une congr\u00e9gation catholique, pour rendre hommage \u00e0 John Henry Newman, qui sera prochainement proclam\u00e9 docteur de l\u2019\u00c9glise par le pape L\u00e9on XIV. En d\u00e9cembre 2024, le roi Charles III avait assist\u00e9 exceptionnellement \u00e0 une messe catholique en soutien aux chr\u00e9tiens d\u2019Irak. R\u00e9cemment, il a \u00e9galement assist\u00e9 aux fun\u00e9railles catholiques de la duchesse de Kent, une branche de la famille royale dont plusieurs membres ont rejoint l\u2019\u00c9glise catholique.<\/p>\n<p>En 1531, le roi Henri rompt les liens avec l\u2019\u00c9glise catholique, pour des raisons surtout politiques. En 1534, il signe l\u2019Acte de supr\u00e9matie qui lui gouvernance de sa propre \u00c9glise. Ce m\u00eame Henri VIII avait lutt\u00e9 contre les id\u00e9es protestantes quelques ann\u00e9es plus t\u00f4t et s\u2019\u00e9tait m\u00eame vu offrir le titre de \u00ab\u00a0D\u00e9fenseur de la Foi \u00bb\u00a0par le pape L\u00e9on X, un titre qui figure toujours dans la titulature compl\u00e8te du souverain britannique. L\u2019\u00c9glise d\u2019Angleterre est commun\u00e9ment appel\u00e9e \u00c9glise anglicane. <\/p>\n<p>D\u00e8s le d\u00e9but de son r\u00e8gne, Charles a annonc\u00e9 qu\u2019il serait le souverain de toutes les confessions, bien que dans les faits, le souverain est surtout attach\u00e9 \u00e0 l\u2019\u00c9glise d\u2019Angleterre. Il est aussi le protecteur de l\u2019\u00c9glise d\u2019\u00c9cosse. Les deux \u00c9glises sont distinctes, celle d\u2019\u00c9cosse \u00e9tant presbyt\u00e9rienne. La loi r\u00e9gissant les r\u00e8gles de succession au tr\u00f4ne britannique a \u00e9t\u00e9 modifi\u00e9e en 2013 afin d\u2019assouplir les conditions mais \u00eatre de confession catholique reste l\u2019unique crit\u00e8re qui entra\u00eene automatiquement l\u2019exclusion de l\u2019ordre de succession. <\/p>\n<p>En tant que prince de Galles, Charles s\u2019est rendu au Saint-Si\u00e8ge \u00e0 cinq reprises : en avril 1985, en avril 2005 pour les fun\u00e9railles du Pape Jean-Paul II, en avril 2009 pour une audience avec le pape Beno\u00eet XVI, en avril 2017 pour une audience avec le pape France et octobre 2019 pour la canonisation du cardinal John Henry Newman. En 1982, Charles \u00e9tait aussi \u00e0 c\u00f4t\u00e9 de sa m\u00e8re pour accueillir le pape Jean-Paul II \u00e0 Canterbury, alors qu\u2019il s\u2019agissait de la toute premi\u00e8re visite officielle d\u2019un pape sur le sol britannique.<\/p>\n<p>\t\t\t\t<img loading=\"lazy\" alt=\"Avatar photo\" src=\"https:\/\/www.europesays.com\/fr\/wp-content\/uploads\/2025\/04\/1516945716303-164x164.jpeg\"  class=\"avatar avatar-164 photo lazyload\" height=\"164\" width=\"164\" decoding=\"async\"\/><br \/>\n\t\t<a href=\"https:\/\/histoiresroyales.fr\/author\/royaliste123\/\" rel=\"nofollow noopener\" target=\"_blank\">Nicolas Fontaine<\/a><br \/>\n\t\t\t\t\tR\u00e9dacteur en chef<\/p>\n<p>Nicolas Fontaine a \u00e9t\u00e9 concepteur-r\u00e9dacteur et auteur pour de nombreuses marques et m\u00e9dias belges et fran\u00e7ais. Sp\u00e9cialiste de l&rsquo;actualit\u00e9 des familles royales, Nicolas a fond\u00e9 le site Histoires royales dont il est le r\u00e9dacteur en chef.&#13;<br \/>\n&#13;<br \/>\nnicolas@histoiresroyales.fr<\/p>\n<p>\t\t\t\t\t\t\t<a href=\"https:\/\/twitter.com\/ActusRoyales\" class=\"boxed-icon fill twitter\" target=\"_blank\" rel=\"nofollow noopener\"><\/a><br \/>\n\t\t\t\t\t\t\t\t\t<a href=\"https:\/\/www.instagram.com\/histoiresroyales.fr\/\" class=\"boxed-icon fill instagram\" target=\"_blank\" rel=\"nofollow noopener\"><\/a><\/p>\n<p>\t\t\t\t\t\t\t\t\t\t\t\t\t<script async src=\"https:\/\/platform.twitter.com\/widgets.js\" charset=\"utf-8\"><\/script><script async src=\"\/\/www.instagram.com\/embed.js\"><\/script><\/p>\n","protected":false},"excerpt":{"rendered":"Ce 23 octobre est une date importante dans l\u2019histoire. Le roi Charles III est devenu le premier monarque&hellip;\n","protected":false},"author":2,"featured_media":484676,"comment_status":"","ping_status":"","sticky":false,"template":"","format":"standard","meta":{"footnotes":""},"categories":[2],"tags":[11,4793,1011,27,60790,12,25,4795],"class_list":{"0":"post-484675","1":"post","2":"type-post","3":"status-publish","4":"format-standard","5":"has-post-thumbnail","7":"category-actualites","8":"tag-actualites","9":"tag-camilla-parker-bowles","10":"tag-fr","11":"tag-france","12":"tag-lu00e9on-xiv","13":"tag-news","14":"tag-republique-francaise","15":"tag-roi-charles-iii"},"share_on_mastodon":{"url":"https:\/\/pubeurope.com\/@fr\/115424220667354309","error":""},"_links":{"self":[{"href":"https:\/\/www.europesays.com\/fr\/wp-json\/wp\/v2\/posts\/484675","targetHints":{"allow":["GET"]}}],"collection":[{"href":"https:\/\/www.europesays.com\/fr\/wp-json\/wp\/v2\/posts"}],"about":[{"href":"https:\/\/www.europesays.com\/fr\/wp-json\/wp\/v2\/types\/post"}],"author":[{"embeddable":true,"href":"https:\/\/www.europesays.com\/fr\/wp-json\/wp\/v2\/users\/2"}],"replies":[{"embeddable":true,"href":"https:\/\/www.europesays.com\/fr\/wp-json\/wp\/v2\/comments?post=484675"}],"version-history":[{"count":0,"href":"https:\/\/www.europesays.com\/fr\/wp-json\/wp\/v2\/posts\/484675\/revisions"}],"wp:featuredmedia":[{"embeddable":true,"href":"https:\/\/www.europesays.com\/fr\/wp-json\/wp\/v2\/media\/484676"}],"wp:attachment":[{"href":"https:\/\/www.europesays.com\/fr\/wp-json\/wp\/v2\/media?parent=484675"}],"wp:term":[{"taxonomy":"category","embeddable":true,"href":"https:\/\/www.europesays.com\/fr\/wp-json\/wp\/v2\/categories?post=484675"},{"taxonomy":"post_tag","embeddable":true,"href":"https:\/\/www.europesays.com\/fr\/wp-json\/wp\/v2\/tags?post=484675"}],"curies":[{"name":"wp","href":"https:\/\/api.w.org\/{rel}","templated":true}]}}