{"id":484687,"date":"2025-10-23T15:43:13","date_gmt":"2025-10-23T15:43:13","guid":{"rendered":"https:\/\/www.europesays.com\/fr\/484687\/"},"modified":"2025-10-23T15:43:13","modified_gmt":"2025-10-23T15:43:13","slug":"mcdonalds-va-apparaitre-sur-une-f1","status":"publish","type":"post","link":"https:\/\/www.europesays.com\/fr\/484687\/","title":{"rendered":"McDonald&rsquo;s va appara\u00eetre sur une F1"},"content":{"rendered":"<p>Le communiqu\u00e9 ne dit pas si cela aboutira \u00e0 la cr\u00e9ation d&rsquo;un menu \u00ab\u00a0Big Max\u00a0\u00bb, mais en tout cas cette nouvelle collaboration a de quoi marquer l&rsquo;histoire du sponsoring en Formule 1 puisque, pour la premi\u00e8re fois, le logo de McDonald&rsquo;s va appara\u00eetre sur une monoplace en Grand Prix.<\/p>\n<p>L&rsquo;information a \u00e9t\u00e9 annonc\u00e9e ce jeudi par l&rsquo;\u00e9curie autrichienne dans le cadre d&rsquo;une collaboration qui sera temporaire, puisque McDonald&rsquo;s deviendra un \u00ab\u00a0partenaire officiel\u00a0\u00bb de <a href=\"https:\/\/fr.motorsport.com\/team\/red-bull\/553\/\" target=\"_blank\" rel=\"noopener\">Red Bull<\/a> Racing pendant huit semaines. Concernant la livr\u00e9e, les \u00ab\u00a0arches dor\u00e9es\u00a0\u00bb de la marque de fast food seront en bonne vue puisque plac\u00e9es sur le Halo de la RB21 pilot\u00e9e par <a href=\"https:\/\/fr.motorsport.com\/driver\/max-verstappen\/93029\/\" target=\"_blank\" rel=\"noopener\">Max Verstappen<\/a> et <a href=\"https:\/\/fr.motorsport.com\/driver\/yuki-tsunoda\/828578\/\" target=\"_blank\" rel=\"noopener\">Yuki Tsunoda<\/a>. Le logo appara\u00eetra \u00e9galement dans le garage de l&rsquo;\u00e9curie.<\/p>\n<p>Le partenariat a \u00e9galement une port\u00e9e tr\u00e8s locale centr\u00e9e autour du Br\u00e9sil, et notamment du Grand Prix de S\u00e3o Paulo, puisque cette collaboration se mat\u00e9rialise d&rsquo;ores et d\u00e9j\u00e0 par l&rsquo;arriv\u00e9e de la boisson \u00e9nergisante dans une s\u00e9lection de restaurants br\u00e9siliens, avant des \u00e9v\u00e8nements en lien avec l&rsquo;\u00e9preuve \u00e0 l&rsquo;approche de celle-ci, qui doit se tenir du 7 au 9 novembre.\u00a0<\/p>\n<p>Il faut rappeler que ce n&rsquo;est pas la premi\u00e8re incursion du g\u00e9ant am\u00e9ricain en F1 ces derniers mois puisque d\u00e9but 2024, la marque est devenue un \u00ab\u00a0partenaire r\u00e9gional\u00a0\u00bb officiel du championnat en Am\u00e9rique latine et aux Cara\u00efbes via\u00a0Arcos Dorados, l&rsquo;exploitant de la cha\u00eene de fast food dans cette zone g\u00e9ographique.<\/p>\n<p>Il y a quelques mois, \u00e0 l&rsquo;occasion de la sortie du film \u00ab\u00a0F1: The Movie\u00a0\u00bb, cela s&rsquo;\u00e9tait traduit par une op\u00e9ration sp\u00e9ciale visant \u00e0 proposer aux clients de McDonald&rsquo;s des produits d\u00e9riv\u00e9s en lien avec le film dans des menus sp\u00e9ciaux.<\/p>\n<p>Lire aussi :<\/p>\n<p>            Votre avis nous int\u00e9resse !<\/p>\n<p class=\"mt-auto\">Qu&rsquo;aimeriez-vous voir sur Motorsport.com ?<\/p>\n<p>            <a href=\"#\" class=\"ms-link text-link font-bold\">R\u00e9pondez \u00e0 notre enqu\u00eate en 5 minutes.<\/a><\/p>\n<p class=\"mt-1 text-body\">&#8211; L&rsquo;\u00e9quipe Motorsport.com<\/p>\n","protected":false},"excerpt":{"rendered":"Le communiqu\u00e9 ne dit pas si cela aboutira \u00e0 la cr\u00e9ation d&rsquo;un menu \u00ab\u00a0Big Max\u00a0\u00bb, mais en tout&hellip;\n","protected":false},"author":2,"featured_media":484688,"comment_status":"","ping_status":"","sticky":false,"template":"","format":"standard","meta":{"footnotes":""},"categories":[1412],"tags":[60793,1451,1452,1453,1454,1455,1011,27,60792,2255,60791,60],"class_list":{"0":"post-484687","1":"post","2":"type-post","3":"status-publish","4":"format-standard","5":"has-post-thumbnail","7":"category-f1","8":"tag-autu00f3dromo-josu00e9-carlos-pace","9":"tag-f1","10":"tag-formula-1","11":"tag-formula1","12":"tag-formule-1","13":"tag-formule1","14":"tag-fr","15":"tag-france","16":"tag-gp-de-su00e3o-paulo","17":"tag-red-bull","18":"tag-red-bull-annonce-une-premiu00e8reu00a0-mcdonalds-va-apparau00eetre-sur-une-f1","19":"tag-sports"},"share_on_mastodon":{"url":"https:\/\/pubeurope.com\/@fr\/115424251385986276","error":""},"_links":{"self":[{"href":"https:\/\/www.europesays.com\/fr\/wp-json\/wp\/v2\/posts\/484687","targetHints":{"allow":["GET"]}}],"collection":[{"href":"https:\/\/www.europesays.com\/fr\/wp-json\/wp\/v2\/posts"}],"about":[{"href":"https:\/\/www.europesays.com\/fr\/wp-json\/wp\/v2\/types\/post"}],"author":[{"embeddable":true,"href":"https:\/\/www.europesays.com\/fr\/wp-json\/wp\/v2\/users\/2"}],"replies":[{"embeddable":true,"href":"https:\/\/www.europesays.com\/fr\/wp-json\/wp\/v2\/comments?post=484687"}],"version-history":[{"count":0,"href":"https:\/\/www.europesays.com\/fr\/wp-json\/wp\/v2\/posts\/484687\/revisions"}],"wp:featuredmedia":[{"embeddable":true,"href":"https:\/\/www.europesays.com\/fr\/wp-json\/wp\/v2\/media\/484688"}],"wp:attachment":[{"href":"https:\/\/www.europesays.com\/fr\/wp-json\/wp\/v2\/media?parent=484687"}],"wp:term":[{"taxonomy":"category","embeddable":true,"href":"https:\/\/www.europesays.com\/fr\/wp-json\/wp\/v2\/categories?post=484687"},{"taxonomy":"post_tag","embeddable":true,"href":"https:\/\/www.europesays.com\/fr\/wp-json\/wp\/v2\/tags?post=484687"}],"curies":[{"name":"wp","href":"https:\/\/api.w.org\/{rel}","templated":true}]}}