{"id":484706,"date":"2025-10-23T15:53:16","date_gmt":"2025-10-23T15:53:16","guid":{"rendered":"https:\/\/www.europesays.com\/fr\/484706\/"},"modified":"2025-10-23T15:53:16","modified_gmt":"2025-10-23T15:53:16","slug":"le-pere-dendrick-fou-le-feu-au-real-madrid-pour-son-transfert","status":"publish","type":"post","link":"https:\/\/www.europesays.com\/fr\/484706\/","title":{"rendered":"le p\u00e8re d&rsquo;Endrick fou le feu au Real Madrid pour son transfert"},"content":{"rendered":"<p>Rien ne se passe comme pr\u00e9vu pour Endrick. Le joyau br\u00e9silien du Real Madrid, cens\u00e9 incarner l\u2019avenir de la Maison Blanche, traverse une p\u00e9riode de doute qui pourrait bien rebattre toutes les cartes de son avenir. Et au passage, refroidir s\u00e9rieusement les espoirs de l\u2019Olympique de Marseille, un temps cit\u00e9 parmi les candidats \u00e0 l\u2019accueillir cet hiver.<\/p>\n<p>Depuis l\u2019arriv\u00e9e de Xabi Alonso sur le banc madril\u00e8ne, Endrick n\u2019a toujours pas foul\u00e9 la pelouse une seule minute. Hier encore, face \u00e0 la Juventus Turin en Ligue des Champions, le technicien espagnol a pr\u00e9f\u00e9r\u00e9 Gonzalo. Une nouvelle mise \u00e0 l\u2019\u00e9cart qui a fini d\u2019agacer le clan du joueur, d\u00e9j\u00e0 pr\u00e9venu cet \u00e9t\u00e9 que ses opportunit\u00e9s seraient limit\u00e9es s\u2019il refusait un pr\u00eat.<\/p>\n<p>\u00c0 lire aussiL&rsquo;OM doubl\u00e9 par le Br\u00e9sil ?<\/p>\n<p>Endrick avait pourtant choisi de rester, esp\u00e9rant convaincre \u00e0 l\u2019entra\u00eenement. Pari manqu\u00e9. La frustration s\u2019est d\u00e9sormais d\u00e9plac\u00e9e hors des terrains. Douglas Sousa, le p\u00e8re du jeune prodige, a publiquement r\u00e9agi sur Instagram \u00e0 une publication \u00e9voquant l\u2019avenir de son fils : \u00ab\u00a0Palmeiras devrait faire une offre, pr\u00e9senter un projet\u00a0\u00bb, a-t-il balanc\u00e9.<\/p>\n<p>Le message n\u2019a \u00e9videmment pas \u00e9chapp\u00e9 \u00e0 la direction de Palmeiras. D\u2019apr\u00e8s UOL Esporte, le club br\u00e9silien serait tent\u00e9 par un retour du joueur form\u00e9 \u00e0 la maison, mais l\u2019affaire s\u2019annonce complexe. D\u2019un c\u00f4t\u00e9, Endrick veut poursuivre sa progression en Europe; de l\u2019autre, Madrid ne compte pas le brader. Les dirigeants auriverdes sont lucides : une op\u00e9ration de ce calibre, \u00e0 ce stade de la saison, rel\u00e8ve presque du fantasme.<\/p>\n<p>Reste la question br\u00fblante : o\u00f9 rebondira Endrick ? Plusieurs clubs europ\u00e9ens se sont d\u00e9j\u00e0 positionn\u00e9s, dont la Juventus et l\u2019Olympique de Marseille. Mais la situation semble se compliquer pour le club phoc\u00e9en. Le joueur, d\u00e9cid\u00e9 \u00e0 rester sur le Vieux Continent, viserait une \u00e9quipe capable de lui garantir du temps de jeu imm\u00e9diat dans un championnat majeur. Et face \u00e0 la concurrence anglaise, les chances de l\u2019OM paraissent minces.<\/p>\n<p>   Partagez cette info avec vos amis et vos proches en cliquant ici<br \/> Pour r\u00e9sumer<\/p>\n<p>Endrick, mis \u00e0 l\u2019\u00e9cart par Xabi Alonso au Real Madrid, voit son avenir s\u2019assombrir. Son p\u00e8re \u00e9voque un retour \u00e0 Palmeiras, mais le Br\u00e9silien vise un pr\u00eat europ\u00e9en avec du temps de jeu. L\u2019OM, int\u00e9ress\u00e9, semble distanc\u00e9 face \u00e0 la concurrence anglaise et aux exigences du joueur.<\/p>\n<p>R\u00e9dacteur<\/p>\n<p><img decoding=\"async\" width=\"76\" height=\"76\" loading=\"lazy\" src=\"https:\/\/www.europesays.com\/fr\/wp-content\/uploads\/2025\/04\/logo-antoine-chirat.jpg\" alt=\"Antoine Chirat\"\/><\/p>\n","protected":false},"excerpt":{"rendered":"Rien ne se passe comme pr\u00e9vu pour Endrick. Le joyau br\u00e9silien du Real Madrid, cens\u00e9 incarner l\u2019avenir de&hellip;\n","protected":false},"author":2,"featured_media":484707,"comment_status":"","ping_status":"","sticky":false,"template":"","format":"standard","meta":{"footnotes":""},"categories":[9],"tags":[1011,27,66,149,4790,60],"class_list":{"0":"post-484706","1":"post","2":"type-post","3":"status-publish","4":"format-standard","5":"has-post-thumbnail","7":"category-sports","8":"tag-fr","9":"tag-france","10":"tag-ligue-1","11":"tag-om","12":"tag-real-madrid","13":"tag-sports"},"share_on_mastodon":{"url":"https:\/\/pubeurope.com\/@fr\/115424291264919122","error":""},"_links":{"self":[{"href":"https:\/\/www.europesays.com\/fr\/wp-json\/wp\/v2\/posts\/484706","targetHints":{"allow":["GET"]}}],"collection":[{"href":"https:\/\/www.europesays.com\/fr\/wp-json\/wp\/v2\/posts"}],"about":[{"href":"https:\/\/www.europesays.com\/fr\/wp-json\/wp\/v2\/types\/post"}],"author":[{"embeddable":true,"href":"https:\/\/www.europesays.com\/fr\/wp-json\/wp\/v2\/users\/2"}],"replies":[{"embeddable":true,"href":"https:\/\/www.europesays.com\/fr\/wp-json\/wp\/v2\/comments?post=484706"}],"version-history":[{"count":0,"href":"https:\/\/www.europesays.com\/fr\/wp-json\/wp\/v2\/posts\/484706\/revisions"}],"wp:featuredmedia":[{"embeddable":true,"href":"https:\/\/www.europesays.com\/fr\/wp-json\/wp\/v2\/media\/484707"}],"wp:attachment":[{"href":"https:\/\/www.europesays.com\/fr\/wp-json\/wp\/v2\/media?parent=484706"}],"wp:term":[{"taxonomy":"category","embeddable":true,"href":"https:\/\/www.europesays.com\/fr\/wp-json\/wp\/v2\/categories?post=484706"},{"taxonomy":"post_tag","embeddable":true,"href":"https:\/\/www.europesays.com\/fr\/wp-json\/wp\/v2\/tags?post=484706"}],"curies":[{"name":"wp","href":"https:\/\/api.w.org\/{rel}","templated":true}]}}