{"id":484708,"date":"2025-10-23T15:54:13","date_gmt":"2025-10-23T15:54:13","guid":{"rendered":"https:\/\/www.europesays.com\/fr\/484708\/"},"modified":"2025-10-23T15:54:13","modified_gmt":"2025-10-23T15:54:13","slug":"lamour-sest-effrite-thibault-et-jessica-annoncent-leur-divorce-apres-huit-ans-dun-couple-qui-a-marque-la-tele-realite","status":"publish","type":"post","link":"https:\/\/www.europesays.com\/fr\/484708\/","title":{"rendered":"\u00ab\u00a0L&rsquo;amour s&rsquo;est effrit\u00e9\u00a0\u00bb\u00a0: Thibault et Jessica annoncent leur divorce apr\u00e8s huit ans d&rsquo;un couple qui a marqu\u00e9 la t\u00e9l\u00e9-r\u00e9alit\u00e9"},"content":{"rendered":"<p class=\"text-left ap-StoryElement ap-StoryElement--mb ap-StoryText\">H\u00e9las, l&rsquo;histoire qui unissait les deux personnalit\u00e9s a pris fin, comme Thibault Garcia l&rsquo;a annonc\u00e9 dans un post Instagram ce jeudi 23 novembre. \u00ab\u00a0Apr\u00e8s huit ann\u00e9es de bonheur partag\u00e9, de beaux souvenirs et surtout deux merveilleux enfants, nos chemins se s\u00e9parent aujourd&rsquo;hui.<b> <\/b>Depuis quelques ann\u00e9es, le bonheur s&rsquo;est peu \u00e0 peu effrit\u00e9, l&rsquo;amour aussi, sans qu&rsquo;il y ait de fautif. Parfois, la vie nous \u00e9loigne simplement, malgr\u00e9 les efforts et les intentions\u00a0\u00bb, \u00e9crit-il.<\/p>\n<p><a href=\"https:\/\/www.parismatch.be\/actualites\/people\/2025\/08\/27\/le-plus-gros-echec-de-ma-vie-giuseppa-et-paga-cest-termine-la-jeune-femme-met-les-choses-au-point-sur-la-responsabilite-de-son-ex-mari-EZCAGSKAPZAK7ESSULH7DBXRMQ\/\" target=\"_blank\" rel=\"noopener noreferrer\" class=\"ap-StoryInterstitialLink ap-StoryElement ap-StoryElement--mb\">\u00ab\u00a0Le plus gros \u00e9chec de ma vie\u00a0\u00bb : Giuseppa et Paga, c&rsquo;est termin\u00e9, la jeune femme met les choses au point sur la responsabilit\u00e9 de son ex-mari<\/a>Jessica contrainte d&rsquo;accepter la d\u00e9cision de Thibault<\/p>\n<p class=\"text-left ap-StoryElement ap-StoryElement--mb ap-StoryText\">De son c\u00f4t\u00e9, Jessica Thivenin s&rsquo;est \u00e9galement exprim\u00e9e dans un poignant message. \u00ab\u00a0Depuis quelques jours, Thibault a pris la d\u00e9cision de divorcer. Je n&rsquo;ai pas d&rsquo;autre choix que d&rsquo;accepter cette r\u00e9alit\u00e9, d&rsquo;accepter qu&rsquo;il ne m&rsquo;aime plus\u00a0\u00bb, commence-t-elle. \u00ab\u00a0Nous avons une famille, des enfants, et ils restent ce qu&rsquo;il y a de plus pr\u00e9cieux au monde pour moi. La vie continue\u2026 Je ne suis pas la premi\u00e8re, et je ne serai pas la derni\u00e8re \u00e0 \u00eatre une maman divorc\u00e9e. Je garde foi en l&rsquo;avenir, m\u00eame si aujourd&rsquo;hui, j&rsquo;ai mal.\u00a0\u00bb Les deux jeunes parents ont manifest\u00e9 leur volont\u00e9 de pr\u00e9server leurs enfants de cette d\u00e9cision, en faisant de Maylone et Leewane leur priorit\u00e9.<\/p>\n","protected":false},"excerpt":{"rendered":"H\u00e9las, l&rsquo;histoire qui unissait les deux personnalit\u00e9s a pris fin, comme Thibault Garcia l&rsquo;a annonc\u00e9 dans un post&hellip;\n","protected":false},"author":2,"featured_media":484709,"comment_status":"","ping_status":"","sticky":false,"template":"","format":"standard","meta":{"footnotes":""},"categories":[8],"tags":[58,59,1011,27,60798,60801,60799,60800],"class_list":{"0":"post-484708","1":"post","2":"type-post","3":"status-publish","4":"format-standard","5":"has-post-thumbnail","7":"category-divertissement","8":"tag-divertissement","9":"tag-entertainment","10":"tag-fr","11":"tag-france","12":"tag-jessica","13":"tag-jessica-thivenin","14":"tag-thibault","15":"tag-thibault-garcia"},"share_on_mastodon":{"url":"https:\/\/pubeurope.com\/@fr\/115424294696719360","error":""},"_links":{"self":[{"href":"https:\/\/www.europesays.com\/fr\/wp-json\/wp\/v2\/posts\/484708","targetHints":{"allow":["GET"]}}],"collection":[{"href":"https:\/\/www.europesays.com\/fr\/wp-json\/wp\/v2\/posts"}],"about":[{"href":"https:\/\/www.europesays.com\/fr\/wp-json\/wp\/v2\/types\/post"}],"author":[{"embeddable":true,"href":"https:\/\/www.europesays.com\/fr\/wp-json\/wp\/v2\/users\/2"}],"replies":[{"embeddable":true,"href":"https:\/\/www.europesays.com\/fr\/wp-json\/wp\/v2\/comments?post=484708"}],"version-history":[{"count":0,"href":"https:\/\/www.europesays.com\/fr\/wp-json\/wp\/v2\/posts\/484708\/revisions"}],"wp:featuredmedia":[{"embeddable":true,"href":"https:\/\/www.europesays.com\/fr\/wp-json\/wp\/v2\/media\/484709"}],"wp:attachment":[{"href":"https:\/\/www.europesays.com\/fr\/wp-json\/wp\/v2\/media?parent=484708"}],"wp:term":[{"taxonomy":"category","embeddable":true,"href":"https:\/\/www.europesays.com\/fr\/wp-json\/wp\/v2\/categories?post=484708"},{"taxonomy":"post_tag","embeddable":true,"href":"https:\/\/www.europesays.com\/fr\/wp-json\/wp\/v2\/tags?post=484708"}],"curies":[{"name":"wp","href":"https:\/\/api.w.org\/{rel}","templated":true}]}}