{"id":484712,"date":"2025-10-23T15:56:12","date_gmt":"2025-10-23T15:56:12","guid":{"rendered":"https:\/\/www.europesays.com\/fr\/484712\/"},"modified":"2025-10-23T15:56:12","modified_gmt":"2025-10-23T15:56:12","slug":"le-parlement-abroge-la-reforme-contestee-du-precedent-budget","status":"publish","type":"post","link":"https:\/\/www.europesays.com\/fr\/484712\/","title":{"rendered":"le Parlement abroge la r\u00e9forme contest\u00e9e du pr\u00e9c\u00e9dent budget"},"content":{"rendered":"<p>\n    L\u2019abaissement du seuil d\u2019exon\u00e9ration de la TVA voulu par le gouvernement Bayrou avait \u00e9t\u00e9 suspendu apr\u00e8s une lev\u00e9e de boucliers. D\u00e9finitivement enterr\u00e9 dans cette version, il pourrait revenir sous une autre forme.<\/p>\n<p class=\"fig-paragraph\">Une victoire&#8230; peut-\u00eatre de courte dur\u00e9e. Le Parlement a ent\u00e9rin\u00e9 \u00e0 l&rsquo;unanimit\u00e9, ce jeudi 23 octobre, l&rsquo;abrogation d&rsquo;<a href=\"http:\/\/www.lefigaro.fr\/societes\/le-budget-2025-va-forcer-davantage-de-petites-entreprises-a-s-acquitter-de-la-tva-s-inquietent-les-professionnels-20250204\" data-fig-type=\"NewsFlash\" data-gtm-custom-categorie=\"navigation\" data-gtm-custom-action=\"crossclick\" data-gtm-custom-label=\"Contextuel\" data-gtm-event=\"customEventSPE\" data-fig-domain=\"LEFIGARO\" target=\"_blank\" rel=\"noopener\">une r\u00e9forme contest\u00e9e des seuils d&rsquo;exemption de TVA pour les autoentrepreneurs<\/a>\u00a0pr\u00e9vue dans le pr\u00e9c\u00e9dent budget. Mais le d\u00e9bat est loin d&rsquo;\u00eatre clos, car\u00a0<a href=\"http:\/\/www.lefigaro.fr\/conjoncture\/budget-2026-les-autoentrepreneurs-paieront-la-tva-a-partir-de-37-500-euros-de-chiffre-d-affaires-20251014\" data-fig-type=\"Article\" data-gtm-custom-categorie=\"navigation\" data-gtm-custom-action=\"crossclick\" data-gtm-custom-label=\"Contextuel\" data-gtm-event=\"customEventSPE\" data-fig-domain=\"LEFIGARO\" target=\"_blank\" rel=\"noopener\">le gouvernement revient \u00e0 la charge sur le sujet dans le projet de budget 2026<\/a>.<\/p>\n<p class=\"fig-paragraph\">Un ultime vote du S\u00e9nat, \u00e0 l&rsquo;unanimit\u00e9, a permis \u00e0 la proposition de loi du d\u00e9put\u00e9 Paul Midy (Renaissance) d&rsquo;\u00eatre d\u00e9finitivement adopt\u00e9e au Parlement.\u00a0<a href=\"http:\/\/www.lefigaro.fr\/conjoncture\/tva-des-autoentrepreneurs-les-deputes-suppriment-a-l-unanimite-la-baisse-polemique-des-plafonds-d-exoneration-20250603\" data-fig-type=\"NewsFlash\" data-gtm-custom-categorie=\"navigation\" data-gtm-custom-action=\"crossclick\" data-gtm-custom-label=\"Contextuel\" data-gtm-event=\"customEventSPE\" data-fig-domain=\"LEFIGARO\" target=\"_blank\" rel=\"noopener\">L&rsquo;Assembl\u00e9e l&rsquo;avait elle aussi vot\u00e9e \u00e0 l&rsquo;unanimit\u00e9 en juin<\/a>, \u00e0 l&rsquo;identique. Introduite \u00e0 la derni\u00e8re minute via un amendement gouvernemental l&rsquo;ann\u00e9e derni\u00e8re dans le projet de loi de finances, la r\u00e9forme pr\u00e9voyait d&rsquo;abaisser \u00e0 25.000 euros de chiffre d&rsquo;affaires annuel le seuil en de\u00e7\u00e0 duquel les microentreprises sont exempt\u00e9es de taxe sur la valeur ajout\u00e9e (TVA), au lieu de 37.500 euros actuellement pour les prestations de services et 85.000 euros pour les activit\u00e9s de commerce.<\/p>\n<p>                                    <a class=\"fig-a11y-skip a11y-hidden\" href=\"#fig-a11y-skip-main-inarticle\"><br \/>\n        Passer la publicit\u00e9<br \/>\n    <\/a><\/p>\n<p>\u00abTraquenard fiscal\u00bb<\/p>\n<p class=\"fig-paragraph\">Le dispositif, qui devait rapporter environ 780 millions d&rsquo;euros par an, dont la moiti\u00e9 pour l&rsquo;\u00c9tat, avait suscit\u00e9 une lev\u00e9e de boucliers des acteurs \u00e9conomiques, en premier lieu desquels les microentreprises, particuli\u00e8rement cibl\u00e9es. \u00abCe changement radical aurait conduit d\u00e8s cette ann\u00e9e pr\u00e8s de 200.000 structures, dont 135.000 microentrepreneurs, \u00e0 devenir redevables de la TVA\u00bb, s&rsquo;est insurg\u00e9e la s\u00e9natrice LR Christine Lavarde. Apr\u00e8s les critiques, le gouvernement Bayrou avait annonc\u00e9 fin avril la suspension de la r\u00e9forme jusqu&rsquo;\u00e0 fin 2025, renvoyant la discussion au budget 2026.<\/p>\n<p class=\"fig-paragraph\">Face \u00e0 ce que Paul Midy a qualifi\u00e9 de \u00abtraquenard fiscal\u00bb, les parlementaires ont donc propos\u00e9 l&rsquo;abrogation pure et simple du dispositif, pour en revenir \u00e0 la situation de 2024. \u00abProt\u00e9ger les autoentrepreneurs, c&rsquo;est d\u00e9fendre l&#8217;emploi, le travail et la confiance dans notre \u00e9conomie r\u00e9elle\u00bb, a salu\u00e9 le pr\u00e9sident du groupe macroniste au S\u00e9nat, Fran\u00e7ois Patriat.<\/p>\n<p>Une nouvelle mesure dans le budget 2026<\/p>\n<p class=\"fig-paragraph\">Mais le d\u00e9bat est loin d&rsquo;\u00eatre termin\u00e9\u00a0: le nouveau gouvernement de S\u00e9bastien Lecornu propose dans son projet de budget pour 2026 une voie m\u00e9diane, avec un seuil de \u00abdroit commun\u00bb fix\u00e9 \u00e0 37.500 euros, et un seuil sp\u00e9cifique abaiss\u00e9 \u00e0 25.000 euros pour les microentreprises du b\u00e2timent. \u00abL&rsquo;approche du gouvernement est pragmatique. Elle divise par quatre le nombre d&rsquo;entit\u00e9s affect\u00e9es par rapport \u00e0 la r\u00e9forme de 2025\u00bb, a d\u00e9fendu le ministre des Petites et moyennes entreprises, Serge Papin, assurant qu&rsquo;il fallait \u00abcorriger les d\u00e9s\u00e9quilibres\u00bb.<\/p>\n<p class=\"fig-paragraph\">Peu de s\u00e9nateurs ont souhait\u00e9 \u00e0 ce stade s&rsquo;exprimer sur cette nouvelle proposition, pr\u00e9f\u00e9rant \u00abs\u00e9curiser juridiquement\u00bb la r\u00e9forme et renvoyant le d\u00e9bat \u00e0 la discussion budg\u00e9taire. \u00c0 l&rsquo;Assembl\u00e9e nationale, le d\u00e9bat s&rsquo;est d\u00e9j\u00e0 ouvert en commission des Finances. Mercredi, les d\u00e9put\u00e9s avaient tout simplement&#8230; supprim\u00e9 la mesure, en attendant l&rsquo;examen dans l&rsquo;h\u00e9micycle.<\/p>\n","protected":false},"excerpt":{"rendered":"L\u2019abaissement du seuil d\u2019exon\u00e9ration de la TVA voulu par le gouvernement Bayrou avait \u00e9t\u00e9 suspendu apr\u00e8s une lev\u00e9e&hellip;\n","protected":false},"author":2,"featured_media":484713,"comment_status":"","ping_status":"","sticky":false,"template":"","format":"standard","meta":{"footnotes":""},"categories":[6],"tags":[60802,1003,35,33,34,1011,27,7121],"class_list":{"0":"post-484712","1":"post","2":"type-post","3":"status-publish","4":"format-standard","5":"has-post-thumbnail","7":"category-economie","8":"tag-autoentrepreneur","9":"tag-budget","10":"tag-business","11":"tag-economie","12":"tag-economy","13":"tag-fr","14":"tag-france","15":"tag-tva"},"share_on_mastodon":{"url":"https:\/\/pubeurope.com\/@fr\/115424302499440305","error":""},"_links":{"self":[{"href":"https:\/\/www.europesays.com\/fr\/wp-json\/wp\/v2\/posts\/484712","targetHints":{"allow":["GET"]}}],"collection":[{"href":"https:\/\/www.europesays.com\/fr\/wp-json\/wp\/v2\/posts"}],"about":[{"href":"https:\/\/www.europesays.com\/fr\/wp-json\/wp\/v2\/types\/post"}],"author":[{"embeddable":true,"href":"https:\/\/www.europesays.com\/fr\/wp-json\/wp\/v2\/users\/2"}],"replies":[{"embeddable":true,"href":"https:\/\/www.europesays.com\/fr\/wp-json\/wp\/v2\/comments?post=484712"}],"version-history":[{"count":0,"href":"https:\/\/www.europesays.com\/fr\/wp-json\/wp\/v2\/posts\/484712\/revisions"}],"wp:featuredmedia":[{"embeddable":true,"href":"https:\/\/www.europesays.com\/fr\/wp-json\/wp\/v2\/media\/484713"}],"wp:attachment":[{"href":"https:\/\/www.europesays.com\/fr\/wp-json\/wp\/v2\/media?parent=484712"}],"wp:term":[{"taxonomy":"category","embeddable":true,"href":"https:\/\/www.europesays.com\/fr\/wp-json\/wp\/v2\/categories?post=484712"},{"taxonomy":"post_tag","embeddable":true,"href":"https:\/\/www.europesays.com\/fr\/wp-json\/wp\/v2\/tags?post=484712"}],"curies":[{"name":"wp","href":"https:\/\/api.w.org\/{rel}","templated":true}]}}