{"id":484714,"date":"2025-10-23T15:57:12","date_gmt":"2025-10-23T15:57:12","guid":{"rendered":"https:\/\/www.europesays.com\/fr\/484714\/"},"modified":"2025-10-23T15:57:12","modified_gmt":"2025-10-23T15:57:12","slug":"le-ministre-israelien-des-finances-presente-ses-excuses-apres-ses-propos-malheureux-sur-larabie-saoudite","status":"publish","type":"post","link":"https:\/\/www.europesays.com\/fr\/484714\/","title":{"rendered":"Le ministre isra\u00e9lien des Finances pr\u00e9sente ses excuses apr\u00e8s ses propos \u00abmalheureux\u00bb sur l&rsquo;Arabie saoudite"},"content":{"rendered":"<p>\n    Bezalel Smotrich avait conseill\u00e9 \u00e0 l\u2019Arabie saoudite de continuer \u00ab\u00e0 monter \u00e0 chameau\u00bb, plut\u00f4t que d\u2019exiger la cr\u00e9ation d\u2019un \u00c9tat palestinien.<\/p>\n<p class=\"fig-paragraph\">Le ministre isra\u00e9lien des Finances,\u00a0<a href=\"https:\/\/video.lefigaro.fr\/figaro\/politique\/non-nous-naccueillons-pas-a-bras-ouverts-ce-ministre-israelien-conteste-le-premier-ministre-au-sujet-de-bezalel-smotrich-20241105\" data-fig-type=\"Video\" data-gtm-custom-categorie=\"navigation\" data-gtm-custom-action=\"crossclick\" data-gtm-custom-label=\"Contextuel\" data-gtm-event=\"customEventSPE\" data-fig-domain=\"LEFIGARO\" target=\"_blank\" rel=\"noopener\">Bezalel Smotrich<\/a>, a pr\u00e9sent\u00e9 ses excuses pour avoir conseill\u00e9 jeudi 23 octobre \u00e0 l\u2019<a href=\"http:\/\/www.lefigaro.fr\/flash-actu\/l-arabie-saoudite-execute-un-homme-pour-terrorisme-portant-a-300-le-nombre-d-executions-sur-l-annee-2025-20251020\" data-fig-type=\"NewsFlash\" data-gtm-custom-categorie=\"navigation\" data-gtm-custom-action=\"crossclick\" data-gtm-custom-label=\"Contextuel\" data-gtm-event=\"customEventSPE\" data-fig-domain=\"LEFIGARO\" target=\"_blank\" rel=\"noopener\">Arabie saoudite<\/a>\u00a0de continuer \u00ab\u00e0 monter \u00e0 chameau\u00bb, plut\u00f4t que d\u2019exiger la cr\u00e9ation d\u2019un \u00c9tat palestinien en \u00e9change d\u2019une normalisation des relations entre les deux pays.<\/p>\n<p class=\"fig-paragraph\">S\u2019exprimant lors d\u2019un colloque sur une \u00e9ventuelle\u00a0<a href=\"http:\/\/www.lefigaro.fr\/international\/pour-marco-rubio-les-projets-d-annexion-d-israel-en-cisjordanie-menacent-la-treve-a-gaza-20251023\" data-fig-type=\"NewsFlash\" data-gtm-custom-categorie=\"navigation\" data-gtm-custom-action=\"crossclick\" data-gtm-custom-label=\"Contextuel\" data-gtm-event=\"customEventSPE\" data-fig-domain=\"LEFIGARO\" target=\"_blank\" rel=\"noopener\">annexion de la Cisjordanie<\/a>\u00a0par Isra\u00ebl, qui mettrait fin \u00e0 la possibilit\u00e9 de cr\u00e9ation d\u2019un \u00c9tat palestinien, Smotrich a d\u00e9clar\u00e9 que \u00absi l\u2019Arabie saoudite nous dit: normalisation en \u00e9change d\u2019un \u00c9tat palestinien, mes amis, non merci\u00bb.<\/p>\n<p>                                    <a class=\"fig-a11y-skip a11y-hidden\" href=\"#fig-a11y-skip-main-inarticle\"><br \/>\n        Passer la publicit\u00e9<br \/>\n    <\/a><\/p>\n<p class=\"fig-paragraph\">En 2020,\u00a0<a href=\"https:\/\/video.lefigaro.fr\/figaro\/international\/en-quoi-consistent-les-accords-dabraham-evoques-par-donald-trump-devant-le-parlement-israelien-20251015\" data-fig-type=\"Video\" data-gtm-custom-categorie=\"navigation\" data-gtm-custom-action=\"crossclick\" data-gtm-custom-label=\"Contextuel\" data-gtm-event=\"customEventSPE\" data-fig-domain=\"LEFIGARO\" target=\"_blank\" rel=\"noopener\">les accords d\u2019Abraham<\/a>, parrain\u00e9s par le pr\u00e9sident am\u00e9ricain Donald Trump lors de son premier mandat, ont conduit \u00e0 la normalisation des relations entre Isra\u00ebl et plusieurs pays arabes. En revanche, les pourparlers en vue d\u2019une normalisation entre l\u2019Arabie saoudite et Isra\u00ebl ont \u00e9t\u00e9 gel\u00e9s apr\u00e8s l\u2019attaque du Hamas, qui a d\u00e9clench\u00e9 le 7 octobre 2023 la guerre \u00e0 Gaza. Ryad conditionne toute normalisation \u00e0 la cr\u00e9ation d\u2019un \u00c9tat palestinien.<\/p>\n<p>\u00abContinuez \u00e0 monter \u00e0 chameau sur le sol du d\u00e9sert saoudien\u00bb<\/p>\n<p class=\"fig-paragraph\">\u00abContinuez \u00e0 monter \u00e0 chameau sur le sol du d\u00e9sert saoudien et nous, nous continuerons \u00e0 nous d\u00e9velopper &#8211;avec une \u00e9conomie, une soci\u00e9t\u00e9, un \u00c9tat et toutes les grandes et merveilleuses choses que nous savons faire\u00bb, a-t-il ajout\u00e9, suscitant de vives r\u00e9actions en Isra\u00ebl. Le chef de l\u2019opposition, Ya\u00efr Lapid, a r\u00e9agi sur X en arabe: \u00abA nos amis du royaume d\u2019Arabie saoudite et du Moyen-Orient, Bezalel Smotrich ne repr\u00e9sente pas l\u2019\u00c9tat d\u2019Isra\u00ebl\u00bb. Il a ensuite appel\u00e9 le ministre \u00e0 pr\u00e9senter ses excuses.<\/p>\n<p class=\"fig-paragraph\">L\u2019ancien ministre de la D\u00e9fense,\u00a0<a href=\"https:\/\/video.lefigaro.fr\/figaro\/international\/israel-benny-gantz-membre-du-cabinet-de-guerre-annonce-sa-demission-du-gouvernement-20240609\" data-fig-type=\"Video\" data-gtm-custom-categorie=\"navigation\" data-gtm-custom-action=\"crossclick\" data-gtm-custom-label=\"Contextuel\" data-gtm-event=\"customEventSPE\" data-fig-domain=\"LEFIGARO\" target=\"_blank\" rel=\"noopener\">Benny Gantz<\/a>, a estim\u00e9 que les propos de Bezalel Smotrich \u00abt\u00e9moignent d\u2019ignorance et d\u2019un manque de conscience de sa responsabilit\u00e9 en tant que ministre de haut rang au sein du gouvernement\u00bb. Smotrich est connu pour ses d\u00e9clarations incendiaires, souvent en d\u00e9calage avec la ligne officielle du gouvernement de Benyamin Netanyahou, dont il est l\u2019un des membres les plus radicaux. \u00abL\u2019entit\u00e9 appel\u00e9e \u00c9tat d\u2019Isra\u00ebl est l\u2019\u00c9tat d\u2019Isra\u00ebl dans toutes ses fronti\u00e8res, et elle ne cr\u00e9era jamais d\u2019\u00c9tat palestinien\u00bb, a-t-il lanc\u00e9 jeudi.<\/p>\n<p class=\"fig-paragraph\">Ministre d\u2019extr\u00eame droite, Smotrich plaide depuis longtemps pour l\u2019annexion de la Cisjordanie occup\u00e9e, o\u00f9 il r\u00e9side. Estimant que ces propos n\u2019\u00e9taient pas \u00abappropri\u00e9s\u00bb, Smotrich a pr\u00e9sent\u00e9 jeudi apr\u00e8s-midi sur X des excuses publiques dans une courte vid\u00e9o. \u00abMa d\u00e9claration concernant l\u2019Arabie saoudite n\u2019\u00e9tait certainement pas appropri\u00e9e, et je regrette l\u2019offense qu\u2019elle a pu causer\u00bb, a-t-il reconnu.<\/p>\n<p class=\"fig-paragraph\">\u00abCela dit, j\u2019attends \u00e9galement des Saoudiens qu\u2019ils ne nous portent pas atteinte et qu\u2019ils ne renient pas l\u2019h\u00e9ritage, la tradition et les droits du peuple juif sur sa patrie historique en Jud\u00e9e-Samarie (nom donn\u00e9 par Isra\u00ebl \u00e0 la Cisjordanie, NDLR), afin d\u2019\u00e9tablir avec nous une paix v\u00e9ritable\u00bb, a-t-il ajout\u00e9.<\/p>\n","protected":false},"excerpt":{"rendered":"Bezalel Smotrich avait conseill\u00e9 \u00e0 l\u2019Arabie saoudite de continuer \u00ab\u00e0 monter \u00e0 chameau\u00bb, plut\u00f4t que d\u2019exiger la cr\u00e9ation&hellip;\n","protected":false},"author":2,"featured_media":484715,"comment_status":"","ping_status":"","sticky":false,"template":"","format":"standard","meta":{"footnotes":""},"categories":[5],"tags":[11,4947,1011,27,14,664,12,28],"class_list":{"0":"post-484714","1":"post","2":"type-post","3":"status-publish","4":"format-standard","5":"has-post-thumbnail","7":"category-international","8":"tag-actualites","9":"tag-arabie-saoudite","10":"tag-fr","11":"tag-france","12":"tag-international","13":"tag-israel","14":"tag-news","15":"tag-world"},"share_on_mastodon":{"url":"https:\/\/pubeurope.com\/@fr\/115424306428116064","error":""},"_links":{"self":[{"href":"https:\/\/www.europesays.com\/fr\/wp-json\/wp\/v2\/posts\/484714","targetHints":{"allow":["GET"]}}],"collection":[{"href":"https:\/\/www.europesays.com\/fr\/wp-json\/wp\/v2\/posts"}],"about":[{"href":"https:\/\/www.europesays.com\/fr\/wp-json\/wp\/v2\/types\/post"}],"author":[{"embeddable":true,"href":"https:\/\/www.europesays.com\/fr\/wp-json\/wp\/v2\/users\/2"}],"replies":[{"embeddable":true,"href":"https:\/\/www.europesays.com\/fr\/wp-json\/wp\/v2\/comments?post=484714"}],"version-history":[{"count":0,"href":"https:\/\/www.europesays.com\/fr\/wp-json\/wp\/v2\/posts\/484714\/revisions"}],"wp:featuredmedia":[{"embeddable":true,"href":"https:\/\/www.europesays.com\/fr\/wp-json\/wp\/v2\/media\/484715"}],"wp:attachment":[{"href":"https:\/\/www.europesays.com\/fr\/wp-json\/wp\/v2\/media?parent=484714"}],"wp:term":[{"taxonomy":"category","embeddable":true,"href":"https:\/\/www.europesays.com\/fr\/wp-json\/wp\/v2\/categories?post=484714"},{"taxonomy":"post_tag","embeddable":true,"href":"https:\/\/www.europesays.com\/fr\/wp-json\/wp\/v2\/tags?post=484714"}],"curies":[{"name":"wp","href":"https:\/\/api.w.org\/{rel}","templated":true}]}}