{"id":484718,"date":"2025-10-23T15:59:12","date_gmt":"2025-10-23T15:59:12","guid":{"rendered":"https:\/\/www.europesays.com\/fr\/484718\/"},"modified":"2025-10-23T15:59:12","modified_gmt":"2025-10-23T15:59:12","slug":"charles-iii-au-vatican-un-nouveau-titre-pour-le-roi","status":"publish","type":"post","link":"https:\/\/www.europesays.com\/fr\/484718\/","title":{"rendered":"Charles III au Vatican : un nouveau titre pour le roi !"},"content":{"rendered":"<p data-start=\"0\" data-end=\"510\">Ce jeudi 23 octobre, le roi<br \/>\n<a href=\"https:\/\/www.closermag.fr\/royautes\/meghan-et-harry-ce-subtil-message-de-charles-iii-pour-apaiser-la-situation-3588497\" target=\"_blank\" rel=\"noopener\"><br \/>\nCharles III<\/a> et la reine <a href=\"https:\/\/www.closermag.fr\/royautes\/meghan-markle-cette-question-inappropriee-posee-par-donald-trump-a-camilla-parker-bowles-3588178\" target=\"_blank\" rel=\"noopener\"><br \/>\nCamilla<\/a> effectuent une visite d\u2019envergure au Vatican afin de<br \/>\nrencontrer le pape L\u00e9on XIV. Initialement pr\u00e9vue en mars pour<br \/>\nc\u00e9l\u00e9brer le Jubil\u00e9 2025, cette visite avait \u00e9t\u00e9 report\u00e9e en raison<br \/>\nde la sant\u00e9 fragile du pape Fran\u00e7ois. Lors d\u2019un passage en Italie<br \/>\nd\u00e9but avril, le couple royal avait toutefois pu \u00e9changer bri\u00e8vement<br \/>\navec le souverain pontife, moins de deux semaines avant son<br \/>\nd\u00e9c\u00e8s.<\/p>\n<p data-start=\"0\" data-end=\"510\">Cette rencontre constitue donc la<br \/>\npremi\u00e8re entre Charles III et L\u00e9on XIV, le roi ayant auparavant<br \/>\nd\u00e9p\u00each\u00e9 son fr\u00e8re Edward pour assister \u00e0 la messe d\u2019investiture du<br \/>\nnouveau pape en mai dernier. L\u2019\u00e9v\u00e9nement est historique : pour la<br \/>\npremi\u00e8re fois depuis le schisme entre les \u00c9glises catholique et<br \/>\nanglicane, les deux chefs spirituels <strong>prieront ensemble lors<br \/>\nd\u2019une messe \u0153cum\u00e9nique<\/strong> c\u00e9l\u00e9br\u00e9e dans la chapelle Sixtine,<br \/>\nsymbolisant un pas significatif vers le dialogue<br \/>\ninterconfessionnel.<\/p>\n<p>Un titre papal pour le roi<br \/>\nCharles III lors de sa visite au Vatican<\/p>\n<p data-start=\"0\" data-end=\"789\">Le roi Charles, 76 ans, et la<br \/>\nreine Camilla, 78 ans, ont d\u00e9but\u00e9 mercredi leur visite d\u2019\u00c9tat \u00e0<br \/>\nRome, marqu\u00e9e par un programme charg\u00e9 et historique. Cette<br \/>\nrencontre, confirm\u00e9e par le Saint-Si\u00e8ge et <a href=\"https:\/\/www.closermag.fr\/royautes\/charles-iii-sa-mise-au-clair-sur-les-changements-a-buckingham-apres-une-serie-derreurs-3582997\" target=\"_blank\" rel=\"noopener\"><br \/>\nBuckingham Palace<\/a>, souligne l\u2019importance des relations<br \/>\nanglicanes-catholiques, avec un double objectif :<br \/>\n<strong>promouvoir l\u2019unit\u00e9 chr\u00e9tienne et sensibiliser \u00e0 la<br \/>\nprotection de l\u2019environnement<\/strong>.<\/p>\n<p>Dans ce contexte, le pape a d\u00e9cern\u00e9 au souverain britannique le<br \/>\n<strong>titre de Royal Confrater de l\u2019abbaye et de la basilique<br \/>\nSaint-Paul-hors-les-Murs<\/strong>.\u00a0Cette distinction<br \/>\nsymbolique fait de lui le premier monarque britannique \u00e0 prier<br \/>\npubliquement avec le pape depuis la R\u00e9forme, un geste qui renforce<br \/>\nle dialogue interconfessionnel.<\/p>\n<p>\u00c9changes symboliques et continuit\u00e9 des liens entre le Vatican et<br \/>\nWindsor<\/p>\n<p data-start=\"791\" data-end=\"1705\" data-is-last-node=\"\" data-is-only-node=\"\">Au cours de la journ\u00e9e, le roi se rendra<br \/>\nofficiellement \u00e0 la basilique Saint-Paul-hors-les-Murs pour<br \/>\nrecevoir son titre en bonne et due forme. En r\u00e9ciprocit\u00e9, et avec<br \/>\nl\u2019accord de Charles III, le doyen et les chanoines du Coll\u00e8ge de<br \/>\nSaint-Georges \u00e0 Windsor ont propos\u00e9 que le pape <a href=\"https:\/\/www.closermag.fr\/people\/robert-francis-prevost-pape-leon-xiv-ces-scandales-sexuels-qui-embarrassent-le-successeur-de-francois-3543260\" target=\"_blank\" rel=\"noopener\"><br \/>\nL\u00e9on XIV<\/a> devienne Papal<br \/>\nConfrater de la chapelle Saint-Georges, proposition que le<br \/>\npape a accept\u00e9e.<\/p>\n<p data-start=\"791\" data-end=\"1705\" data-is-last-node=\"\" data-is-only-node=\"\">Ce d\u00e9placement s\u2019inscrit dans la continuit\u00e9<br \/>\ndes pr\u00e9c\u00e9dentes visites du roi Charles au Vatican, en tant que<br \/>\nprince de Galles, o\u00f9 il avait d\u00e9j\u00e0 rencontr\u00e9 trois papes :<br \/>\nJean-Paul II, <a href=\"https:\/\/www.closermag.fr\/people\/benoit-xvi-l-ancien-pape-est-mort-a-l-age-de-95-ans-1679726\" target=\"_blank\" rel=\"noopener\"><br \/>\nBeno\u00eet XVI<\/a> et Fran\u00e7ois. Cette rencontre historique illustre \u00e0<br \/>\nla fois la dimension spirituelle et diplomatique des liens entre la<br \/>\n<strong>monarchie britannique et le Saint-Si\u00e8ge<\/strong>.<\/p>\n","protected":false},"excerpt":{"rendered":"Ce jeudi 23 octobre, le roi Charles III et la reine Camilla effectuent une visite d\u2019envergure au Vatican&hellip;\n","protected":false},"author":2,"featured_media":484719,"comment_status":"","ping_status":"","sticky":false,"template":"","format":"standard","meta":{"footnotes":""},"categories":[2],"tags":[11,581,1011,27,12],"class_list":{"0":"post-484718","1":"post","2":"type-post","3":"status-publish","4":"format-standard","5":"has-post-thumbnail","7":"category-actualites","8":"tag-actualites","9":"tag-charles-iii","10":"tag-fr","11":"tag-france","12":"tag-news"},"share_on_mastodon":{"url":"https:\/\/pubeurope.com\/@fr\/115424314328592158","error":""},"_links":{"self":[{"href":"https:\/\/www.europesays.com\/fr\/wp-json\/wp\/v2\/posts\/484718","targetHints":{"allow":["GET"]}}],"collection":[{"href":"https:\/\/www.europesays.com\/fr\/wp-json\/wp\/v2\/posts"}],"about":[{"href":"https:\/\/www.europesays.com\/fr\/wp-json\/wp\/v2\/types\/post"}],"author":[{"embeddable":true,"href":"https:\/\/www.europesays.com\/fr\/wp-json\/wp\/v2\/users\/2"}],"replies":[{"embeddable":true,"href":"https:\/\/www.europesays.com\/fr\/wp-json\/wp\/v2\/comments?post=484718"}],"version-history":[{"count":0,"href":"https:\/\/www.europesays.com\/fr\/wp-json\/wp\/v2\/posts\/484718\/revisions"}],"wp:featuredmedia":[{"embeddable":true,"href":"https:\/\/www.europesays.com\/fr\/wp-json\/wp\/v2\/media\/484719"}],"wp:attachment":[{"href":"https:\/\/www.europesays.com\/fr\/wp-json\/wp\/v2\/media?parent=484718"}],"wp:term":[{"taxonomy":"category","embeddable":true,"href":"https:\/\/www.europesays.com\/fr\/wp-json\/wp\/v2\/categories?post=484718"},{"taxonomy":"post_tag","embeddable":true,"href":"https:\/\/www.europesays.com\/fr\/wp-json\/wp\/v2\/tags?post=484718"}],"curies":[{"name":"wp","href":"https:\/\/api.w.org\/{rel}","templated":true}]}}