{"id":484726,"date":"2025-10-23T16:03:13","date_gmt":"2025-10-23T16:03:13","guid":{"rendered":"https:\/\/www.europesays.com\/fr\/484726\/"},"modified":"2025-10-23T16:03:13","modified_gmt":"2025-10-23T16:03:13","slug":"las-nancy-lorraine-concernee-par-ricochet","status":"publish","type":"post","link":"https:\/\/www.europesays.com\/fr\/484726\/","title":{"rendered":"l\u2019AS Nancy Lorraine concern\u00e9e\u2026 par ricochet\u00a0!"},"content":{"rendered":"<p>  Huis clos partiel \u00e0 Montpellier<\/p>\n<p>La commission de discipline s\u2019est pench\u00e9e sur les incidents survenus en marge de Montpellier &#8211; Saint-Etienne, le 4\u00a0octobre dernier. Une rencontre interrompue \u00e0 deux reprises par l\u2019arbitre M. Valnet pour des chants descendus du kop montpelli\u00e9rain, \u00e9galement coupable d\u2019avoir \u00ab\u00a0craqu\u00e9\u00a0\u00bb des fumig\u00e8nes lors de ce match class\u00e9 \u00e0 risques. Le d\u00e9placement des supporters st\u00e9phanois avait en effet \u00e9t\u00e9 interdit, suite \u00e0 de pr\u00e9c\u00e9dents d\u00e9rapages survenus entre les deux clubs en mars dernier, et qui avaient conduit \u00e0 l\u2019interruption d\u00e9finitive de la partie.<\/p>\n<p>Verdict, cette fois\u00a0: la tribune \u00ab\u00a0\u00c9tang de Thau\u00a0\u00bb, d\u00e9j\u00e0 sous le coup d\u2019un sursis, sera suspendue un match ferme. Une aubaine pour Nancy\u00a0? Non, car la LFP a pr\u00e9cis\u00e9 que la d\u00e9cision \u00e9tait applicable \u00e0 partir du\u2026 28\u00a0octobre. C\u2019est donc pour la r\u00e9ception de Rodez que la Mosson sera priv\u00e9e de son kop.<\/p>\n<p>  Lilian Laslandes en simple spectateur \u00e0 Picot<\/p>\n<p>Exclu lors du d\u00e9placement \u00e0 Troyes, vendredi dernier, l\u2019entra\u00eeneur adjoint du SC Bastia, Lilian Laslandes, a \u00e9t\u00e9 sanctionn\u00e9 de trois matchs de suspension ferme, avec interdiction de banc de touche, de vestiaire et de toute fonction officielle. Il fera donc le d\u00e9placement \u00e0 Marcel-Picot, mardi 28\u00a0octobre, en simple spectateur.<\/p>\n","protected":false},"excerpt":{"rendered":"Huis clos partiel \u00e0 Montpellier La commission de discipline s\u2019est pench\u00e9e sur les incidents survenus en marge de&hellip;\n","protected":false},"author":2,"featured_media":484727,"comment_status":"","ping_status":"","sticky":false,"template":"","format":"standard","meta":{"footnotes":""},"categories":[9635],"tags":[1111,11,3703,1704,1777,674,63,1011,27,775,1702,1703,12,25,517,1700],"class_list":{"0":"post-484726","1":"post","2":"type-post","3":"status-publish","4":"format-standard","5":"has-post-thumbnail","7":"category-nancy","8":"tag-actu","9":"tag-actualites","10":"tag-asnl","11":"tag-edition-nancy-et-agglomeration","12":"tag-eu","13":"tag-europe","14":"tag-football","15":"tag-fr","16":"tag-france","17":"tag-grand-est","18":"tag-nancy","19":"tag-nancy-ville-54b","20":"tag-news","21":"tag-republique-francaise","22":"tag-sport","23":"tag-sport-lorrain"},"share_on_mastodon":{"url":"https:\/\/pubeurope.com\/@fr\/115424330048445645","error":""},"_links":{"self":[{"href":"https:\/\/www.europesays.com\/fr\/wp-json\/wp\/v2\/posts\/484726","targetHints":{"allow":["GET"]}}],"collection":[{"href":"https:\/\/www.europesays.com\/fr\/wp-json\/wp\/v2\/posts"}],"about":[{"href":"https:\/\/www.europesays.com\/fr\/wp-json\/wp\/v2\/types\/post"}],"author":[{"embeddable":true,"href":"https:\/\/www.europesays.com\/fr\/wp-json\/wp\/v2\/users\/2"}],"replies":[{"embeddable":true,"href":"https:\/\/www.europesays.com\/fr\/wp-json\/wp\/v2\/comments?post=484726"}],"version-history":[{"count":0,"href":"https:\/\/www.europesays.com\/fr\/wp-json\/wp\/v2\/posts\/484726\/revisions"}],"wp:featuredmedia":[{"embeddable":true,"href":"https:\/\/www.europesays.com\/fr\/wp-json\/wp\/v2\/media\/484727"}],"wp:attachment":[{"href":"https:\/\/www.europesays.com\/fr\/wp-json\/wp\/v2\/media?parent=484726"}],"wp:term":[{"taxonomy":"category","embeddable":true,"href":"https:\/\/www.europesays.com\/fr\/wp-json\/wp\/v2\/categories?post=484726"},{"taxonomy":"post_tag","embeddable":true,"href":"https:\/\/www.europesays.com\/fr\/wp-json\/wp\/v2\/tags?post=484726"}],"curies":[{"name":"wp","href":"https:\/\/api.w.org\/{rel}","templated":true}]}}