{"id":48473,"date":"2025-04-24T06:18:12","date_gmt":"2025-04-24T06:18:12","guid":{"rendered":"https:\/\/www.europesays.com\/fr\/48473\/"},"modified":"2025-04-24T06:18:12","modified_gmt":"2025-04-24T06:18:12","slug":"les-soignants-reprennent-le-travail-de-nuit","status":"publish","type":"post","link":"https:\/\/www.europesays.com\/fr\/48473\/","title":{"rendered":"les soignants reprennent le travail de nuit"},"content":{"rendered":"<p>            Par<br \/>\n        <strong><br \/>\n            <a href=\"https:\/\/actu.fr\/auteur\/thomas-rideau\" title=\"Consulter tous les articles de Thomas Rideau\" rel=\"nofollow noopener\" target=\"_blank\">Thomas Rideau<\/a><br \/>\n        <\/strong><\/p>\n<p>        Publi\u00e9 le<\/p>\n<p>            24 avr. 2025 \u00e0 7h50        <\/p>\n<p>Soulagement chez les soignants des urgences de<strong> la clinique de l\u2019Europe<\/strong>. Comme r\u00e9v\u00e9l\u00e9 par\u00a076actu, cela faisait sept nuits que <a href=\"https:\/\/actu.fr\/normandie\/rouen_76540\/on-appelle-la-police-tous-les-jours-excedes-des-soignants-exercent-leur-droit-de-retrait-a-rouen_62523567.html\" rel=\"nofollow noopener\" target=\"_blank\">les urgences de nuit de la clinique \u00e9taient ferm\u00e9es<\/a>. Une situation qui faisait suite \u00e0 un droit de retrait des soignants qui refusaient de reprendre le travail apr\u00e8s <strong>la violente agression d\u2019un m\u00e9decin<\/strong>.<\/p>\n<p class=\" wall-content\">Ce mercredi 23\u00a0avril 2025, nos interlocuteurs nous indiquent qu\u2019ils n\u2019exercent plus leur droit de retrait. En effet, nombre de leurs demandes concernant leur s\u00e9curit\u00e9 ont \u00e9t\u00e9 entendues par la direction.<\/p>\n<p class=\" wall-content\">Ils demandaient le recrutement d\u2019un nouvel<strong> agent de s\u00e9curit\u00e9<\/strong> qui pourrait rester toute la nuit dans <a href=\"https:\/\/actu.fr\/tag\/urgences\" rel=\"nofollow noopener\" target=\"_blank\">le service des urgences<\/a>. Et sur ce th\u00e8me, chacun a fait la moiti\u00e9 du chemin.<\/p>\n<p>\u00ab\u2009On n\u2019\u00e9tait pas du tout en s\u00e9curit\u00e9\u2009\u00bb<\/p>\n<p class=\" wall-content\">En effet, l\u2019agent de s\u00e9curit\u00e9 sera d\u00e9sormais stationn\u00e9 \u00e0 l\u2019accueil des urgences. Et lorsqu\u2019il fera une ronde et qu\u2019un patient <strong>se pr\u00e9sentera aux urgences<\/strong>, c\u2019est lui qui viendra ouvrir \u00e0 ce dernier. De plus, une double s\u00e9curit\u00e9 sera mise en place au niveau des portes et les soignants seront \u00e9quip\u00e9s d\u2019un syst\u00e8me PTI (protection travailleur isol\u00e9) qui leur permettront d\u2019alerter l\u2019agent de s\u00e9curit\u00e9 tr\u00e8s rapidement.<\/p>\n<p class=\" wall-content\">Enfin, les \u00e9quipes des urgences auront un lien plus direct avec <a href=\"https:\/\/actu.fr\/tag\/police\" rel=\"nofollow noopener\" target=\"_blank\">la police<\/a> en cas d\u2019appel. \u00ab\u2009On est satisfait de ces mesures, soulag\u00e9 des retours de la direction\u2009\u00bb, r\u00e9sume une source. \u00ab\u2009\u00c7a montre \u00e0 quel point on n\u2019\u00e9tait pas du tout en s\u00e9curit\u00e9.\u2009\u00bb La derni\u00e8re fermeture des urgences a eu lieu dans la nuit de lundi \u00e0 mardi.<\/p>\n<p>\u00ab\u2009Nous sommes en dialogue constant avec les forces de l\u2019ordre\u2009\u00bb<\/p>\n<p class=\" wall-content\">De son c\u00f4t\u00e9, <strong>Jean-Claude Bureau<\/strong>, DG de transition, pr\u00e9cise\u2009: \u00ab\u2009Nous avons pu finaliser un plan d\u2019action \u00e0 plusieurs \u00e9tages pour am\u00e9liorer la s\u00e9curit\u00e9 du service. Les \u00e9quipes ont toutes \u00e9t\u00e9 force de propositions et je les en remercie. Nous sommes en dialogue constant avec les forces de l\u2019ordre, l\u2019Agence R\u00e9gionale de Sant\u00e9 qui nous apportent tout leur soutien dans cet exercice complexe de s\u00e9curisation.\u2009\u00bb<\/p>\n<p>Vid\u00e9os : en ce moment sur ActuSuivez l\u2019actualit\u00e9 de Rouen <a href=\"https:\/\/www.whatsapp.com\/channel\/0029VaKfnf99hXF2ddApFB1D\" rel=\"nofollow noopener\" target=\"_blank\">sur notre cha\u00eene WhatsApp<\/a> et <a href=\"https:\/\/www.tiktok.com\/@76actu.fr?lang=fr\" rel=\"nofollow noopener\" target=\"_blank\">sur notre compte TikTok<\/a><\/p>\n<p class=\" wall-content\">Suivez toute l\u2019actualit\u00e9 de vos villes et m\u00e9dias favoris en vous inscrivant \u00e0 <a href=\"https:\/\/moncompte.actu.fr\" title=\"D\u00e9couvez Mon Actu\" rel=\"nofollow noopener\" data-trk=\"{&quot;cta&quot;:{&quot;action&quot;:&quot;https:\\\/\\\/moncompte.actu.fr&quot;,&quot;category&quot;:&quot;mon compte&quot;,&quot;from&quot;:&quot;article footer&quot;,&quot;name&quot;:&quot;Mon actu&quot;,&quot;type&quot;:&quot;cta&quot;}}\" target=\"_blank\">Mon Actu<\/a>.<\/p>\n<p>                    <script async src=\"\/\/www.tiktok.com\/embed.js\"><\/script><\/p>\n","protected":false},"excerpt":{"rendered":"Par Thomas Rideau Publi\u00e9 le 24 avr. 2025 \u00e0 7h50 Soulagement chez les soignants des urgences de la&hellip;\n","protected":false},"author":2,"featured_media":35691,"comment_status":"","ping_status":"","sticky":false,"template":"","format":"standard","meta":{"footnotes":""},"categories":[9587],"tags":[1111,11,1777,674,1011,27,12,5161,1072,25,9590,71,104,6444],"class_list":{"0":"post-48473","1":"post","2":"type-post","3":"status-publish","4":"format-standard","5":"has-post-thumbnail","7":"category-rouen","8":"tag-actu","9":"tag-actualites","10":"tag-eu","11":"tag-europe","12":"tag-fr","13":"tag-france","14":"tag-news","15":"tag-normandie","16":"tag-police","17":"tag-republique-francaise","18":"tag-rouen","19":"tag-sante","20":"tag-societe","21":"tag-urgences"},"share_on_mastodon":{"url":"https:\/\/pubeurope.com\/@fr\/114391489151072398","error":""},"_links":{"self":[{"href":"https:\/\/www.europesays.com\/fr\/wp-json\/wp\/v2\/posts\/48473","targetHints":{"allow":["GET"]}}],"collection":[{"href":"https:\/\/www.europesays.com\/fr\/wp-json\/wp\/v2\/posts"}],"about":[{"href":"https:\/\/www.europesays.com\/fr\/wp-json\/wp\/v2\/types\/post"}],"author":[{"embeddable":true,"href":"https:\/\/www.europesays.com\/fr\/wp-json\/wp\/v2\/users\/2"}],"replies":[{"embeddable":true,"href":"https:\/\/www.europesays.com\/fr\/wp-json\/wp\/v2\/comments?post=48473"}],"version-history":[{"count":0,"href":"https:\/\/www.europesays.com\/fr\/wp-json\/wp\/v2\/posts\/48473\/revisions"}],"wp:featuredmedia":[{"embeddable":true,"href":"https:\/\/www.europesays.com\/fr\/wp-json\/wp\/v2\/media\/35691"}],"wp:attachment":[{"href":"https:\/\/www.europesays.com\/fr\/wp-json\/wp\/v2\/media?parent=48473"}],"wp:term":[{"taxonomy":"category","embeddable":true,"href":"https:\/\/www.europesays.com\/fr\/wp-json\/wp\/v2\/categories?post=48473"},{"taxonomy":"post_tag","embeddable":true,"href":"https:\/\/www.europesays.com\/fr\/wp-json\/wp\/v2\/tags?post=48473"}],"curies":[{"name":"wp","href":"https:\/\/api.w.org\/{rel}","templated":true}]}}