{"id":484736,"date":"2025-10-23T16:09:13","date_gmt":"2025-10-23T16:09:13","guid":{"rendered":"https:\/\/www.europesays.com\/fr\/484736\/"},"modified":"2025-10-23T16:09:13","modified_gmt":"2025-10-23T16:09:13","slug":"pres-de-rouen-les-salons-de-lauto-et-de-la-moto-sinstallent-au-parc-des-expositions-a-grand-quevilly-avec-plus-de-100-exposants","status":"publish","type":"post","link":"https:\/\/www.europesays.com\/fr\/484736\/","title":{"rendered":"Pr\u00e8s de Rouen. Les Salons de l&rsquo;Auto et\u00a0de la Moto s&rsquo;installent au Parc des expositions \u00e0 Grand-Quevilly avec plus de 100 exposants"},"content":{"rendered":"<p melodystyle=\"texte\">Les organisateurs proposent cette ann\u00e9e deux salons en un avec chacun sa propre programmation. Nouveaut\u00e9 pour cette \u00e9dition 2025, un salon 100% Moto est pr\u00e9vu sur deux halls complets avec essentiellement des deux-roues mais aussi du quad avec pl\u00e9thore d&rsquo;animations gratuites. \u00ab\u00a0On aura du mini-kart pour les enfants, des simulateurs Moto GP, des concerts, des shows moto en ext\u00e9rieur (trial et stunt)\u00a0\u00bb, \u00e9num\u00e8re Fran\u00e7ois Joerger, organisateur du salon Moto de Rouen. Et pour les plus chanceux il y a m\u00eame une moto d&rsquo;une valeur de 10\u00a0000\u00a0euros \u00e0 remporter lors de l&rsquo;\u00e9v\u00e9nement.<\/p>\n<p>Des nouveaut\u00e9s aussi sur le Salon Auto<\/p>\n<p melodystyle=\"texte\">Rendez-vous donn\u00e9 sur le hall 8 du Parc des expositions de Rouen, du 24 au 26 octobre. \u00ab\u00a0Il suffit de s&rsquo;inscrire, c&rsquo;est gratuit, et il y aura un tirage au sort\u00a0pr\u00e9vu le dimanche soir, ce sera une moto au choix parmi tous les mod\u00e8les\u00a0mis \u00e0 disposition par\u00a0les exposants\u00a0\u00bb, explique Fran\u00e7ois Joerger. Au total, 50 exposants sont pr\u00e9vus sur la partie moto, autant que sur la partie Auto.<\/p>\n<p class=\"article_photo\" data-num=\"2\"><img decoding=\"async\" alt=\"Des voitures d'exception mais aussi des voitures d'occasion seront pr\u00e9sentes sur le salon Auto.\" src=\"https:\/\/www.europesays.com\/fr\/wp-content\/uploads\/2025\/10\/8673-tab.jpg\"\/>Des voitures d&rsquo;exception mais aussi des voitures d&rsquo;occasion seront pr\u00e9sentes sur le salon Auto.<\/p>\n<p melodystyle=\"texte\">Le Salon Auto, organis\u00e9 depuis une quinzaine d&rsquo;ann\u00e9es, accueille quelques nouveaut\u00e9s cette ann\u00e9e avec notamment des avant-premi\u00e8res. Chez BMW, par exemple, avec la pr\u00e9sentation de\u00a0iX3 en version \u00e9lectrique ou encore la Citro\u00ebn C5 Aircross. \u00ab\u00a0Sur le salon, on a la possibilit\u00e9 de d\u00e9couvrir des v\u00e9hicules qu&rsquo;on ne voit pas toujours \u00e0 l&rsquo;ext\u00e9rieur mais il y a aussi de la commercialisation avec \u00e9norm\u00e9ment de v\u00e9hicules d&rsquo;occasion qui sont expos\u00e9s.\u00a0\u00bb\u00a0Entre 20\u00a0000\u00a0et 25\u00a0000 visiteurs sont attendus sur les trois jours de l&rsquo;\u00e9v\u00e9nement.<\/p>\n<p melodystyle=\"texte\">Les Salons Auto et Moto de Rouen ne sont pas \u00e0 confondre avec <a href=\"https:\/\/www.tendanceouest.com\/actualite-432520-rouen-le-salon-auto-moto-retro-reporte-a-cause-de-gens-du-voyage-est-annule\" target=\"_blank\" rel=\"nofollow noopener\">le salon Auto Moto R\u00e9tro, pr\u00e9vu initialement les 13 et 14\u00a0septembre, qui lui est annul\u00e9.<\/a><\/p>\n","protected":false},"excerpt":{"rendered":"Les organisateurs proposent cette ann\u00e9e deux salons en un avec chacun sa propre programmation. Nouveaut\u00e9 pour cette \u00e9dition&hellip;\n","protected":false},"author":2,"featured_media":484737,"comment_status":"","ping_status":"","sticky":false,"template":"","format":"standard","meta":{"footnotes":""},"categories":[9587],"tags":[1111,11,1777,674,1011,27,12,5161,25,9590],"class_list":{"0":"post-484736","1":"post","2":"type-post","3":"status-publish","4":"format-standard","5":"has-post-thumbnail","7":"category-rouen","8":"tag-actu","9":"tag-actualites","10":"tag-eu","11":"tag-europe","12":"tag-fr","13":"tag-france","14":"tag-news","15":"tag-normandie","16":"tag-republique-francaise","17":"tag-rouen"},"share_on_mastodon":{"url":"https:\/\/pubeurope.com\/@fr\/115424354369209972","error":""},"_links":{"self":[{"href":"https:\/\/www.europesays.com\/fr\/wp-json\/wp\/v2\/posts\/484736","targetHints":{"allow":["GET"]}}],"collection":[{"href":"https:\/\/www.europesays.com\/fr\/wp-json\/wp\/v2\/posts"}],"about":[{"href":"https:\/\/www.europesays.com\/fr\/wp-json\/wp\/v2\/types\/post"}],"author":[{"embeddable":true,"href":"https:\/\/www.europesays.com\/fr\/wp-json\/wp\/v2\/users\/2"}],"replies":[{"embeddable":true,"href":"https:\/\/www.europesays.com\/fr\/wp-json\/wp\/v2\/comments?post=484736"}],"version-history":[{"count":0,"href":"https:\/\/www.europesays.com\/fr\/wp-json\/wp\/v2\/posts\/484736\/revisions"}],"wp:featuredmedia":[{"embeddable":true,"href":"https:\/\/www.europesays.com\/fr\/wp-json\/wp\/v2\/media\/484737"}],"wp:attachment":[{"href":"https:\/\/www.europesays.com\/fr\/wp-json\/wp\/v2\/media?parent=484736"}],"wp:term":[{"taxonomy":"category","embeddable":true,"href":"https:\/\/www.europesays.com\/fr\/wp-json\/wp\/v2\/categories?post=484736"},{"taxonomy":"post_tag","embeddable":true,"href":"https:\/\/www.europesays.com\/fr\/wp-json\/wp\/v2\/tags?post=484736"}],"curies":[{"name":"wp","href":"https:\/\/api.w.org\/{rel}","templated":true}]}}