{"id":484738,"date":"2025-10-23T16:10:26","date_gmt":"2025-10-23T16:10:26","guid":{"rendered":"https:\/\/www.europesays.com\/fr\/484738\/"},"modified":"2025-10-23T16:10:26","modified_gmt":"2025-10-23T16:10:26","slug":"grenoble-un-nouveau-projet-choisi-pour-relancer-cette-salle-de-spectacle-occupee-illegalement","status":"publish","type":"post","link":"https:\/\/www.europesays.com\/fr\/484738\/","title":{"rendered":"Grenoble. Un nouveau projet choisi pour relancer cette salle de spectacle occup\u00e9e ill\u00e9galement"},"content":{"rendered":"<p>            Par<br \/>\n        <strong><br \/>\n            <a href=\"https:\/\/actu.fr\/auteur\/lisa-rodrigues\" title=\"Consulter tous les articles de Lisa Rodrigues\" rel=\"nofollow noopener\" target=\"_blank\">Lisa Rodrigues<\/a><br \/>\n        <\/strong><\/p>\n<p>        Publi\u00e9 le<\/p>\n<p>            23 oct. 2025 \u00e0 12h31        <\/p>\n<p>Si tout va bien, d\u2019ici quelques semaines, la salle de spectacle associative grenobloise <a href=\"https:\/\/actu.fr\/auvergne-rhone-alpes\/grenoble_38185\/grenoble-ce-lieu-emblematique-ferme-definitivement-ca-fait-peur-pour-l-avenir_62769559.html\" rel=\"nofollow noopener\" target=\"_blank\">la Bobine<\/a> aura de nouveaux occupants. Du moins, si les militants et membres de \u00ab\u00a0Bloquons tout\u00a0\u00bb <a href=\"https:\/\/actu.fr\/auvergne-rhone-alpes\/grenoble_38185\/grenoble-des-manifestants-de-bloquons-tout-occupent-ce-batiment-municipal-illegalement_63185295.html\" rel=\"nofollow noopener\" target=\"_blank\">quittent les lieux<\/a>\u2026 Apr\u00e8s la faillite de la pr\u00e9c\u00e9dente association g\u00e9rante, le tribunal de commerce de <a href=\"https:\/\/actu.fr\/grenoble\/\" rel=\"nofollow noopener\" target=\"_blank\">Grenoble<\/a> a en effet d\u00e9sign\u00e9 un repreneur : un groupe de citoyens regroup\u00e9s sous le pavillon de L\u2019Autre Asso, anciennement L\u2019Autre Sc\u00e8ne.<br \/>Antoine Casanova, l\u2019un des fondateurs de l\u2019association et membre du collectif, pr\u00e9sente plus en d\u00e9tail le <strong>projet de reprise de la Bobine<\/strong>, qui reste fond\u00e9 sur les m\u00eames valeurs que la pr\u00e9c\u00e9dente \u00e9quipe.<\/p>\n<p>Pourquoi une association ann\u00e9cienne est impliqu\u00e9e ?<\/p>\n<p class=\" wall-content\">L\u2019association qu\u2019Antoine Casanova a mont\u00e9 il y a quelques ann\u00e9es avec sa femme est n\u00e9e \u00e0 <a href=\"https:\/\/actu.fr\/auvergne-rhone-alpes\/annecy_74010\" rel=\"nofollow noopener\" target=\"_blank\">Annecy<\/a>. Elle a soutenu plusieurs projets culturels, avant d\u2019\u00eatre mise en pause il y a quelques mois. Pour des raisons personnelles, le couple a d\u00e9m\u00e9nag\u00e9 il y a peu \u00e0 Grenoble, emmenant son association dans ses valises, \u00ab\u00a0car personne ne voulait la reprendre\u00a0\u00bb.<\/p>\n<p class=\" wall-content\">Elle s\u2019est finalement av\u00e9r\u00e9e utile pour la reprise de la Bobine. \u00ab\u00a0Je connaissais le lieu et j\u2019y venais de temps en temps, explique le nouveau Grenoblois. Par des connaissances mutuelles, j\u2019ai rencontr\u00e9 un petit groupe d\u2019habitants qui voulaient relancer la Bobine.\u00a0\u00bb<\/p>\n<p class=\" wall-content\">Il leur propose alors de \u00ab\u00a0<strong>porter juridiquement<\/strong>\u00a0\u00bb le projet via son association, \u00ab\u00a0comme on \u00e9tait \u00e0 deux semaines de la date limite de d\u00e9p\u00f4t des dossiers\u00a0\u00bb.<\/p>\n<blockquote class=\"ac-article-quote wall-content\">\n<p>Il y a \u00e9norm\u00e9ment de ponts entre ce que proposait l&rsquo;association \u00e0 Annecy et la Bobine, mais il n&rsquo;y a aucune volont\u00e9 de transposer \u00e0 Grenoble ce qu&rsquo;on faisait l\u00e0-bas.<\/p>\n<p>    <strong>Antoine Casanova<\/strong><br \/>\n        Membre du collectif de repreneurs de la Bobine    <\/p><\/blockquote>\n<p>\u00ab\u00a0On veut que ce soit un lieu de vie\u00a0\u00bb<\/p>\n<p class=\" wall-content\">La machine est donc lanc\u00e9e. Leur objectif : <strong>faire revivre la Bobine<\/strong>, avec ses spectacles m\u00ealant divers arts. \u00ab\u00a0On veut m\u00eame aller plus loin\u00a0\u00bb en proposant des ateliers, animations, d\u00e9bats ou conf\u00e9rences \u00ab\u00a0port\u00e9s par les citoyens, \u00e0 travers une gouvernance partag\u00e9e du lieu\u00a0\u00bb.<\/p>\n<p class=\" wall-content\">\u00ab\u00a0\u00c0 terme, on aimerait bien avoir un <a href=\"https:\/\/actu.fr\/auvergne-rhone-alpes\/grenoble_38185\/grenoble-ferme-pendant-des-annees-ce-lieu-historique-rouvre-au-public-sous-un-nouveau-concept_63264194.html\" rel=\"nofollow noopener\" target=\"_blank\">lieu ouvert tout au long de l\u2019ann\u00e9e<\/a>, avec de grandes plages horaires, souffle Antoine Casanova. On veut que la Bobine soit un lieu de vie, libre d\u2019acc\u00e8s, pour partager un moment, faire des rencontres, lire ou m\u00eame t\u00e9l\u00e9travailler.\u00a0\u00bb\u00a0<\/p>\n<p>Votre r\u00e9gion, votre actu !<\/p>\n<p>Recevez chaque jour les infos qui comptent pour vous.<\/p>\n<p>\t<a href=\"https:\/\/actu.fr\/newsletter\" class=\"ac-btn ac-btn--corner ac-btn--medium ac-btn--blue800\" rel=\"nofollow noopener\" target=\"_blank\">S&rsquo;incrire<\/a><\/p>\n<p class=\" wall-content\">Un projet qui permettrait donc d\u2019ouvrir la Bobine presque en continu et d\u2019attirer non plus uniquement lors de grands \u00e9v\u00e9nements et concerts. Elle fonctionnerait avec des salari\u00e9s, mais aussi des b\u00e9n\u00e9voles, <strong>dont une partie de l\u2019ancienne \u00e9quipe<\/strong> de la Bobine.<\/p>\n<p>Appel aux dons<\/p>\n<p class=\" wall-content\">Avant m\u00eame de penser \u00e0 la programmation, encore faut-il trouver l\u2019argent pour valider le rachat\u2026 \u00ab\u00a0On a lev\u00e9 un peu d\u2019argent au d\u00e9part, mais maintenant, il faut <strong>trouver 180 000 euros<\/strong>\u00a0\u00bb pour le fonds de commerce et quelques travaux int\u00e9rieurs.<\/p>\n<p>    <a href=\"https:\/\/www.facebook.com\/plugins\/post.php?href=https%3A%2F%2Fwww.facebook.com%2Flabobinegrenoble%2Fposts%2Fpfbid0aCUptwH6Ym9sPZnLGEXUcteSrZbQqBcvfDovSxAmWeMmnQknMUBeLj1hkNiWMvHcl&amp;show_text=true&amp;width=350\" title=\"Ouvrie le lien\" rel=\"nofollow noopener\" target=\"_blank\">Cliquez ici pour visualiser le contenu<\/a><\/p>\n<p class=\" wall-content\">Assez naturellement, la petite \u00e9quipe s\u2019est tourn\u00e9e vers les Grenoblois pour les soutenir financi\u00e8rement via un don ou une forme de \u00ab\u00a0pr\u00eat \u00e0 taux z\u00e9ro\u00a0\u00bb.<\/p>\n<p class=\" wall-content\">Ceux choisissant cette derni\u00e8re option auront droit \u00e0 des parts sociales de la future structure, l\u2019association projetant de se transformer en SCIC (soci\u00e9t\u00e9 coop\u00e9rative d\u2019int\u00e9r\u00eat collectif) pour un meilleur \u00e9quilibre financier.<\/p>\n<p class=\" wall-content\">\u00ab\u00a0On a <strong>jusqu\u2019au 15 novembre<\/strong> pour lever cet argent\u00a0\u00bb, fixe Antoine Casanova.<\/p>\n<p>Contact pris avec les occupants actuels<\/p>\n<p class=\" wall-content\">Ensuite, il sera temps de prendre possession des lieux. Si toutefois les occupants actuels de la Bobine, militants et engag\u00e9s dans le mouvement <a href=\"https:\/\/actu.fr\/tag\/bloquons-tout\" rel=\"nofollow noopener\" target=\"_blank\">\u00ab\u00a0Bloquons tout\u00a0\u00bb<\/a>, acceptent de d\u00e9m\u00e9nager.<\/p>\n<blockquote class=\"ac-article-quote wall-content\">\n<p>La Ville est en n\u00e9gociation avec eux. On les a aussi rencontr\u00e9s pour leur dire qu&rsquo;on est int\u00e9ress\u00e9s pour les int\u00e9grer dans notre programme social et politique.<\/p>\n<p>    <strong>Antoine Casanova<\/strong><br \/>\n        Membre du collectif de repreneurs de la Bobine    <\/p><\/blockquote>\n<p class=\" wall-content\">La situation reste pour le moment en stand-by, mais l\u2019association esp\u00e8re trouver une solution qui satisfera tout le monde.<\/p>\n<p>Pour faire un don, rendez-vous le site reinventons.labobine.org ou via le site HelloAsso de \u00ab\u00a0L\u2019Autre Asso\u00a0\u00bb.\u00a0<\/p>\n<p class=\" wall-content\">Personnalisez votre actualit\u00e9 en ajoutant vos villes et m\u00e9dias en favori avec <a href=\"https:\/\/moncompte.actu.fr\" title=\"D\u00e9couvez Mon Actu\" rel=\"nofollow noopener\" data-trk=\"{&quot;cta&quot;:{&quot;action&quot;:&quot;https:\\\/\\\/moncompte.actu.fr&quot;,&quot;category&quot;:&quot;mon compte&quot;,&quot;from&quot;:&quot;article footer&quot;,&quot;name&quot;:&quot;Mon actu&quot;,&quot;type&quot;:&quot;cta&quot;}}\" target=\"_blank\">Mon Actu<\/a>.<\/p>\n","protected":false},"excerpt":{"rendered":"Par Lisa Rodrigues Publi\u00e9 le 23 oct. 2025 \u00e0 12h31 Si tout va bien, d\u2019ici quelques semaines, la&hellip;\n","protected":false},"author":2,"featured_media":484739,"comment_status":"","ping_status":"","sticky":false,"template":"","format":"standard","meta":{"footnotes":""},"categories":[9566],"tags":[1111,11,2430,47212,1777,674,1011,27,2731,12,25,104,853],"class_list":{"0":"post-484738","1":"post","2":"type-post","3":"status-publish","4":"format-standard","5":"has-post-thumbnail","7":"category-grenoble","8":"tag-actu","9":"tag-actualites","10":"tag-auvergne-rhone-alpes","11":"tag-bloquons-tout","12":"tag-eu","13":"tag-europe","14":"tag-fr","15":"tag-france","16":"tag-grenoble","17":"tag-news","18":"tag-republique-francaise","19":"tag-societe","20":"tag-spectacles"},"share_on_mastodon":{"url":"https:\/\/pubeurope.com\/@fr\/115424357655655170","error":""},"_links":{"self":[{"href":"https:\/\/www.europesays.com\/fr\/wp-json\/wp\/v2\/posts\/484738","targetHints":{"allow":["GET"]}}],"collection":[{"href":"https:\/\/www.europesays.com\/fr\/wp-json\/wp\/v2\/posts"}],"about":[{"href":"https:\/\/www.europesays.com\/fr\/wp-json\/wp\/v2\/types\/post"}],"author":[{"embeddable":true,"href":"https:\/\/www.europesays.com\/fr\/wp-json\/wp\/v2\/users\/2"}],"replies":[{"embeddable":true,"href":"https:\/\/www.europesays.com\/fr\/wp-json\/wp\/v2\/comments?post=484738"}],"version-history":[{"count":0,"href":"https:\/\/www.europesays.com\/fr\/wp-json\/wp\/v2\/posts\/484738\/revisions"}],"wp:featuredmedia":[{"embeddable":true,"href":"https:\/\/www.europesays.com\/fr\/wp-json\/wp\/v2\/media\/484739"}],"wp:attachment":[{"href":"https:\/\/www.europesays.com\/fr\/wp-json\/wp\/v2\/media?parent=484738"}],"wp:term":[{"taxonomy":"category","embeddable":true,"href":"https:\/\/www.europesays.com\/fr\/wp-json\/wp\/v2\/categories?post=484738"},{"taxonomy":"post_tag","embeddable":true,"href":"https:\/\/www.europesays.com\/fr\/wp-json\/wp\/v2\/tags?post=484738"}],"curies":[{"name":"wp","href":"https:\/\/api.w.org\/{rel}","templated":true}]}}