{"id":484742,"date":"2025-10-23T16:12:26","date_gmt":"2025-10-23T16:12:26","guid":{"rendered":"https:\/\/www.europesays.com\/fr\/484742\/"},"modified":"2025-10-23T16:12:26","modified_gmt":"2025-10-23T16:12:26","slug":"quand-est-ce-que-ca-va-sarreter","status":"publish","type":"post","link":"https:\/\/www.europesays.com\/fr\/484742\/","title":{"rendered":"Quand est-ce que \u00e7a va s&rsquo;arr\u00eater ?"},"content":{"rendered":"<p>            Par<br \/>\n        <strong><br \/>\n            <a href=\"https:\/\/actu.fr\/auteur\/brian-legoff\" title=\"Consulter tous les articles de Brian Le Goff\" rel=\"nofollow noopener\" target=\"_blank\">Brian Le Goff<\/a><br \/>\n        <\/strong><\/p>\n<p>        Publi\u00e9 le<\/p>\n<p>            23 oct. 2025 \u00e0 12h59        <\/p>\n<p>L\u2019image est impressionnante. <strong>Vers 1h45<\/strong> du matin, jeudi 23\u00a0octobre 2025, un fourgon de la Dir Ouest et sa fl\u00e8che lumineuse ont \u00e9t\u00e9 percut\u00e9s par une voiture sur la <strong>rocade ext\u00e9rieure<\/strong> de <a href=\"https:\/\/actu.fr\/rennes\/\" rel=\"nofollow noopener\" target=\"_blank\">Rennes<\/a>, au niveau de la <strong>porte d\u2019Angers,<\/strong> indique la Dir Ouest sur ses r\u00e9seaux sociaux.<\/p>\n<p>Deux bless\u00e9s<\/p>\n<p class=\" wall-content\"><strong>Deux hommes<\/strong> se trouvaient dans la voiture qui a percut\u00e9 le <strong>dispositif de signalisation<\/strong> en amont d\u2019un <a href=\"https:\/\/actu.fr\/bretagne\/rennes_35238\/a-rennes-la-rocade-sud-ferme-pendant-deux-mois-les-perturbations-a-prevoir_63128773.html\" rel=\"nofollow noopener\" target=\"_blank\">chantier de nuit<\/a>, qui n\u00e9cessitait la r\u00e9duction du nombre de voies \u00e0 une seule \u00e0 cet endroit.<\/p>\n<p class=\" wall-content\">Les deux occupants ont \u00e9t\u00e9 l\u00e9g\u00e8rement bless\u00e9s, selon la police, contact\u00e9e par actu Rennes. Ils ont \u00e9t\u00e9 <strong>transport\u00e9s \u00e0 l\u2019h\u00f4pital<\/strong>.<\/p>\n<p class=\" wall-content\">\u00ab\u2009Par chance, <strong>aucun agent n\u2019a \u00e9t\u00e9 bless\u00e9\u2009\u00bb<\/strong>, pr\u00e9cise la Dir Ouest, qui s\u2019interroge tout de m\u00eame. \u00ab\u2009Quand est-ce que \u00e7a va s\u2019arr\u00eater\u2009?\u2009\u00bb En effet, c\u2019est le <strong>18\u1d49 accident<\/strong> impliquant du mat\u00e9riel ou des agents de la Dir Ouest <strong>depuis le d\u00e9but de l\u2019ann\u00e9e sur sa zone d\u2019intervention<\/strong>.<\/p>\n<p class=\" wall-content\">Du c\u00f4t\u00e9 des forces de l\u2019ordre, une<strong> enqu\u00eate a \u00e9t\u00e9 ouverte<\/strong> afin de d\u00e9terminer les circonstances de l\u2019accident.<\/p>\n<p class=\" wall-content\">Personnalisez votre actualit\u00e9 en ajoutant vos villes et m\u00e9dias en favori avec <a href=\"https:\/\/moncompte.actu.fr\" title=\"D\u00e9couvez Mon Actu\" rel=\"nofollow noopener\" data-trk=\"{&quot;cta&quot;:{&quot;action&quot;:&quot;https:\\\/\\\/moncompte.actu.fr&quot;,&quot;category&quot;:&quot;mon compte&quot;,&quot;from&quot;:&quot;article footer&quot;,&quot;name&quot;:&quot;Mon actu&quot;,&quot;type&quot;:&quot;cta&quot;}}\" target=\"_blank\">Mon Actu<\/a>.<\/p>\n","protected":false},"excerpt":{"rendered":"Par Brian Le Goff Publi\u00e9 le 23 oct. 2025 \u00e0 12h59 L\u2019image est impressionnante. Vers 1h45 du matin,&hellip;\n","protected":false},"author":2,"featured_media":484743,"comment_status":"","ping_status":"","sticky":false,"template":"","format":"standard","meta":{"footnotes":""},"categories":[2821],"tags":[119,1111,11,829,3542,1777,674,118,1011,27,12,584,25,2086],"class_list":{"0":"post-484742","1":"post","2":"type-post","3":"status-publish","4":"format-standard","5":"has-post-thumbnail","7":"category-rennes","8":"tag-accident","9":"tag-actu","10":"tag-actualites","11":"tag-bretagne","12":"tag-circulation","13":"tag-eu","14":"tag-europe","15":"tag-faits-divers","16":"tag-fr","17":"tag-france","18":"tag-news","19":"tag-rennes","20":"tag-republique-francaise","21":"tag-travaux"},"share_on_mastodon":{"url":"https:\/\/pubeurope.com\/@fr\/115424365449643904","error":""},"_links":{"self":[{"href":"https:\/\/www.europesays.com\/fr\/wp-json\/wp\/v2\/posts\/484742","targetHints":{"allow":["GET"]}}],"collection":[{"href":"https:\/\/www.europesays.com\/fr\/wp-json\/wp\/v2\/posts"}],"about":[{"href":"https:\/\/www.europesays.com\/fr\/wp-json\/wp\/v2\/types\/post"}],"author":[{"embeddable":true,"href":"https:\/\/www.europesays.com\/fr\/wp-json\/wp\/v2\/users\/2"}],"replies":[{"embeddable":true,"href":"https:\/\/www.europesays.com\/fr\/wp-json\/wp\/v2\/comments?post=484742"}],"version-history":[{"count":0,"href":"https:\/\/www.europesays.com\/fr\/wp-json\/wp\/v2\/posts\/484742\/revisions"}],"wp:featuredmedia":[{"embeddable":true,"href":"https:\/\/www.europesays.com\/fr\/wp-json\/wp\/v2\/media\/484743"}],"wp:attachment":[{"href":"https:\/\/www.europesays.com\/fr\/wp-json\/wp\/v2\/media?parent=484742"}],"wp:term":[{"taxonomy":"category","embeddable":true,"href":"https:\/\/www.europesays.com\/fr\/wp-json\/wp\/v2\/categories?post=484742"},{"taxonomy":"post_tag","embeddable":true,"href":"https:\/\/www.europesays.com\/fr\/wp-json\/wp\/v2\/tags?post=484742"}],"curies":[{"name":"wp","href":"https:\/\/api.w.org\/{rel}","templated":true}]}}