{"id":484748,"date":"2025-10-23T16:15:19","date_gmt":"2025-10-23T16:15:19","guid":{"rendered":"https:\/\/www.europesays.com\/fr\/484748\/"},"modified":"2025-10-23T16:15:19","modified_gmt":"2025-10-23T16:15:19","slug":"en-direct-ligue-conference-suivez-en-direct-la-rencontre-entre-le-racing-et-jagiellonia-bialystok-coup-denvoi-a-18h45","status":"publish","type":"post","link":"https:\/\/www.europesays.com\/fr\/484748\/","title":{"rendered":"En direct Ligue Conf\u00e9rence. Suivez en direct la rencontre entre le Racing et\u00a0Jagiellonia Bialystok, coup d&rsquo;envoi \u00e0 18h45"},"content":{"rendered":"<p>&#13;<br \/>\n                                                    En direct&#13;<br \/>\n                        &#13;\n                                            <\/p>\n<p>Cela fait presque vingt ans que les supporters strasbourgeois attendent ce moment. Ce jeudi soir, le Racing renoue avec la Coupe d&rsquo;Europe \u00e0 la Meinau apr\u00e8s une parenth\u00e8se de 7167 jours. Face aux Polonais de Jagiellonia Bialystok, la troupe de Liam Rosenior tentera d&rsquo;engranger un deuxi\u00e8me succ\u00e8s en autant de rencontres de Ligue Conf\u00e9rence et, au passage, d&rsquo;entretenir l&rsquo;invincibilit\u00e9 domestique du club en phase de groupes dans une comp\u00e9tition UEFA (7 victoires, 6 nuls avant le duel du jour).<\/p>\n<p>&#13;<br \/>\n              Fran\u00e7ois Bertrand &#8211; &#13;<br \/>\n        &#13;<br \/>\n          Aujourd&rsquo;hui \u00e0 18:00&#13;<br \/>\n    &#13;<br \/>\n                  | mis \u00e0 jour aujourd&rsquo;hui \u00e0 18:13&#13;<br \/>\n              &#8211; Temps de lecture : &#13;<br \/>\n  &#13;\n<\/p>\n<p>                        &#13;<br \/>\n    &#13;<br \/>\n    &#13;<br \/>\n    <a href=\"https:\/\/cdn-s-www.dna.fr\/images\/660A41B1-CF18-4064-B9FC-E31FE925FD0B\/NW_raw\/la-venue-de-brondy-en-barrage-de-ligue-conference-avait-constitue-un-avant-gout-ce-jeudi-face-a-jagiellonia-bialystok-le-racing-de-lucas-hogsberg-ne-veut-pas-rater-ses-retrouvailles-avec-la-coupe-d-europe-a-la-meinau-photo-jean-marc-loos-1761212808.jpg\" title=\"La venue de Brondy, en barrage de Ligue Conf\u00e9rence, avait constitu\u00e9 un avant-go\u00fbt. Ce jeudi, face \u00e0\u00a0Jagiellonia Bialystok, le Racing de Lucas Hogsberg ne veut pas rater ses retrouvailles avec la Coupe d&#039;Europe \u00e0 la Meinau. Photo Jean-Marc Loos\" class=\"chocolat-image GA-tracking\" data-ga_type=\"click\" data-ga_category=\"D\u00e9tail\" data-ga_action=\"zoomer\" data-ga_label=\"aggrandir image\" target=\"_blank\" rel=\"noopener\">&#13;<br \/>\n        <img src=\"https:\/\/www.europesays.com\/fr\/wp-content\/uploads\/2025\/10\/la-venue-de-brondy-en-barrage-de-ligue-conference-avait-constitue-un-avant-gout-ce-jeudi-face-a-jagi.jpeg\"   alt=\"La venue de Brondy, en barrage de Ligue Conf\u00e9rence, avait constitu\u00e9 un avant-go\u00fbt. Ce jeudi, face \u00e0\u00a0Jagiellonia Bialystok, le Racing de Lucas Hogsberg ne veut pas rater ses retrouvailles avec la Coupe d'Europe \u00e0 la Meinau. Photo Jean-Marc Loos\" fetchpriority=\"high\" decoding=\"async\" data-mobile=\"NW_detail_M|1761212808\" data-base=\"NW_detail|1761212808\"\/>&#13;<br \/>\n    <\/a>&#13;<\/p>\n<p>La venue de Brondy, en barrage de Ligue Conf\u00e9rence, avait constitu\u00e9 un avant-go\u00fbt. Ce jeudi, face \u00e0\u00a0Jagiellonia Bialystok, le Racing de Lucas Hogsberg ne veut pas rater ses retrouvailles avec la Coupe d&rsquo;Europe \u00e0 la Meinau. Photo Jean-Marc Loos<\/p>\n","protected":false},"excerpt":{"rendered":"&#13; En direct&#13; &#13; Cela fait presque vingt ans que les supporters strasbourgeois attendent ce moment. Ce jeudi&hellip;\n","protected":false},"author":2,"featured_media":484749,"comment_status":"","ping_status":"","sticky":false,"template":"","format":"standard","meta":{"footnotes":""},"categories":[2820],"tags":[1111,11,2389,2649,3545,2880,1777,674,107,63,1011,27,775,43670,3544,12,41281,25,517,640],"class_list":{"0":"post-484748","1":"post","2":"type-post","3":"status-publish","4":"format-standard","5":"has-post-thumbnail","7":"category-strasbourg","8":"tag-actu","9":"tag-actualites","10":"tag-alsace","11":"tag-bas-rhin","12":"tag-direct-sport","13":"tag-edition-strasbourg","14":"tag-eu","15":"tag-europe","16":"tag-fil-info","17":"tag-football","18":"tag-fr","19":"tag-france","20":"tag-grand-est","21":"tag-ligue-conference","22":"tag-matchs-en-direct","23":"tag-news","24":"tag-racing-club-strasbourg-masculin","25":"tag-republique-francaise","26":"tag-sport","27":"tag-strasbourg"},"share_on_mastodon":{"url":"https:\/\/pubeurope.com\/@fr\/115424378017296066","error":""},"_links":{"self":[{"href":"https:\/\/www.europesays.com\/fr\/wp-json\/wp\/v2\/posts\/484748","targetHints":{"allow":["GET"]}}],"collection":[{"href":"https:\/\/www.europesays.com\/fr\/wp-json\/wp\/v2\/posts"}],"about":[{"href":"https:\/\/www.europesays.com\/fr\/wp-json\/wp\/v2\/types\/post"}],"author":[{"embeddable":true,"href":"https:\/\/www.europesays.com\/fr\/wp-json\/wp\/v2\/users\/2"}],"replies":[{"embeddable":true,"href":"https:\/\/www.europesays.com\/fr\/wp-json\/wp\/v2\/comments?post=484748"}],"version-history":[{"count":0,"href":"https:\/\/www.europesays.com\/fr\/wp-json\/wp\/v2\/posts\/484748\/revisions"}],"wp:featuredmedia":[{"embeddable":true,"href":"https:\/\/www.europesays.com\/fr\/wp-json\/wp\/v2\/media\/484749"}],"wp:attachment":[{"href":"https:\/\/www.europesays.com\/fr\/wp-json\/wp\/v2\/media?parent=484748"}],"wp:term":[{"taxonomy":"category","embeddable":true,"href":"https:\/\/www.europesays.com\/fr\/wp-json\/wp\/v2\/categories?post=484748"},{"taxonomy":"post_tag","embeddable":true,"href":"https:\/\/www.europesays.com\/fr\/wp-json\/wp\/v2\/tags?post=484748"}],"curies":[{"name":"wp","href":"https:\/\/api.w.org\/{rel}","templated":true}]}}