{"id":484754,"date":"2025-10-23T16:18:13","date_gmt":"2025-10-23T16:18:13","guid":{"rendered":"https:\/\/www.europesays.com\/fr\/484754\/"},"modified":"2025-10-23T16:18:13","modified_gmt":"2025-10-23T16:18:13","slug":"le-chu-de-nantes-mene-un-programme-de-recherche-pour-prevenir-les-chutes-chez-les-plus-de-80-ans","status":"publish","type":"post","link":"https:\/\/www.europesays.com\/fr\/484754\/","title":{"rendered":"Le CHU de Nantes m\u00e8ne un programme de recherche pour pr\u00e9venir les chutes chez les plus de 80\u00a0ans"},"content":{"rendered":"<p>Chez les personnes \u00e2g\u00e9es, la chute reste la principale cause de la d\u00e9pendance. On y entre en moyenne \u00e0 83\u00a0ans. Or la population tr\u00e8s \u00e2g\u00e9e augmente, et va m\u00eame exploser avec la g\u00e9n\u00e9ration des papys boomers, personnes n\u00e9es \u00e0 la p\u00e9riode des babies boomers.<\/p>\n<p>Pour pr\u00e9venir la chute, pr\u00e9server l\u2019autonomie \u00e0 domicile \u2014 chez soi \u2014 et de facto, lutter contre la d\u00e9pendance physique, le p\u00f4le g\u00e9riatrie du CHU de Nantes a lanc\u00e9 le projet de recherche Pr\u00e9vipage. Car la g\u00e9riatrie, contrairement \u00e0 ce qu\u2019on pourrait croire, n\u2019est pas ax\u00e9e uniquement sur la maladie. <strong>\u00ab\u00a0Elle s\u2019int\u00e9resse \u00e9galement \u00e0 la pr\u00e9vention, \u00e0 la promotion d\u2019un mode de vie sain et \u00e0 l\u2019am\u00e9lioration des conditions de vie des seniors\u00a0\u00bb<\/strong> <strong>,<\/strong> souligne Laure de Decker, cheffe du p\u00f4le de g\u00e9riatrie.<\/p>\n<p><strong>Lire aussi :<\/strong> <a href=\"https:\/\/caen.maville.com\/actu\/actudet_-en-normandie-cette-societe-anticipe-la-chute-des-personnes-agees-avec-l-intelligence-artificielle-_4-6857979_actu.Htm\" target=\"_blank\" rel=\"noopener\">En Normandie, cette soci\u00e9t\u00e9 anticipe la chute des personnes \u00e2g\u00e9es avec l\u2019intelligence artificielle<\/a><\/p>\n<p>L\u2019id\u00e9e est d\u2019organiser un dispositif de pr\u00e9vention et de l\u2019\u00e9valuer pour les plus de 80\u00a0ans.<strong> \u00ab\u00a0\u00c0 cet \u00e2ge-l\u00e0, vous avez 30\u00a0% de risque de tomber, ce n\u2019est pas rien\u2026\u00a0\u00bb<\/strong> Concr\u00e8tement, un bilan des fragilit\u00e9s, des soins personnalis\u00e9s, des conseils \u2014 notamment en nutrition, et une activit\u00e9 physique adapt\u00e9e \u2014 14\u00a0s\u00e9ances \u00e0 domicile \u2014 sont propos\u00e9s \u00e0 des personnes ind\u00e9pendantes. Elles doivent vivre chez elles, sortir. Ce programme sera compar\u00e9 \u00e0 un suivi classique aupr\u00e8s d\u2019un m\u00e9decin g\u00e9n\u00e9raliste.<\/p>\n<p>119\u00a0octog\u00e9naires d\u00e9j\u00e0 int\u00e9gr\u00e9s \u00e0 l\u2019\u00e9tude<\/p>\n<p>Originalit\u00e9, alors que l\u2019on manque de m\u00e9decins et de g\u00e9riatres, le bilan et le suivi sont r\u00e9alis\u00e9s par des infirmi\u00e8res de pratiques avanc\u00e9es (IPA). Cette sp\u00e9cialisation est apparue dans les ann\u00e9es 2020. L\u2019IPA se situe \u00e0 un niveau interm\u00e9diaire entre le m\u00e9decin et l\u2019infirmi\u00e8re g\u00e9n\u00e9raliste.<\/p>\n<p><strong>Lire aussi :<\/strong> <a href=\"https:\/\/angers.maville.com\/actu\/actudet_--sept-a-dix-ans-de-plus-en-anjou-une-medecin-donne-des-clefs-pour-vivre-bien-et-longtemps-_9-6870391_actu.Htm\" target=\"_blank\" rel=\"noopener\">\u00ab Sept \u00e0 dix ans de plus \u00bb : en Anjou, une m\u00e9decin donne des clefs pour vivre bien et longtemps<\/a><\/p>\n<p>Une difficult\u00e9 est de faire adh\u00e9rer la population concern\u00e9e. <strong>\u00ab\u00a0\u00c0 80\u00a0ans, on peut avoir l\u2019impression que la pr\u00e9vention c\u2019est pour les plus jeunes. Mais il n\u2019y a pas d\u2019\u00e2ge pour la pr\u00e9vention<\/strong> <strong>,<\/strong> note Laure de Decker.<strong> On a le droit d\u2019avoir une bonne qualit\u00e9 de vie et d\u2019\u00eatre heureux jusqu\u2019\u00e0 la fin de sa vie.\u00a0\u00bb<\/strong> Par ailleurs, la d\u00e9pendance a un co\u00fbt pour la soci\u00e9t\u00e9 et la r\u00e9duire a beaucoup de sens.<\/p>\n<p>Au total, 400\u00a0octog\u00e9naires de Loire-Atlantique et de Vend\u00e9e participent \u00e0 ce programme. 119\u00a0sont d\u00e9j\u00e0 int\u00e9gr\u00e9s dans l\u2019\u00e9tude. Le but est ensuite de d\u00e9mocratiser et de g\u00e9n\u00e9raliser la d\u00e9marche \u00e0 la France enti\u00e8re.<\/p>\n<p>La sociologue S\u00e9verine Mayol est int\u00e9gr\u00e9e \u00e0 l\u2019\u00e9tude. Elle s\u2019int\u00e9resse \u00e0 la fois aux personnes \u00e2g\u00e9es et \u00e0 leurs proches et aux infirmi\u00e8res de pratiques avanc\u00e9es.<\/p>\n<p>\u00a0<\/p>\n","protected":false},"excerpt":{"rendered":"Chez les personnes \u00e2g\u00e9es, la chute reste la principale cause de la d\u00e9pendance. On y entre en moyenne&hellip;\n","protected":false},"author":2,"featured_media":484755,"comment_status":"","ping_status":"","sticky":false,"template":"","format":"standard","meta":{"footnotes":""},"categories":[2818],"tags":[14062,1111,11,1438,1764,4309,37507,1777,674,1011,27,5433,766,12,2636,40683,5240,959,25],"class_list":{"0":"post-484754","1":"post","2":"type-post","3":"status-publish","4":"format-standard","5":"has-post-thumbnail","7":"category-nantes","8":"tag-14062","9":"tag-actu","10":"tag-actualites","11":"tag-angers","12":"tag-ans","13":"tag-chu","14":"tag-chutes","15":"tag-eu","16":"tag-europe","17":"tag-fr","18":"tag-france","19":"tag-mene","20":"tag-nantes","21":"tag-news","22":"tag-pays-de-la-loire","23":"tag-prevenir","24":"tag-programme","25":"tag-recherche","26":"tag-republique-francaise"},"share_on_mastodon":{"url":"https:\/\/pubeurope.com\/@fr\/115424389169824179","error":""},"_links":{"self":[{"href":"https:\/\/www.europesays.com\/fr\/wp-json\/wp\/v2\/posts\/484754","targetHints":{"allow":["GET"]}}],"collection":[{"href":"https:\/\/www.europesays.com\/fr\/wp-json\/wp\/v2\/posts"}],"about":[{"href":"https:\/\/www.europesays.com\/fr\/wp-json\/wp\/v2\/types\/post"}],"author":[{"embeddable":true,"href":"https:\/\/www.europesays.com\/fr\/wp-json\/wp\/v2\/users\/2"}],"replies":[{"embeddable":true,"href":"https:\/\/www.europesays.com\/fr\/wp-json\/wp\/v2\/comments?post=484754"}],"version-history":[{"count":0,"href":"https:\/\/www.europesays.com\/fr\/wp-json\/wp\/v2\/posts\/484754\/revisions"}],"wp:featuredmedia":[{"embeddable":true,"href":"https:\/\/www.europesays.com\/fr\/wp-json\/wp\/v2\/media\/484755"}],"wp:attachment":[{"href":"https:\/\/www.europesays.com\/fr\/wp-json\/wp\/v2\/media?parent=484754"}],"wp:term":[{"taxonomy":"category","embeddable":true,"href":"https:\/\/www.europesays.com\/fr\/wp-json\/wp\/v2\/categories?post=484754"},{"taxonomy":"post_tag","embeddable":true,"href":"https:\/\/www.europesays.com\/fr\/wp-json\/wp\/v2\/tags?post=484754"}],"curies":[{"name":"wp","href":"https:\/\/api.w.org\/{rel}","templated":true}]}}