{"id":484756,"date":"2025-10-23T16:19:13","date_gmt":"2025-10-23T16:19:13","guid":{"rendered":"https:\/\/www.europesays.com\/fr\/484756\/"},"modified":"2025-10-23T16:19:13","modified_gmt":"2025-10-23T16:19:13","slug":"vincent-guerlais-partage-sa-passion-du-chocolat-avec-les-plus-demunis-a-nantes","status":"publish","type":"post","link":"https:\/\/www.europesays.com\/fr\/484756\/","title":{"rendered":"Vincent Guerlais partage sa passion du chocolat avec les plus d\u00e9munis \u00e0 Nantes"},"content":{"rendered":"<p>            Par<br \/>\n        <strong><br \/>\n            <a href=\"https:\/\/actu.fr\/auteur\/thomas-bernard\" title=\"Consulter tous les articles de Thomas Bernard\" target=\"_blank\" rel=\"noopener\">Thomas Bernard<\/a><br \/>\n        <\/strong><\/p>\n<p>        Publi\u00e9 le<\/p>\n<p>            23 oct. 2025 \u00e0 18h16        <\/p>\n<p>\u00c0 quelques m\u00e8tres de la basilique Saint-Donatien et Saint-Rogatien, les papilles gustatives sont stimul\u00e9es. Ce mercredi 22\u00a0octobre 2025, dans la salle commune de<a href=\"https:\/\/actu.fr\/pays-de-la-loire\/nantes_44109\/nantes-jeunes-et-retraites-vivent-ensemble-dans-cette-residence-pas-comme-les-autres_61736429.html\" target=\"_blank\" rel=\"noopener\"> la r\u00e9sidence interg\u00e9n\u00e9rationnelle<\/a>, jeunes et moins jeunes \u00e9coutent, avec attention et gourmandise, <strong>Vincent Guerlais<\/strong>, c\u00e9l\u00e8bre artisan chocolatier, <a href=\"https:\/\/actu.fr\/pays-de-la-loire\/sautron_44194\/pres-de-nantes-une-nouvelle-boutique-guerlais-a-ouvert-dans-cette-commune_63200467.html\" target=\"_blank\" rel=\"noopener\">install\u00e9 dans la r\u00e9gion nantaise<\/a>.<\/p>\n<p class=\" wall-content\">Le chef d\u2019entreprise participe \u00e0 l\u2019op\u00e9ration \u00ab\u2009L\u2019heure solidaire\u2009\u00bb. Pendant la semaine qui pr\u00e9c\u00e8de le changement d\u2019heure, des personnalit\u00e9s donnent de leur temps pour partager un moment privil\u00e9gi\u00e9 avec les personnes log\u00e9es par <a href=\"https:\/\/www.habitat-humanisme.org\/\" target=\"_blank\" rel=\"noopener\">Habitat et Humanisme<\/a>, <strong>une association qui r\u00e9pond\u00a0\u00e0 l\u2019exclusion et \u00e0 l\u2019isolement des personnes d\u00e9munies<\/strong>.<\/p>\n<p class=\" wall-content\">\u00ab\u2009La plupart des pr\u00e9carit\u00e9s ont un point commun, c\u2019est l\u2019isolement. Les personnes sont tr\u00e8s seules, donc on fait en sorte de les accompagner dans leur projet. Leur projet, \u00e7a peut \u00eatre\u2009: l\u2019autonomie, retrouver la confiance, l\u2019estime, retrouver du travail\u2009\u00bb, d\u00e9crit J\u00e9r\u00f4me Burnichon, charg\u00e9 de mission, pour l\u2019association Habitat et Humanisme de Loire-Atlantique.<\/p>\n<p class=\" wall-content\">Pendant plus d\u2019une heure et demie, Vincent Guerlais a parl\u00e9 de son m\u00e9tier devant une vingtaine de b\u00e9n\u00e9ficiaires de l\u2019association. Un journaliste de la r\u00e9daction d\u2019<a href=\"https:\/\/actu.fr\/nantes\/\" target=\"_blank\" rel=\"noopener\">actu Nantes<\/a> a assist\u00e9 \u00e0 ce moment convivial.<\/p>\n<p>Du cacao \u00e0 la tablette de chocolat<\/p>\n<p class=\" wall-content\">\u00c0 l\u2019heure des vacances scolaires, 22\u00a0personnes prennent place autour de deux tables. Le professeur du jour porte une blouse de chocolatier. Diaporama \u00e0 l\u2019appui, Vincent Guerlais narre toutes <strong>les composantes de fabrication du chocolat<\/strong>.<\/p>\n<p class=\" wall-content\">\u00ab\u2009Tous avaient go\u00fbt\u00e9 au moins une fois dans leur vie un carr\u00e9 de chocolat, mais ils ne savaient pas sp\u00e9cialement ce <a href=\"https:\/\/www.vincentguerlais.com\/fr\/fabrication-chocolat\" target=\"_blank\" rel=\"noopener\">qu\u2019\u00e9tait le chocolat \u00e0 la base<\/a>. Derri\u00e8re, il y a les chocolatiers, mais aussi les planteurs et de montrer un petit peu toute la fili\u00e8re\u2009\u00bb, d\u00e9crit le chocolatier.<\/p>\n<p>Votre r\u00e9gion, votre actu !<\/p>\n<p>Recevez chaque jour les infos qui comptent pour vous.<\/p>\n<p>\t<a href=\"https:\/\/actu.fr\/newsletter\" class=\"ac-btn ac-btn--corner ac-btn--medium ac-btn--blue800\" target=\"_blank\" rel=\"noopener\">S&rsquo;incrire<\/a><\/p>\n<p class=\" wall-content\">Collecte, \u00e9cabossage du cacao, fermentation des f\u00e8ves, torr\u00e9faction, toutes les th\u00e9matiques sont \u00e9voqu\u00e9es. L\u2019audience d\u00e9guste des liqueurs de cacao, du beurre de cacao, indispensables pour le transformer en chocolat.<\/p>\n<p>Solidarit\u00e9 et rencontres<\/p>\n<p class=\" wall-content\">Pendant plus d\u2019une heure, les personnes accueillies interrogent Vincent Guerlais sur son parcours et sa profession. \u00ab\u2009Mon m\u00e9tier, avant tout, c\u2019est un m\u00e9tier de passion. Pouvoir partager cette passion, <strong>c\u2019est toujours quelque chose de sympathique\u2009\u00bb<\/strong>, explique le cr\u00e9ateur de la Maison Guerlais.<\/p>\n<p class=\" wall-content\">Dans l\u2019ancien b\u00e2timent abritant la congr\u00e9gation des S\u0153urs de Saint-Fran\u00e7ois d\u2019Assise, les b\u00e9n\u00e9ficiaires \u00ab\u2009s\u2019\u00e9vadent\u2009\u00bb d\u2019un quotidien tourment\u00e9 en \u00e9changeant avec le chocolatier nantais.<\/p>\n<p class=\" wall-content\">En 2025, l\u2019association Habitat et Humanisme<strong> accompagne 600\u00a0personnes dans la m\u00e9tropole nantaise<\/strong>. Personnes issues de la rue, familles monoparentales, adultes isol\u00e9s, les publics accueillis sont divers. L\u2019op\u00e9ration \u00ab\u2009heure solidaire\u2009\u00bb vise \u00e0 accompagner ces personnes.<\/p>\n<blockquote class=\"ac-article-quote wall-content\">\n<p>Concr\u00e8tement, puisqu&rsquo;on gagne une heure en passant \u00e0 l&rsquo;heure d&rsquo;hiver, le but de l&rsquo;heure solidaire c&rsquo;est de la donner aux plus d\u00e9munis et aux plus fragiles. Cette fragilit\u00e9, nous, on l&rsquo;accompagne depuis des ann\u00e9es, \u00e0 travers le logement, \u00e0 travers l&rsquo;insertion, \u00e0 travers la remise en confiance.<\/p>\n<p>    <strong>J\u00e9r\u00f4me Burnichon<\/strong><br \/>\n        Charg\u00e9 de mission, pour l&rsquo;association Habitat et Humanisme de Loire-Atlantique    <\/p><\/blockquote>\n<p class=\" wall-content\">Morgan et Rosy, tous deux log\u00e9s au sein de la r\u00e9sidence interg\u00e9n\u00e9rationnelle de Saint-Rogatien, se sont d\u00e9lect\u00e9s des chocolats, macarons et autres bonbons pralin\u00e9s d\u00e9gust\u00e9s. C\u2019\u00e9tait trop bien et les chocolats \u00e9taient bons\u00a0\u00bb, sourit Rosy. \u00ab\u00a0Il n\u2019y en avait pas assez (les chocolats, N.D.L.R) pour Rosy\u00a0\u00bb, rigole Morgan.<\/p>\n<p>    <a href=\"https:\/\/www.facebook.com\/plugins\/post.php?href=https%3A%2F%2Fwww.facebook.com%2FHabitatetHumanisme%2Fposts%2Fpfbid026va8NYKfN7ocBYnjBeVcbFzP9ssZDeBD7HmDaJbP1hHgtsbvcVvctFSV3ju9kutpl&amp;show_text=true&amp;width=350\" title=\"Ouvrie le lien\" target=\"_blank\" rel=\"noopener\">Cliquez ici pour visualiser le contenu<\/a><\/p>\n<p class=\" wall-content\">Un atelier vecteur d\u2019\u00e9changes pour des personnes, tr\u00e8s souvent isol\u00e9es. \u00ab\u2009J\u2019ai pu <strong>faire des rencontres<\/strong> avec des personnes que je ne connaissais pas ce matin (mercredi, N.D.L.R)\u2009\u00bb, livre Morgan.<\/p>\n<p class=\" wall-content\">\u00c0 la fin de l\u2019atelier, les participants repartent avec une recette de mousse au chocolat par Vincent Guerlais. \u00ab\u2009Je ferai la recette si nous sommes plusieurs \u00e0 la faire ensemble\u2009\u00bb, confie Rosy. L\u00e0 encore, tout est question de partage.<\/p>\n<p class=\" wall-content\">Personnalisez votre actualit\u00e9 en ajoutant vos villes et m\u00e9dias en favori avec <a href=\"https:\/\/moncompte.actu.fr\" title=\"D\u00e9couvez Mon Actu\" rel=\"nofollow noopener\" data-trk=\"{&quot;cta&quot;:{&quot;action&quot;:&quot;https:\\\/\\\/moncompte.actu.fr&quot;,&quot;category&quot;:&quot;mon compte&quot;,&quot;from&quot;:&quot;article footer&quot;,&quot;name&quot;:&quot;Mon actu&quot;,&quot;type&quot;:&quot;cta&quot;}}\" target=\"_blank\">Mon Actu<\/a>.<\/p>\n","protected":false},"excerpt":{"rendered":"Par Thomas Bernard Publi\u00e9 le 23 oct. 2025 \u00e0 18h16 \u00c0 quelques m\u00e8tres de la basilique Saint-Donatien et&hellip;\n","protected":false},"author":2,"featured_media":484757,"comment_status":"","ping_status":"","sticky":false,"template":"","format":"standard","meta":{"footnotes":""},"categories":[2818],"tags":[1111,11,1777,674,1011,27,766,12,2636,25,104,3400],"class_list":{"0":"post-484756","1":"post","2":"type-post","3":"status-publish","4":"format-standard","5":"has-post-thumbnail","7":"category-nantes","8":"tag-actu","9":"tag-actualites","10":"tag-eu","11":"tag-europe","12":"tag-fr","13":"tag-france","14":"tag-nantes","15":"tag-news","16":"tag-pays-de-la-loire","17":"tag-republique-francaise","18":"tag-societe","19":"tag-solidarite"},"share_on_mastodon":{"url":"https:\/\/pubeurope.com\/@fr\/115424392939299015","error":""},"_links":{"self":[{"href":"https:\/\/www.europesays.com\/fr\/wp-json\/wp\/v2\/posts\/484756","targetHints":{"allow":["GET"]}}],"collection":[{"href":"https:\/\/www.europesays.com\/fr\/wp-json\/wp\/v2\/posts"}],"about":[{"href":"https:\/\/www.europesays.com\/fr\/wp-json\/wp\/v2\/types\/post"}],"author":[{"embeddable":true,"href":"https:\/\/www.europesays.com\/fr\/wp-json\/wp\/v2\/users\/2"}],"replies":[{"embeddable":true,"href":"https:\/\/www.europesays.com\/fr\/wp-json\/wp\/v2\/comments?post=484756"}],"version-history":[{"count":0,"href":"https:\/\/www.europesays.com\/fr\/wp-json\/wp\/v2\/posts\/484756\/revisions"}],"wp:featuredmedia":[{"embeddable":true,"href":"https:\/\/www.europesays.com\/fr\/wp-json\/wp\/v2\/media\/484757"}],"wp:attachment":[{"href":"https:\/\/www.europesays.com\/fr\/wp-json\/wp\/v2\/media?parent=484756"}],"wp:term":[{"taxonomy":"category","embeddable":true,"href":"https:\/\/www.europesays.com\/fr\/wp-json\/wp\/v2\/categories?post=484756"},{"taxonomy":"post_tag","embeddable":true,"href":"https:\/\/www.europesays.com\/fr\/wp-json\/wp\/v2\/tags?post=484756"}],"curies":[{"name":"wp","href":"https:\/\/api.w.org\/{rel}","templated":true}]}}