{"id":484762,"date":"2025-10-23T16:23:09","date_gmt":"2025-10-23T16:23:09","guid":{"rendered":"https:\/\/www.europesays.com\/fr\/484762\/"},"modified":"2025-10-23T16:23:09","modified_gmt":"2025-10-23T16:23:09","slug":"des-travaux-bientot-lances-dans-le-musee","status":"publish","type":"post","link":"https:\/\/www.europesays.com\/fr\/484762\/","title":{"rendered":"des travaux bient\u00f4t lanc\u00e9s dans le mus\u00e9e"},"content":{"rendered":"<p>            Par<br \/>\n        <strong><br \/>\n            <a href=\"https:\/\/actu.fr\/auteur\/marie-lamarque\" title=\"Consulter tous les articles de Marie Lamarque\" target=\"_blank\" rel=\"noopener\">Marie Lamarque<\/a><br \/>\n        <\/strong><\/p>\n<p>        Publi\u00e9 le<\/p>\n<p>            23 oct. 2025 \u00e0 17h58        <\/p>\n<p>Derniers jours pour profiter de <a href=\"https:\/\/actu.fr\/occitanie\/toulouse_31555\/toulouse-comme-des-moutons-avec-sa-nouvelle-expo-le-quai-des-savoirs-sinteresse-aux-foules_62174286.html\" target=\"_blank\" rel=\"noopener\">l\u2019exposition \u00ab\u00a0Comme des Moutons ?\u00a0\u00bb<\/a> au <strong>Quai des Savoirs<\/strong> <a href=\"https:\/\/actu.fr\/toulouse\/\" target=\"_blank\" rel=\"noopener\">\u00e0 Toulouse<\/a>. Habitants et touristes profiteront peut-\u00eatre des vacances de la Toussaint pour (re)d\u00e9couvrir ce mus\u00e9e d\u00e9di\u00e9 \u00e0 la culture scientifique. L\u2019autre grand rendez-vous qui suivra : <a href=\"https:\/\/quaidessavoirs.toulouse-metropole.fr\/festival-lumieres-sur-le-quai\/lumieres-sur-le-quai-2025\/\" target=\"_blank\" rel=\"noopener\">le festival \u00ab\u00a0Lumi\u00e8res sur le quai\u00a0\u00bb<\/a>, qui se tiendra du 31 octobre au 2 novembre 2025. \u00ab\u00a0Il viendra cl\u00f4turer l\u2019exposition sur les foules\u00a0\u00bb, fait remarquer <strong>Francis Grass<\/strong>, vice-pr\u00e9sident en charge de la culture \u00e0 Toulouse M\u00e9tropole. Pass\u00e9 cette date, <strong>les visiteurs n\u2019auront plus acc\u00e8s \u00e0 la grande salle d\u2019exposition<\/strong>. Car <strong>une transformation se pr\u00e9pare.<\/strong> \u00ab\u00a0Une \u00e9tape importante que l\u2019on souhaitait depuis un moment, souligne l\u2019\u00e9lu. Les d\u00e9tails.<\/p>\n<p>\u00ab\u00a0Une difficult\u00e9 d\u2019espace\u00a0\u00bb<\/p>\n<p class=\" wall-content\"><strong>D\u2019importants travaux<\/strong> vont se lancer d\u00e8s le mois de novembre dans ce mus\u00e9e install\u00e9 sur les all\u00e9es Jules-Guesde, en lieu et place de l\u2019ancienne facult\u00e9 de sciences. Mais l\u2019\u00e9lu, contact\u00e9 par Actu Toulouse, tient \u00e0 rassurer : les installations seront toujours ouvertes au public, \u00e0 savoir<strong> la boutique, le Quai des Petits ou encore le caf\u00e9<\/strong>.<\/p>\n<p>    <a href=\"https:\/\/www.google.com\/maps\/embed?pb=!1m18!1m12!1m3!1d5779.171337894052!2d1.4483272128264215!3d43.5943458561133!2m3!1f0!2f0!3f0!3m2!1i1024!2i768!4f13.1!3m3!1m2!1s0x12aebc868306ff27%3A0xe3036d4c50721c92!2sQuai%20des%20Savoirs!5e0!3m2!1sfr!2sfr!4v1761211788426!5m2!1sfr!2sfr\" title=\"Ouvrie le lien\" target=\"_blank\" rel=\"noopener\">Cliquez ici pour visualiser le contenu<\/a><\/p>\n<p class=\" wall-content\">Que va-t-il se passer dans la salle d\u2019exposition principale ? \u00ab\u00a0Cela fait maintenant neuf ans que le Quai est ouvert. On a but\u00e9 assez vite sur<strong> une difficult\u00e9 d\u2019espace<\/strong>. On n\u2019arrive pas \u00e0 faire, dans des conditions correctes, des conf\u00e9rences en compl\u00e9ment de nos expositions. Quand on fait venir un scientifique, on est oblig\u00e9 d\u2019aller soit \u00e0 l\u2019amphith\u00e9\u00e2tre de l\u2019\u00e9cole de m\u00e9decine, au th\u00e9\u00e2tre Sorano ou ailleurs. Ce n\u2019est pas commode\u00a0\u00bb, explique l\u2019\u00e9lu.<\/p>\n<p>Un futur auditorium de 120 places<\/p>\n<p class=\" wall-content\">Solution : <strong>cr\u00e9er dans cette salle un auditorium<\/strong>, baptis\u00e9 \u00ab\u00a0Agora des futurs\u00a0\u00bb, qui disposera de <strong>120 places<\/strong>. \u00ab\u00a0Comme on b\u00e9n\u00e9ficie d\u2019une grande hauteur, on ne perdra pas de place dans la salle d\u2019exposition [qui fait 800 m2, NDLR]. Il y aura un acc\u00e8s avec un escalier et un ascenseur.\u00a0\u00bb<\/p>\n<p class=\" wall-content\">Ce nouvel espace servira \u00e0 accueillir <strong>des conf\u00e9rences, des projections de film, des tables rondes, recevoir des groupes<\/strong>\u2026 De quoi accro\u00eetre l\u2019offre du Quai et cr\u00e9er \u00ab\u00a0des recettes suppl\u00e9mentaires\u00a0\u00bb, souligne Francis Grass. Mais aussi offrir un nouvel \u00e9quipement au personnel du Quai. \u00ab\u00a0Environ 50 personnes travaillent sur ce site.\u00a0\u00bb<\/p>\n<p>Votre r\u00e9gion, votre actu !<\/p>\n<p>Recevez chaque jour les infos qui comptent pour vous.<\/p>\n<p>\t<a href=\"https:\/\/actu.fr\/newsletter\" class=\"ac-btn ac-btn--corner ac-btn--medium ac-btn--blue800\" target=\"_blank\" rel=\"noopener\">S&rsquo;incrire<\/a><br \/>\nFin des travaux pour octobre 2026<\/p>\n<p class=\" wall-content\">Les visiteurs devraient le d\u00e9couvrir en octobre 2026, pour le lancement du festival \u00ab\u00a0Lumi\u00e8res sur le quai\u00a0\u00bb 2026 qui concordera aussi avec<strong> les 10 ans du mus\u00e9e<\/strong>.\u00a0<\/p>\n<p class=\" wall-content\"><strong>Un budget de 2,5 millions d\u2019euros TTC<\/strong> est consacr\u00e9 pour cet am\u00e9nagement, \u00ab\u00a0avec 2,4 millions pour la construction et 100 000 euros pour l\u2019\u00e9quipement audio et visuel\u00a0\u00bb, d\u00e9taille Francis Grass.<\/p>\n<p>Rendez-vous aux Abattoirs pour la prochaine expo<\/p>\n<p class=\" wall-content\">Durant les travaux, le Quai des Savoirs poursuivra ses activit\u00e9s et <strong>d\u00e9localisera sa prochaine exposition<\/strong>. Le grand rendez-vous de 2026 se tiendra du 2 avril au 1er novembre, et \u00ab\u00a0se fera aux Abattoirs\u00a0\u00bb, d\u00e9taille Francis Grass.<\/p>\n<p class=\" wall-content\">Son th\u00e8me ? <strong>Le biomim\u00e9tisme<\/strong>, cette d\u00e9marche qui consiste \u00e0 chercher l\u2019inspiration dans les m\u00e9canismes d\u00e9j\u00e0 pr\u00e9sents dans la nature afin de d\u00e9velopper des innovations en mati\u00e8re de d\u00e9veloppement durable.<\/p>\n<p class=\" wall-content\">Personnalisez votre actualit\u00e9 en ajoutant vos villes et m\u00e9dias en favori avec <a href=\"https:\/\/moncompte.actu.fr\" title=\"D\u00e9couvez Mon Actu\" rel=\"nofollow noopener\" data-trk=\"{&quot;cta&quot;:{&quot;action&quot;:&quot;https:\\\/\\\/moncompte.actu.fr&quot;,&quot;category&quot;:&quot;mon compte&quot;,&quot;from&quot;:&quot;article footer&quot;,&quot;name&quot;:&quot;Mon actu&quot;,&quot;type&quot;:&quot;cta&quot;}}\" target=\"_blank\">Mon Actu<\/a>.<\/p>\n","protected":false},"excerpt":{"rendered":"Par Marie Lamarque Publi\u00e9 le 23 oct. 2025 \u00e0 17h58 Derniers jours pour profiter de l\u2019exposition \u00ab\u00a0Comme des&hellip;\n","protected":false},"author":2,"featured_media":484763,"comment_status":"","ping_status":"","sticky":false,"template":"","format":"standard","meta":{"footnotes":""},"categories":[2816],"tags":[1111,11,1777,674,1011,27,1652,12,2680,60805,25,1341,2312],"class_list":{"0":"post-484762","1":"post","2":"type-post","3":"status-publish","4":"format-standard","5":"has-post-thumbnail","7":"category-toulouse","8":"tag-actu","9":"tag-actualites","10":"tag-eu","11":"tag-europe","12":"tag-fr","13":"tag-france","14":"tag-loisirs-culture","15":"tag-news","16":"tag-occitanie","17":"tag-quai-des-savoirs","18":"tag-republique-francaise","19":"tag-sortir-a-toulouse","20":"tag-toulouse"},"share_on_mastodon":{"url":"https:\/\/pubeurope.com\/@fr\/115424408618277288","error":""},"_links":{"self":[{"href":"https:\/\/www.europesays.com\/fr\/wp-json\/wp\/v2\/posts\/484762","targetHints":{"allow":["GET"]}}],"collection":[{"href":"https:\/\/www.europesays.com\/fr\/wp-json\/wp\/v2\/posts"}],"about":[{"href":"https:\/\/www.europesays.com\/fr\/wp-json\/wp\/v2\/types\/post"}],"author":[{"embeddable":true,"href":"https:\/\/www.europesays.com\/fr\/wp-json\/wp\/v2\/users\/2"}],"replies":[{"embeddable":true,"href":"https:\/\/www.europesays.com\/fr\/wp-json\/wp\/v2\/comments?post=484762"}],"version-history":[{"count":0,"href":"https:\/\/www.europesays.com\/fr\/wp-json\/wp\/v2\/posts\/484762\/revisions"}],"wp:featuredmedia":[{"embeddable":true,"href":"https:\/\/www.europesays.com\/fr\/wp-json\/wp\/v2\/media\/484763"}],"wp:attachment":[{"href":"https:\/\/www.europesays.com\/fr\/wp-json\/wp\/v2\/media?parent=484762"}],"wp:term":[{"taxonomy":"category","embeddable":true,"href":"https:\/\/www.europesays.com\/fr\/wp-json\/wp\/v2\/categories?post=484762"},{"taxonomy":"post_tag","embeddable":true,"href":"https:\/\/www.europesays.com\/fr\/wp-json\/wp\/v2\/tags?post=484762"}],"curies":[{"name":"wp","href":"https:\/\/api.w.org\/{rel}","templated":true}]}}