{"id":484766,"date":"2025-10-23T16:25:21","date_gmt":"2025-10-23T16:25:21","guid":{"rendered":"https:\/\/www.europesays.com\/fr\/484766\/"},"modified":"2025-10-23T16:25:21","modified_gmt":"2025-10-23T16:25:21","slug":"concerts-animations-dhalloween-vr-que-faire-du-cote-de-lille-le-week-end-des-25-et-26-octobre","status":"publish","type":"post","link":"https:\/\/www.europesays.com\/fr\/484766\/","title":{"rendered":"Concerts, animations d&rsquo;Halloween, VR&#8230; Que faire du c\u00f4t\u00e9 de Lille le week-end des 25 et 26 octobre\u00a0?"},"content":{"rendered":"<p>            Par<br \/>\n        <strong><br \/>\n            <a href=\"https:\/\/actu.fr\/auteur\/amandine-vachez\" title=\"Consulter tous les articles de Amandine Vachez\" rel=\"nofollow noopener\" target=\"_blank\">Amandine Vachez<\/a><br \/>\n        <\/strong><\/p>\n<p>        Publi\u00e9 le<\/p>\n<p>            23 oct. 2025 \u00e0 16h44        <\/p>\n<p>Avis \u00e0 celles et ceux qui auraient du mal \u00e0 faire leur<b> programme pour le week-end.<\/b> La r\u00e9daction a s\u00e9lectionn\u00e9 quelques<b> sorties<\/b>, propos\u00e9es ce <b>week-end des 25 et 26 octobre 2025<\/b>, \u00e0 <a href=\"https:\/\/actu.fr\/lille\/\" rel=\"nofollow noopener\" target=\"_blank\">Lille<\/a> (Nord) et autour.\u00a0<\/p>\n<p>En musique<\/p>\n<p class=\" wall-content\">Plusieurs concerts et \u00e9v\u00e9nements musicaux vous attendent cette fin de semaine dans la m\u00e9tropole lilloise. Voici ce qu\u2019a rep\u00e9r\u00e9 la r\u00e9daction :\u00a0<\/p>\n<ul class=\" wall-content\">\n<li><b>Reggae \u00e0 Lille, avec Groundation<\/b>, dimanche \u00e0 18h30 \u00e0 l\u2019A\u00e9ronef, pour une fin de week-end sous le signe du reggae roots am\u00e9ricain ! Infos et r\u00e9servations <a href=\"https:\/\/aeronef.fr\/agenda\/groundation25?show_session=3007\" rel=\"nofollow noopener\" target=\"_blank\">sur le site de la salle<\/a>.<\/li>\n<li><b>Lara Fabian au z\u00e9nith<\/b>, samedi \u00e0 20h. La chanteuse est de retour sur sc\u00e8ne cette ann\u00e9e, pour une tourn\u00e9e sobrement baptis\u00e9e \u00ab\u00a0Je t\u2019aime\u00a0\u00bb. Infos et r\u00e9servations <a href=\"https:\/\/www.zenithdelille.com\/evenement\/lara-fabian\/\" rel=\"nofollow noopener\" target=\"_blank\">par ici<\/a>.<\/li>\n<li><b>Pop \u00e0 Tourcoing, avec The Breakfast club<\/b> \u00e0 la m\u00e9diat\u00e8que Andr\u00e9 Malraux, samedi \u00e0 16h. Un concert gratuit hors-les-murs du Grand Mix, o\u00f9 vous \u00eates plong\u00e9 dans un voyage singulier, sur fond de \u00ab\u00a0pop embu\u00e9e\u00a0\u00bb. Plus d\u2019infos <a href=\"https:\/\/legrandmix.com\/fr\/agenda\/the-breakfast-club-mediatheque\" rel=\"nofollow noopener\" target=\"_blank\">sur le site de la salle de concert<\/a>.<\/li>\n<li><b>Ann\u00e9es 1980 \u00e0 Seclin, soir\u00e9e th\u00e9matique<\/b>, par l\u2019association Liens Essentiels \u00e0 la salle Rony Coutteure \u00e0 Seclin. Rendez-vous ce samedi d\u00e8s 19h30 pour un temps festif\u2026 \u00e0 vocation solidaire ! Plus d\u2019infos sur l\u2019association et ses actualit\u00e9s <a href=\"https:\/\/www.facebook.com\/profile.php?id=100080504564775\" rel=\"nofollow noopener\" target=\"_blank\">sur Facebook<\/a>.<\/li>\n<\/ul>\n<p>    <a href=\"https:\/\/www.facebook.com\/plugins\/post.php?href=https%3A%2F%2Fwww.facebook.com%2Fpermalink.php%3Fstory_fbid%3Dpfbid0UA8ojFNJ23bh1s7ENGCXBDEPzmBagfEFpz3w8EAkkVjjRB8zaqTxmXNdpnHVCddRl%26id%3D100080504564775&amp;show_text=true&amp;width=350\" title=\"Ouvrie le lien\" rel=\"nofollow noopener\" target=\"_blank\">Cliquez ici pour visualiser le contenu<\/a><\/p>\n<p>En famille<\/p>\n<p class=\" wall-content\">Envie de profiter de ce week-end en famille ? Les id\u00e9es de sorties ne manquent pas. Voici quelques pistes pour en profiter pleinement :\u00a0<\/p>\n<ul class=\" wall-content\">\n<li><b>(Re)d\u00e9couvrir le zoo de Lille : <\/b>c\u2019est la fin de saison pour le zoo, qui va bient\u00f4t fermer ses portes pour l\u2019hiver. Vous pouvez encore vous promener et observer les esp\u00e8ces qui y sont h\u00e9berg\u00e9es. La partie exotique du zoo, ferm\u00e9e un moment pour travaux, est <a href=\"https:\/\/actu.fr\/hauts-de-france\/lille_59350\/zoo-de-lille-apres-les-travaux-une-naissance-et-la-reouverture-de-lespace-voyage-exotique_63188098.html\" rel=\"nofollow noopener\" target=\"_blank\">de nouveau accessible<\/a>.<\/li>\n<li><b>Halloween dans les parcs :<\/b> pour ces vacances de la Toussaint, les parcs d\u2019attractions passent en mode\u2026 frissons ! Des animations, spectacles et d\u00e9cors adapt\u00e9s aux petits et grands visiteurs vous attendent aux diverses adresses bien connues des f\u00e9rus d\u2019attractions. Nord, Pas-de-Calais et Belgique voisine : on vous liste le gros du programme <a href=\"https:\/\/actu.fr\/hauts-de-france\/lille_59350\/nocturnes-maisons-hantees-labyrinthe-halloween-celebre-dans-ces-parcs-pres-de-lille_63308113.html\" rel=\"nofollow noopener\" target=\"_blank\">dans un article cibl\u00e9<\/a>.<\/li>\n<li><b>Les centres commerciaux en mode Halloween : <\/b>des films d\u2019horreur diffus\u00e9s avec du pop-corn, des ateliers de maquillage ou de confection de d\u00e9corations effrayantes, des citrouilles ou maisons hant\u00e9es vous attendent dans les centres commerciaux de la m\u00e9tropole lilloise : \u00e0 <a href=\"https:\/\/actu.fr\/hauts-de-france\/lille_59350\/lille-lego-citrouilles-manoir-de-la-peur-et-dinos-lillenium-fait-le-plein-danimations-pour-les-vacances_63325184.html\" rel=\"nofollow noopener\" target=\"_blank\">Lillenium<\/a> ou dans <a href=\"https:\/\/actu.fr\/hauts-de-france\/lille_59350\/enigme-cine-maquillage-mode-halloween-active-dans-ces-centres-commerciaux-de-la-metropole-de-lille_63330689.html\" rel=\"nofollow noopener\" target=\"_blank\">les enseignes Aushopping<\/a>, notamment. Bouh !<\/li>\n<\/ul>\n<p>Nouveaut\u00e9s et bonnes affaires<\/p>\n<p class=\" wall-content\">Envie de d\u00e9couvrir une nouveaut\u00e9 ou d\u2019aller \u00e0 la chasse aux bonnes affaires ? Vous \u00eates dans la bonne rubrique ! Ce week-end, vous pourrez profiter de :<\/p>\n<p>Votre r\u00e9gion, votre actu !<\/p>\n<p>Recevez chaque jour les infos qui comptent pour vous.<\/p>\n<p>\t<a href=\"https:\/\/actu.fr\/newsletter\" class=\"ac-btn ac-btn--corner ac-btn--medium ac-btn--blue800\" rel=\"nofollow noopener\" target=\"_blank\">S&rsquo;incrire<\/a><\/p>\n<ul class=\" wall-content\">\n<li><b>Brocantes, organis\u00e9es un peu partout sur le territoire. <\/b>On vous liste les ventes (brocantes, braderies, march\u00e9s aux puces) et les infos pratiques essentielles <a href=\"https:\/\/actu.fr\/loisirs-culture\/brocantes-vide-greniers-bourses-ou-chiner-le-week-end-des-25-et-26-octobre-dans-le-nord_63332988.html\" rel=\"nofollow noopener\" target=\"_blank\">dans un article cibl\u00e9 sur le Nord<\/a>, et <a href=\"https:\/\/actu.fr\/loisirs-culture\/pas-de-calais-voici-les-brocantes-et-vide-greniers-organises-ces-samedi-25-et-dimanche-26-octobre_63333651.html\" rel=\"nofollow noopener\" target=\"_blank\">un autre sur le Pas-de-Calais<\/a>.\u00a0<\/li>\n<li><b>Grandes ventes exceptionnelles<\/b> samedi et dimanche : un grand d\u00e9stockage (pr\u00eat \u00e0 porter d\u2019\u00e9t\u00e9, d\u00e9co, accessoires\u2026) dans <a href=\"https:\/\/actu.fr\/hauts-de-france\/seclin_59560\/bon-plan-home-sweet-mode-organise-une-grande-vente-de-destockage-dans-son-entrepot-a-deux-pas-de-lille_63330958.html\" rel=\"nofollow noopener\" target=\"_blank\">l\u2019entrep\u00f4t de Home Sweet Mode<\/a> \u00e0 Seclin, une grande vente de l\u2019asso <a href=\"https:\/\/actu.fr\/hauts-de-france\/marcq-en-baroeul_59378\/marcq-en-baroeul-les-petits-freres-des-pauvres-organisent-une-grande-vente-tout-le-week-end_63331388.html\" rel=\"nofollow noopener\" target=\"_blank\">Petits fr\u00e8res des pauvres \u00e0 Hellemmes<\/a> (bibelots, bijoux, vaisselle, verrerie\u2026).<\/li>\n<li><b>Cageot, qui passe en \u00ab\u00a0mode hiver\u00a0\u00bb ! <\/b>Le lieu festif et gourmand install\u00e9 \u00e0 Faches-Thumesnil se m\u00e9tamorphose en v\u00e9ritable ferme hivernale jusqu\u2019au printemps. Espace f\u00e9\u00e9rique, fl\u00e9chettes, bras\u00e9ros\u2026 Objectif : prolonger la convivialit\u00e9 de la belle saison dans une ambiance chaleureuse et r\u00e9confortante. Plus d\u2019infos <a href=\"https:\/\/actu.fr\/hauts-de-france\/faches-thumesnil_59220\/faches-thumesnil-le-food-court-cageot-se-transforme-en-village-dhiver-avec-une-avalanche-de-nouveautes_63324794.html\" rel=\"nofollow noopener\" target=\"_blank\">dans notre article<\/a>.\u00a0<\/li>\n<li><b>La nouvelle structure du plan\u00e9tarium ou des expositions<\/b> du Forum des sciences de Villeneuve-d\u2019Ascq. De quoi en prendre plein la vue, tout en apprenant des choses ! On vous en dit plus sur les actualit\u00e9s du Forum <a href=\"https:\/\/actu.fr\/hauts-de-france\/villeneuve-d-ascq_59009\/villeneuve-dascq-limpressionnant-planetarium-du-forum-des-sciences-rouvre-ses-portes-ce-samedi_63315604.html\" rel=\"nofollow noopener\" target=\"_blank\">dans un article r\u00e9cent consacr\u00e9 au sujet<\/a>.<\/li>\n<li><b>\u00ab\u00a0Titanic, le r\u00eave englouti\u00a0\u00bb, une exp\u00e9rience immersive in\u00e9dite<\/b>, possible gr\u00e2ce \u00e0 la VR. Le centre Les Tanneurs accueille cette animation \u00e9poustouflante depuis le 17 octobre. On l\u2019a test\u00e9e pour vous, <a href=\"https:\/\/actu.fr\/hauts-de-france\/lille_59350\/lille-que-vaut-lexperience-en-realite-virtuelle-titanic-le-reve-englouti-on-a-teste-en-avant-premiere_63287849.html\" rel=\"nofollow noopener\" target=\"_blank\">retrouvez notre article par ici.<\/a><\/li>\n<\/ul>\n<p>Les expos festives incontournables du moment<\/p>\n<p class=\" wall-content\">L\u2019offre d\u2019expositions est riche en ce moment, notamment avec la saison \u00ab\u00a0Fiesta\u00a0\u00bb de lille3000 qui touche bient\u00f4t \u00e0 sa fin. Vous pouvez notamment voir :\u00a0<\/p>\n<ul class=\" wall-content\">\n<li><b>L\u2019\u00e9tonnant voyage de \u00ab\u00a0Kinjotour\u00a0\u00bb <\/b>\u00e0 l\u2019espace Le Carr\u00e9 \u00e0 Lille, pr\u00e8s de la Halle aux sucres. Immersion dans un grand voyage, entre arts visuels et musique ! <a href=\"https:\/\/actu.fr\/hauts-de-france\/lille_59350\/kinjotour-a-lille-carte-blanche-donnee-a-montparnasse-musique-pour-cette-expo-de-lille3000_63317601.html\" rel=\"nofollow noopener\" target=\"_blank\">On vous emm\u00e8ne<\/a>.<\/li>\n<li><b>Une exposition mettant en sc\u00e8ne les g\u00e9ants du Nord et de la Belgique<\/b>, au Palais des Beaux-arts. Assiettes, affiches, vaisselle mais aussi g\u00e9ants (\u00e9videmment) et m\u00eame film d\u2019animation sont r\u00e9unis dans cette installation audacieuse, dont <a href=\"https:\/\/actu.fr\/hauts-de-france\/lille_59350\/lille-le-palais-des-beaux-arts-devoile-les-petits-secrets-des-geants-dans-une-expo_63270143.html\" rel=\"nofollow noopener\" target=\"_blank\">on vous parle plus en d\u00e9tail dans un article<\/a>.\u00a0<\/li>\n<li><b>La tr\u00e8s festive et loufoque exposition de la Briche Foraine \u00e0 Saint-So.<\/b> Le collectif venu de la r\u00e9gion parisienne vous propose une exp\u00e9rience immersive qui vaut assur\u00e9ment le d\u00e9tour. Vous n\u2019\u00eates pas \u00e0 l\u2019abri de vous laisser compl\u00e8tement <a href=\"https:\/\/fiestalille3000.com\/exposition\/institut-grand-festif\/\" rel=\"nofollow noopener\" target=\"_blank\">emport\u00e9 par l\u2019esprit du Grand Festif !<\/a><\/li>\n<li><b>La f\u00eate est aussi \u00e0 l\u2019honneur<\/b>, d\u2019une toute autre fa\u00e7on au Ch\u00e2teau de Flers, dans <a href=\"https:\/\/www.lillemetropole.fr\/evenements\/exposition-banquet-au-chateau-de-flers#:~:text=Du%2020%20septembre%202025%20au,si%C3%A8cle%2C%20%E2%80%A6%20mais%20pas%20seulement%20!\" rel=\"nofollow noopener\" target=\"_blank\">une expo o\u00f9 sont repris les codes des grands banquets<\/a>. Dans cette sublime b\u00e2tisse flamande est dress\u00e9e une table \u00e0 la fa\u00e7on des banquets du 17\u00e8me si\u00e8cle\u2026 mais pas seulement ! L\u2019occasion de parcourir une expo in\u00e9dite, dans un lieu exceptionnel.<\/li>\n<\/ul>\n<p class=\" wall-content\">Voil\u00e0 de quoi vous donner des id\u00e9es.<\/p>\n<p class=\" wall-content\">Personnalisez votre actualit\u00e9 en ajoutant vos villes et m\u00e9dias en favori avec <a href=\"https:\/\/moncompte.actu.fr\" title=\"D\u00e9couvez Mon Actu\" rel=\"nofollow noopener\" data-trk=\"{&quot;cta&quot;:{&quot;action&quot;:&quot;https:\\\/\\\/moncompte.actu.fr&quot;,&quot;category&quot;:&quot;mon compte&quot;,&quot;from&quot;:&quot;article footer&quot;,&quot;name&quot;:&quot;Mon actu&quot;,&quot;type&quot;:&quot;cta&quot;}}\" target=\"_blank\">Mon Actu<\/a>.<\/p>\n","protected":false},"excerpt":{"rendered":"Par Amandine Vachez Publi\u00e9 le 23 oct. 2025 \u00e0 16h44 Avis \u00e0 celles et ceux qui auraient du&hellip;\n","protected":false},"author":2,"featured_media":484767,"comment_status":"","ping_status":"","sticky":false,"template":"","format":"standard","meta":{"footnotes":""},"categories":[2815],"tags":[1111,11,677,1777,674,652,1011,27,811,1307,1652,12,25],"class_list":{"0":"post-484766","1":"post","2":"type-post","3":"status-publish","4":"format-standard","5":"has-post-thumbnail","7":"category-lille","8":"tag-actu","9":"tag-actualites","10":"tag-bons-plans","11":"tag-eu","12":"tag-europe","13":"tag-famille","14":"tag-fr","15":"tag-france","16":"tag-hauts-de-france","17":"tag-lille","18":"tag-loisirs-culture","19":"tag-news","20":"tag-republique-francaise"},"share_on_mastodon":{"url":"https:\/\/pubeurope.com\/@fr\/115424416492370508","error":""},"_links":{"self":[{"href":"https:\/\/www.europesays.com\/fr\/wp-json\/wp\/v2\/posts\/484766","targetHints":{"allow":["GET"]}}],"collection":[{"href":"https:\/\/www.europesays.com\/fr\/wp-json\/wp\/v2\/posts"}],"about":[{"href":"https:\/\/www.europesays.com\/fr\/wp-json\/wp\/v2\/types\/post"}],"author":[{"embeddable":true,"href":"https:\/\/www.europesays.com\/fr\/wp-json\/wp\/v2\/users\/2"}],"replies":[{"embeddable":true,"href":"https:\/\/www.europesays.com\/fr\/wp-json\/wp\/v2\/comments?post=484766"}],"version-history":[{"count":0,"href":"https:\/\/www.europesays.com\/fr\/wp-json\/wp\/v2\/posts\/484766\/revisions"}],"wp:featuredmedia":[{"embeddable":true,"href":"https:\/\/www.europesays.com\/fr\/wp-json\/wp\/v2\/media\/484767"}],"wp:attachment":[{"href":"https:\/\/www.europesays.com\/fr\/wp-json\/wp\/v2\/media?parent=484766"}],"wp:term":[{"taxonomy":"category","embeddable":true,"href":"https:\/\/www.europesays.com\/fr\/wp-json\/wp\/v2\/categories?post=484766"},{"taxonomy":"post_tag","embeddable":true,"href":"https:\/\/www.europesays.com\/fr\/wp-json\/wp\/v2\/tags?post=484766"}],"curies":[{"name":"wp","href":"https:\/\/api.w.org\/{rel}","templated":true}]}}