{"id":484788,"date":"2025-10-23T16:37:10","date_gmt":"2025-10-23T16:37:10","guid":{"rendered":"https:\/\/www.europesays.com\/fr\/484788\/"},"modified":"2025-10-23T16:37:10","modified_gmt":"2025-10-23T16:37:10","slug":"larmee-francaise-se-prepare-a-un-choc-contre-la-russie","status":"publish","type":"post","link":"https:\/\/www.europesays.com\/fr\/484788\/","title":{"rendered":"L\u2019arm\u00e9e fran\u00e7aise se pr\u00e9pare \u00e0 un \u00abchoc\u00bb contre la Russie"},"content":{"rendered":"<p>\n    <strong>D\u00c9CRYPTAGE &#8211; <\/strong>Pour le chef d\u2019\u00e9tat-major des arm\u00e9es, le g\u00e9n\u00e9ral Mandon, Moscou se pr\u00e9pare \u00e0 affronter l\u2019Otan.<\/p>\n<p class=\"fig-paragraph\">Sans certitude sur ce qui pourrait advenir, une phase d\u2019avant-guerre commence. Au sein des \u00e9tats-majors militaires, la possibilit\u00e9 d\u2019une confrontation majeure avec\u00a0<a href=\"http:\/\/www.lefigaro.fr\/international\/l-ere-qui-s-ouvre-est-celle-des-intimidations-et-des-tests-face-a-la-russie-la-nouvelle-rhetorique-offensive-occidentale-20251017\" target=\"_blank\" data-fig-type=\"Article\" rel=\"noopener\" data-gtm-custom-categorie=\"navigation\" data-gtm-custom-action=\"crossclick\" data-gtm-custom-label=\"Contextuel\" data-gtm-event=\"customEventSPE\" data-fig-domain=\"LEFIGARO\">la\u00a0Russie<\/a>\u00a0dans un horizon proche n\u2019est plus une hypoth\u00e8se mais une urgence. \u00ab\u00a0L\u2019analyse du\u00a0<a href=\"http:\/\/www.lefigaro.fr\/international\/l-adieu-aux-armes-de-thierry-burkhard-un-general-a-la-hauteur-20250905\" target=\"_blank\" data-fig-type=\"Article\" rel=\"noopener\" data-gtm-custom-categorie=\"navigation\" data-gtm-custom-action=\"crossclick\" data-gtm-custom-label=\"Contextuel\" data-gtm-event=\"customEventSPE\" data-fig-domain=\"LEFIGARO\">g\u00e9n\u00e9ral Burkhard<\/a> , qui voulait gagner la guerre avant la guerre, \u00e9tait juste\u00a0\u00bb, observe un haut grad\u00e9 en r\u00e9f\u00e9rence \u00e0 la grille de lecture de l\u2019ancien chef d\u2019\u00e9tat-major des arm\u00e9es (Cema) r\u00e9sum\u00e9e par le triptyque \u00ab\u00a0comp\u00e9tition, contestation, confrontation\u00a0\u00bb. Mais elle n\u2019est plus suffisante. \u00ab\u00a0<a href=\"http:\/\/www.lefigaro.fr\/actualite-france\/le-general-fabien-mandon-nouveau-chef-d-etat-major-des-armees-l-immobilisme-ou-le-relativisme-ne-seront-pas-acceptes-20250904\" target=\"_blank\" data-fig-type=\"Article\" rel=\"noopener\" data-gtm-custom-categorie=\"navigation\" data-gtm-custom-action=\"crossclick\" data-gtm-custom-label=\"Contextuel\" data-gtm-event=\"customEventSPE\" data-fig-domain=\"LEFIGARO\">Le g\u00e9n\u00e9ral Mandon<\/a> \u00a0veut gagner la guerre, tout court\u00a0\u00bb, ajoute l\u2019officier en \u00e9voquant la feuille de route du nouveau\u00a0Cema.<\/p>\n<p class=\"fig-paragraph\">D\u2019une voix calme, analytique,\u00a0<a href=\"http:\/\/www.lefigaro.fr\/international\/le-general-mandon-nomme-chef-d-etat-major-des-armees-un-aviateur-a-la-tete-des-forces-francaises-20250723\" target=\"_blank\" data-fig-type=\"Article\" rel=\"noopener\" data-gtm-custom-categorie=\"navigation\" data-gtm-custom-action=\"crossclick\" data-gtm-custom-label=\"Contextuel\" data-gtm-event=\"customEventSPE\" data-fig-domain=\"LEFIGARO\">le g\u00e9n\u00e9ral Fabien Mandon<\/a>\u00a0a pos\u00e9 mercredi des mots sans ambigu\u00eft\u00e9 sur la menace, rompant avec son relatif silence depuis son entr\u00e9e en fonction. Lors de son audition devant la commission de la d\u00e9fense de l\u2019Assembl\u00e9e nationale, mercredi, il a mis en garde. La Russie \u00ab\u00a0a pour objectif d\u2019\u00eatre\u2026<\/p>\n<p class=\"fig-premium-paywall__infos\">\n        Cet article est r\u00e9serv\u00e9 aux abonn\u00e9s.        Il vous reste 82% \u00e0 d\u00e9couvrir.\n    <\/p>\n<p>                <img  data- alt=\"Le Figaro\" class=\"fig-img--complete fig-img\"\/><\/p>\n<p class=\"fig-premium-paywall__title\">Vous avez envie de lire la suite ?<\/p>\n<p class=\"fig-premium-paywall__subtitle\">D\u00e9bloquez tous les articles imm\u00e9diatement.<\/p>\n<p class=\"fig-premium-paywall__connect\">\n                D\u00e9j\u00e0 abonn\u00e9\u00a0?                <a class=\"fig-premium-paywall__connect-link\" href=\"https:\/\/connect.lefigaro.fr\/login?client=horizon_web&amp;type=main&amp;redirect_uri=https%3A%2F%2Fwww.lefigaro.fr%2Finternational%2Fl-armee-francaise-se-prepare-a-un-choc-contre-la-russie-20251023\" data-js-gtm=\"{&quot;customCategorie&quot;: &quot;conversion&quot;, &quot;customAction&quot;: &quot;before_Landing_Connexion_paywall_auto&quot;, &quot;customLabel&quot;: &quot;bGVmaWdhcm8uZnJfXzFmMGIwMWQyLTY5MzEtNjYwYy04NDRiLWE5MTAxZTlhOTcxNF9fQXJ0aWNsZQ==_L\u2019arm\u00e9e fran\u00e7aise se pr\u00e9pare \u00e0 un \u00abchoc\u00bb contre la Russie_316&quot;, &quot;customIDSPE&quot;: &quot;bGVmaWdhcm8uZnJfXzFmMGIwMWQyLTY5MzEtNjYwYy04NDRiLWE5MTAxZTlhOTcxNF9fQXJ0aWNsZQ==&quot;, &quot;event&quot;: &quot;customEventSPE&quot;}\" target=\"_blank\" rel=\"noopener\"><br \/>\n                    Connectez-vous<br \/>\n                <\/a>\n            <\/p>\n","protected":false},"excerpt":{"rendered":"D\u00c9CRYPTAGE &#8211; Pour le chef d\u2019\u00e9tat-major des arm\u00e9es, le g\u00e9n\u00e9ral Mandon, Moscou se pr\u00e9pare \u00e0 affronter l\u2019Otan. Sans&hellip;\n","protected":false},"author":2,"featured_media":484789,"comment_status":"","ping_status":"","sticky":false,"template":"","format":"standard","meta":{"footnotes":""},"categories":[1591],"tags":[11,1813,554,1887,12,1885,1886,132],"class_list":{"0":"post-484788","1":"post","2":"type-post","3":"status-publish","4":"format-standard","5":"has-post-thumbnail","7":"category-russie","8":"tag-actualites","9":"tag-armee","10":"tag-defense","11":"tag-federation-de-russie","12":"tag-news","13":"tag-russia","14":"tag-russian-federation","15":"tag-russie"},"share_on_mastodon":{"url":"https:\/\/pubeurope.com\/@fr\/115424463961312445","error":""},"_links":{"self":[{"href":"https:\/\/www.europesays.com\/fr\/wp-json\/wp\/v2\/posts\/484788","targetHints":{"allow":["GET"]}}],"collection":[{"href":"https:\/\/www.europesays.com\/fr\/wp-json\/wp\/v2\/posts"}],"about":[{"href":"https:\/\/www.europesays.com\/fr\/wp-json\/wp\/v2\/types\/post"}],"author":[{"embeddable":true,"href":"https:\/\/www.europesays.com\/fr\/wp-json\/wp\/v2\/users\/2"}],"replies":[{"embeddable":true,"href":"https:\/\/www.europesays.com\/fr\/wp-json\/wp\/v2\/comments?post=484788"}],"version-history":[{"count":0,"href":"https:\/\/www.europesays.com\/fr\/wp-json\/wp\/v2\/posts\/484788\/revisions"}],"wp:featuredmedia":[{"embeddable":true,"href":"https:\/\/www.europesays.com\/fr\/wp-json\/wp\/v2\/media\/484789"}],"wp:attachment":[{"href":"https:\/\/www.europesays.com\/fr\/wp-json\/wp\/v2\/media?parent=484788"}],"wp:term":[{"taxonomy":"category","embeddable":true,"href":"https:\/\/www.europesays.com\/fr\/wp-json\/wp\/v2\/categories?post=484788"},{"taxonomy":"post_tag","embeddable":true,"href":"https:\/\/www.europesays.com\/fr\/wp-json\/wp\/v2\/tags?post=484788"}],"curies":[{"name":"wp","href":"https:\/\/api.w.org\/{rel}","templated":true}]}}