{"id":484799,"date":"2025-10-23T16:43:13","date_gmt":"2025-10-23T16:43:13","guid":{"rendered":"https:\/\/www.europesays.com\/fr\/484799\/"},"modified":"2025-10-23T16:43:13","modified_gmt":"2025-10-23T16:43:13","slug":"jai-toujours-eu-deux-reves-les-jeux-et-le-marathon-de-new-york","status":"publish","type":"post","link":"https:\/\/www.europesays.com\/fr\/484799\/","title":{"rendered":"\u00ab\u00a0J\u2019ai toujours eu deux r\u00eaves, les Jeux et le Marathon de New York\u00a0\u00bb"},"content":{"rendered":"<p>Marathon de New York (USA)<\/p>\n<p>Dimanche 2\u00a0novembre<\/p>\n<p>Comme le chanteur Yves Simon, vingt ans avant sa naissance, F\u00e9lix Bour a\u00a0longtemps \u00ab\u00a0r\u00eav\u00e9 New York\u00a0\u00bb\u00a0: un mythe qui s\u2019appr\u00eate \u00e0 devenir une r\u00e9alit\u00e9 on peut plus concr\u00e8te pour le Barisien, qui s\u2019\u00e9lancera de l\u2019\u00eele de Staten Island, le 2\u00a0novembre prochain, \u00e0 l\u2019avant d\u2019une vague de 50.000 participants. Aujourd\u2019hui dans la derni\u00e8re ligne droite de sa \u00ab\u00a0pr\u00e9pa\u00a0\u00bb, du c\u00f4t\u00e9 de Font-Romeu, le champion de France de cross nous avait gentiment re\u00e7us au CREPS de Reims au mois de&#8230;<\/p>\n","protected":false},"excerpt":{"rendered":"Marathon de New York (USA) Dimanche 2\u00a0novembre Comme le chanteur Yves Simon, vingt ans avant sa naissance, F\u00e9lix&hellip;\n","protected":false},"author":2,"featured_media":484800,"comment_status":"","ping_status":"","sticky":false,"template":"","format":"standard","meta":{"footnotes":""},"categories":[1586],"tags":[11,4132,3600,3601,3602,60807,60808,60809,1777,674,1779,107,1701,1795,1011,27,60806,10634,11209,1702,12,10422,25,517,1700,1947,14984,1778,364,10172,10173],"class_list":{"0":"post-484799","1":"post","2":"type-post","3":"status-publish","4":"format-standard","5":"has-post-thumbnail","7":"category-europe","8":"tag-actualites","9":"tag-athletisme","10":"tag-bar-le-duc","11":"tag-bar-le-duc-ville-55a","12":"tag-edition-bar-le-duc","13":"tag-erize-la-brulee","14":"tag-erize-la-petite","15":"tag-erize-saint-dizier","16":"tag-eu","17":"tag-europe","18":"tag-european-union","19":"tag-fil-info","20":"tag-fil-info-sport","21":"tag-fil-web","22":"tag-fr","23":"tag-france","24":"tag-lorrains-dailleurs","25":"tag-luneville","26":"tag-meuse","27":"tag-nancy","28":"tag-news","29":"tag-pont-a-mousson","30":"tag-republique-francaise","31":"tag-sport","32":"tag-sport-lorrain","33":"tag-sport-national","34":"tag-toul","35":"tag-ue","36":"tag-union-europeenne","37":"tag-verdun","38":"tag-verdun-ville-55a"},"share_on_mastodon":{"url":"https:\/\/pubeurope.com\/@fr\/115424487349109126","error":""},"_links":{"self":[{"href":"https:\/\/www.europesays.com\/fr\/wp-json\/wp\/v2\/posts\/484799","targetHints":{"allow":["GET"]}}],"collection":[{"href":"https:\/\/www.europesays.com\/fr\/wp-json\/wp\/v2\/posts"}],"about":[{"href":"https:\/\/www.europesays.com\/fr\/wp-json\/wp\/v2\/types\/post"}],"author":[{"embeddable":true,"href":"https:\/\/www.europesays.com\/fr\/wp-json\/wp\/v2\/users\/2"}],"replies":[{"embeddable":true,"href":"https:\/\/www.europesays.com\/fr\/wp-json\/wp\/v2\/comments?post=484799"}],"version-history":[{"count":0,"href":"https:\/\/www.europesays.com\/fr\/wp-json\/wp\/v2\/posts\/484799\/revisions"}],"wp:featuredmedia":[{"embeddable":true,"href":"https:\/\/www.europesays.com\/fr\/wp-json\/wp\/v2\/media\/484800"}],"wp:attachment":[{"href":"https:\/\/www.europesays.com\/fr\/wp-json\/wp\/v2\/media?parent=484799"}],"wp:term":[{"taxonomy":"category","embeddable":true,"href":"https:\/\/www.europesays.com\/fr\/wp-json\/wp\/v2\/categories?post=484799"},{"taxonomy":"post_tag","embeddable":true,"href":"https:\/\/www.europesays.com\/fr\/wp-json\/wp\/v2\/tags?post=484799"}],"curies":[{"name":"wp","href":"https:\/\/api.w.org\/{rel}","templated":true}]}}