{"id":48480,"date":"2025-04-24T06:22:09","date_gmt":"2025-04-24T06:22:09","guid":{"rendered":"https:\/\/www.europesays.com\/fr\/48480\/"},"modified":"2025-04-24T06:22:09","modified_gmt":"2025-04-24T06:22:09","slug":"marc-bollengier-au-sifflet-pour-ol-rennes","status":"publish","type":"post","link":"https:\/\/www.europesays.com\/fr\/48480\/","title":{"rendered":"Marc Bollengier au sifflet pour OL-Rennes"},"content":{"rendered":"<p itemprop=\"description\"><strong>Ses d\u00e9cisions seront sans doute scrut\u00e9es \u00e0 la loupe.<\/strong><\/p>\n<p><strong>Marc Bollengier<\/strong> a \u00e9t\u00e9 d\u00e9sign\u00e9 pour arbitrer le match entre OL et Rennes pr\u00e9vu samedi au Groupama Stadium.<\/p>\n<p>Apr\u00e8s la pol\u00e9mique autour des d\u00e9cisions de Fran\u00e7ois Letexier lors du derby, Marc Bollengier aura la lourde tache de diriger le prochain match des Lyonnais. Il sera assist\u00e9 par <strong>Thomas Luczynski<\/strong> et <strong>Yannick Boutry<\/strong>. <strong>Azzedine Souifi<\/strong> a \u00e9t\u00e9 nomm\u00e9 4e arbitre. <strong>Bastien Dechepy<\/strong> et <strong>C\u00e9dric Dos Santos<\/strong> seront en charge de la VAR.<\/p>\n","protected":false},"excerpt":{"rendered":"Ses d\u00e9cisions seront sans doute scrut\u00e9es \u00e0 la loupe. Marc Bollengier a \u00e9t\u00e9 d\u00e9sign\u00e9 pour arbitrer le match&hellip;\n","protected":false},"author":2,"featured_media":48481,"comment_status":"","ping_status":"","sticky":false,"template":"","format":"standard","meta":{"footnotes":""},"categories":[2821],"tags":[1111,11,2813,829,1109,1112,1777,674,2257,1011,27,1922,1110,1114,2851,12,241,584,25,517],"class_list":{"0":"post-48480","1":"post","2":"type-post","3":"status-publish","4":"format-standard","5":"has-post-thumbnail","7":"category-rennes","8":"tag-actu","9":"tag-actualites","10":"tag-article","11":"tag-bretagne","12":"tag-breves","13":"tag-depeches","14":"tag-eu","15":"tag-europe","16":"tag-foot","17":"tag-fr","18":"tag-france","19":"tag-info","20":"tag-informations","21":"tag-infos","22":"tag-lyonfoot","23":"tag-news","24":"tag-ol","25":"tag-rennes","26":"tag-republique-francaise","27":"tag-sport"},"share_on_mastodon":{"url":"https:\/\/pubeurope.com\/@fr\/114391504846478301","error":""},"_links":{"self":[{"href":"https:\/\/www.europesays.com\/fr\/wp-json\/wp\/v2\/posts\/48480","targetHints":{"allow":["GET"]}}],"collection":[{"href":"https:\/\/www.europesays.com\/fr\/wp-json\/wp\/v2\/posts"}],"about":[{"href":"https:\/\/www.europesays.com\/fr\/wp-json\/wp\/v2\/types\/post"}],"author":[{"embeddable":true,"href":"https:\/\/www.europesays.com\/fr\/wp-json\/wp\/v2\/users\/2"}],"replies":[{"embeddable":true,"href":"https:\/\/www.europesays.com\/fr\/wp-json\/wp\/v2\/comments?post=48480"}],"version-history":[{"count":0,"href":"https:\/\/www.europesays.com\/fr\/wp-json\/wp\/v2\/posts\/48480\/revisions"}],"wp:featuredmedia":[{"embeddable":true,"href":"https:\/\/www.europesays.com\/fr\/wp-json\/wp\/v2\/media\/48481"}],"wp:attachment":[{"href":"https:\/\/www.europesays.com\/fr\/wp-json\/wp\/v2\/media?parent=48480"}],"wp:term":[{"taxonomy":"category","embeddable":true,"href":"https:\/\/www.europesays.com\/fr\/wp-json\/wp\/v2\/categories?post=48480"},{"taxonomy":"post_tag","embeddable":true,"href":"https:\/\/www.europesays.com\/fr\/wp-json\/wp\/v2\/tags?post=48480"}],"curies":[{"name":"wp","href":"https:\/\/api.w.org\/{rel}","templated":true}]}}