{"id":484803,"date":"2025-10-23T16:45:17","date_gmt":"2025-10-23T16:45:17","guid":{"rendered":"https:\/\/www.europesays.com\/fr\/484803\/"},"modified":"2025-10-23T16:45:17","modified_gmt":"2025-10-23T16:45:17","slug":"attaque-par-des-orques-ce-marin-plonge-dans-la-nuit-noire-pour-ramener-son-radeau-de-survie","status":"publish","type":"post","link":"https:\/\/www.europesays.com\/fr\/484803\/","title":{"rendered":"Attaqu\u00e9 par des orques, ce marin plonge dans la nuit noire pour ramener son radeau de survie"},"content":{"rendered":"<p>Imaginez-vous plonger en mer, \u00e0 plusieurs dizaines de kilom\u00e8tres de la terre ferme. Imaginez maintenant le faire en pleine nuit. Et enfin, imaginez-vous devoir le faire quelques minutes apr\u00e8s que votre bateau a \u00e9t\u00e9 attaqu\u00e9 par des orques. Cette folie, le Fran\u00e7ais Adrien Deparis l\u2019a faite. Pas par acte de bravoure mais pour sauver sa famille, dont le voilier \u00e9tait en train de couler. Ce marin originaire de Mayenne <a href=\"https:\/\/www.ouest-france.fr\/leditiondusoir\/2025-10-22\/j-ai-compris-que-le-bateau-allait-couler-percutee-par-des-orques-cette-famille-a-fait-naufrage-b8f7cf17-b949-40c4-8db8-d1d1cecf8c66\" rel=\"nofollow noopener\" target=\"_blank\" class=\"c-link c-link--is-underlined\">a livr\u00e9 \u00e0 nos confr\u00e8res de Ouest-France<\/a> le r\u00e9cit de cette nuit du vendredi\u00a010 au samedi 11\u00a0octobre, quand son voilier a \u00e9t\u00e9 attaqu\u00e9 par un groupe d\u2019orques au large du <a href=\"https:\/\/www.20minutes.fr\/dossier\/portugal\" class=\"c-link c-link--is-underlined\" target=\"_blank\" rel=\"noopener\">Portugal<\/a>.<\/p>\n<p>Engag\u00e9 dans une travers\u00e9e de l\u2019oc\u00e9an Atlantique, l\u2019ancien entrepreneur avait embarqu\u00e9 ses trois filles de 8, 10 et 12 ans et sa compagne \u00e0 bord de son voilier Ti\u2019far\u00e9. Alors que la petite troupe profite du coucher de soleil au large des c\u00f4tes du Portugal, un premier choc est ressenti au niveau du safran. Une orque vient de percuter leur bateau. Puis d\u2019autres c\u00e9tac\u00e9s encerclent le bateau et viennent r\u00e9guli\u00e8rement le percuter. Une voie d\u2019eau est d\u00e9couverte. \u00ab\u00a0J\u2019ai compris que le bateau allait couler\u00a0\u00bb, a expliqu\u00e9 Adrien Deparis \u00e0 nos confr\u00e8res. Les vid\u00e9os qu\u2019il a tourn\u00e9es montrent d\u2019ailleurs les c\u00e9tac\u00e9s r\u00f4dant autour de la coque.<\/p>\n<\/p>\n<p>L\u2019ensemble de l\u2019\u00e9quipage avait enfil\u00e9 son gilet et le radeau de sauvetage est pr\u00e9par\u00e9. Le probl\u00e8me, c\u2019est que l\u2019embarcation va se d\u00e9crocher et d\u00e9river \u00e0 environ 70 m\u00e8tres du voilier. Le capitaine n\u2019a pas d\u2019autre choix que de se jeter \u00e0 l\u2019eau. D\u2019apr\u00e8s Ouest-France, les orques sont parties depuis une trentaine de minutes quand le marin plonge dans les eaux sombres, en pleine nuit.<\/p>\n<p>Des \u00ab\u00a0interactions\u00a0\u00bb toujours inexpliqu\u00e9es<\/p>\n<p>Il ram\u00e8ne finalement l\u2019embarcation de survie et embarque sa famille \u00e0 bord. \u00ab\u00a0Il ne fallait pas trop r\u00e9fl\u00e9chir\u00a0\u00bb, a-t-il t\u00e9moign\u00e9. Les cinq rescap\u00e9s seront finalement pris en charge par un navire de p\u00eache avant d\u2019\u00eatre h\u00e9litreuill\u00e9s par la Marine portugaise et de regagner la terre ferme.<\/p>\n<\/p>\n<p>Ces \u00ab\u00a0attaques\u00a0\u00bb d\u2019orques sont r\u00e9currentes au large des c\u00f4tes espagnoles et portugaises, sans que l\u2019on ne puisse les expliquer. \u00ab\u00a0On ne conna\u00eet <a href=\"https:\/\/www.20minutes.fr\/planete\/4164989-20250723-attaques-orques-voiliers-effet-mode-comportement-durable\" class=\"c-link c-link--is-underlined\" target=\"_blank\" rel=\"noopener\">toujours pas les v\u00e9ritables raisons de ces interactions<\/a>. On suppose qu\u2019il pourrait s\u2019agir plut\u00f4t de jeux ou d\u2019un comportement de mode chez les orques\u00a0\u00bb, nous expliquait cet \u00e9t\u00e9 Paula-Mendez Fernandez, ing\u00e9nieure <a href=\"https:\/\/www.observatoire-pelagis.cnrs.fr\/comportement-risque-des-orques-iberiques\/\" rel=\"nofollow noopener\" target=\"_blank\" class=\"c-link c-link--is-underlined\">\u00e0 l\u2019observatoire Pelagis<\/a> et sp\u00e9cialiste de la question. D\u00e9marr\u00e9es en\u00a02020, ces \u00ab\u00a0interactions\u00a0\u00bb, comme les appellent les sp\u00e9cialistes, semblent diminuer.<\/p>\n","protected":false},"excerpt":{"rendered":"Imaginez-vous plonger en mer, \u00e0 plusieurs dizaines de kilom\u00e8tres de la terre ferme. Imaginez maintenant le faire en&hellip;\n","protected":false},"author":2,"featured_media":484804,"comment_status":"","ping_status":"","sticky":false,"template":"","format":"standard","meta":{"footnotes":""},"categories":[2],"tags":[47,11,1867,5160,58,1011,27,2693,13290,6127,1336,12,10424,40493,2636,6996,25,104,896,17250],"class_list":{"0":"post-484803","1":"post","2":"type-post","3":"status-publish","4":"format-standard","5":"has-post-thumbnail","7":"category-actualites","8":"tag-actualite","9":"tag-actualites","10":"tag-animaux","11":"tag-bateau","12":"tag-divertissement","13":"tag-fr","14":"tag-france","15":"tag-laval","16":"tag-mayenne","17":"tag-mer","18":"tag-naufrage","19":"tag-news","20":"tag-ocean-atlantique","21":"tag-orque","22":"tag-pays-de-la-loire","23":"tag-portugal","24":"tag-republique-francaise","25":"tag-societe","26":"tag-tas-vu","27":"tag-voilier"},"share_on_mastodon":{"url":"https:\/\/pubeurope.com\/@fr\/115424495827934468","error":""},"_links":{"self":[{"href":"https:\/\/www.europesays.com\/fr\/wp-json\/wp\/v2\/posts\/484803","targetHints":{"allow":["GET"]}}],"collection":[{"href":"https:\/\/www.europesays.com\/fr\/wp-json\/wp\/v2\/posts"}],"about":[{"href":"https:\/\/www.europesays.com\/fr\/wp-json\/wp\/v2\/types\/post"}],"author":[{"embeddable":true,"href":"https:\/\/www.europesays.com\/fr\/wp-json\/wp\/v2\/users\/2"}],"replies":[{"embeddable":true,"href":"https:\/\/www.europesays.com\/fr\/wp-json\/wp\/v2\/comments?post=484803"}],"version-history":[{"count":0,"href":"https:\/\/www.europesays.com\/fr\/wp-json\/wp\/v2\/posts\/484803\/revisions"}],"wp:featuredmedia":[{"embeddable":true,"href":"https:\/\/www.europesays.com\/fr\/wp-json\/wp\/v2\/media\/484804"}],"wp:attachment":[{"href":"https:\/\/www.europesays.com\/fr\/wp-json\/wp\/v2\/media?parent=484803"}],"wp:term":[{"taxonomy":"category","embeddable":true,"href":"https:\/\/www.europesays.com\/fr\/wp-json\/wp\/v2\/categories?post=484803"},{"taxonomy":"post_tag","embeddable":true,"href":"https:\/\/www.europesays.com\/fr\/wp-json\/wp\/v2\/tags?post=484803"}],"curies":[{"name":"wp","href":"https:\/\/api.w.org\/{rel}","templated":true}]}}