{"id":484805,"date":"2025-10-23T16:46:17","date_gmt":"2025-10-23T16:46:17","guid":{"rendered":"https:\/\/www.europesays.com\/fr\/484805\/"},"modified":"2025-10-23T16:46:17","modified_gmt":"2025-10-23T16:46:17","slug":"opinion-pour-une-france-qui-transmet-par-alexandra-borchio-fontimp-senatrice-lr-des-alpes-maritimes","status":"publish","type":"post","link":"https:\/\/www.europesays.com\/fr\/484805\/","title":{"rendered":"OPINION. \u00ab Pour une France qui transmet \u00bb, par Alexandra Borchio Fontimp, s\u00e9natrice LR des Alpes-Maritimes"},"content":{"rendered":"<p>Alors que revient avec insistance la question d\u2019un nouvel alourdissement de la <a href=\"https:\/\/www.latribune.fr\/economie\/france\/la-fiscalite-sur-l-heritage-ligne-de-fracture-gauche-droite-a-la-presidentielle-902680.html\" target=\"_blank\" rel=\"noopener\">fiscalit\u00e9 sur les h\u00e9ritages<\/a>, il importe de rappeler ce que signifie r\u00e9ellement transmettre ; non pas seulement un bien, mais une m\u00e9moire, un effort, une continuit\u00e9.\u00a0R\u00e9guli\u00e8rement, le d\u00e9bat public ressurgit en opposant, de mani\u00e8re d\u00e9mesur\u00e9e, le bien commun \u00e0 la richesse priv\u00e9e.<\/p>\n<p>Pourtant, l\u2019un et l\u2019autre ne s\u2019excluent pas : chaque r\u00e9ussite individuelle peut porter en germe un progr\u00e8s collectif, une part de beaut\u00e9 ou de culture offerte \u00e0 tous. Le bien commun s\u2019enracine dans la responsabilit\u00e9 personnelle, le go\u00fbt de l\u2019effort, la volont\u00e9 de b\u00e2tir pour transmettre. Pr\u00e9server l\u2019h\u00e9ritage, c\u2019est pr\u00e9server la coh\u00e9sion de la cit\u00e9, ce fil invisible qui relie ceux qui ont \u00e9difi\u00e9 \u00e0 ceux qui \u00e9difieront \u00e0 leur tour ; un trait d\u2019union entre les g\u00e9n\u00e9rations, une trace du passage, une m\u00e9moire partag\u00e9e.<\/p>\n<p>L&rsquo;h\u00e9ritage, \u00ab une m\u00e9moire, un symbole \u00bb&#13;\n<\/p>\n<p>La sagesse d\u2019un pays se reconna\u00eet \u00e0 la mani\u00e8re dont il traite ce qui a \u00e9t\u00e9 patiemment b\u00e2ti. Dans les p\u00e9riodes o\u00f9 vacille l\u2019<a href=\"https:\/\/www.latribune.fr\/opinions\/tribunes\/impasse-budgetaire-il-est-temps-de-passer-a-une-politique-d-offre-995707.html\" target=\"_blank\" rel=\"noopener\">\u00e9quilibre budg\u00e9taire<\/a>, la tentation grandit de consid\u00e9rer l\u2019h\u00e9ritage comme une simple r\u00e9serve de ressources. Mais la solidit\u00e9 d\u2019une nation ne se mesure pas \u00e0 sa capacit\u00e9 \u00e0 alourdir l\u2019effort pass\u00e9. Elle se juge \u00e0 son respect pour le <a href=\"https:\/\/www.latribune.fr\/economie\/france\/cout-du-travail-retraites-des-pistes-explosives-pour-la-france-de-2030-1031512.html\" target=\"_blank\" rel=\"noopener\">travail<\/a> accumul\u00e9, pour la patience des b\u00e2tisseurs, pour le temps long des existences qui s\u2019additionnent. S\u2019attaquer \u00e0 la <a href=\"https:\/\/www.latribune.fr\/opinions\/editos\/transmission-d-entreprise-familiale-un-male-pour-un-bien-1013128.html\" target=\"_blank\" rel=\"noopener\">transmission<\/a>, c\u2019est m\u00e9conna\u00eetre qu\u2019elle est d\u2019abord un acte de confiance entre les \u00e2ges, un serment silencieux de continuit\u00e9.<\/p>\n<p>L\u2019h\u00e9ritage, en France, d\u00e9passe la valeur comptable des biens. Il incarne une m\u00e9moire, un symbole, souvent le fruit d\u2019une vie de labeur discret. Il r\u00e9side dans la maison qu\u2019un grand-p\u00e8re a construite pierre apr\u00e8s pierre, dans le commerce qu\u2019une m\u00e8re a tenu avec constance, dans les \u00e9conomies patiemment r\u00e9unies pour offrir \u00e0 ses enfants une stabilit\u00e9 que l\u2019on esp\u00e8re durable.<\/p>\n<p>Notre pays compte d\u00e9j\u00e0 parmi ceux o\u00f9 la succession est la plus lourdement impos\u00e9e.\u00a0<\/p>\n<p>&#13;<\/p>\n<p>Au-del\u00e0 du <a href=\"https:\/\/www.latribune.fr\/supplement\/la-tribune-now\/les-7-secrets-d-un-patrimoine-florissant-1008505.html\" target=\"_blank\" rel=\"noopener\">patrimoine<\/a> mat\u00e9riel, il exprime un h\u00e9ritage moral : celui du courage, de la pers\u00e9v\u00e9rance et du sentiment d\u2019appartenir \u00e0 une histoire plus vaste que soi. Accro\u00eetre la charge qui p\u00e8se sur ces transmissions reviendrait \u00e0 affaiblir la valeur morale du travail et \u00e0 rompre le fil de la continuit\u00e9 familiale.<\/p>\n<p>Notre pays compte d\u00e9j\u00e0 parmi ceux o\u00f9 la succession est la plus lourdement impos\u00e9e. Selon le rapport du Conseil des pr\u00e9l\u00e8vements obligatoires publie en d\u00e9cembre 2023, la France d\u00e9tient le record des pr\u00e9l\u00e8vements sur successions et donations parmi 39 Etats de l\u2019<a href=\"https:\/\/www.latribune.fr\/article\/economie\/international\/84217494121649\/ocde-vers-une-croissance-mondiale-en-hausse-en-2025-malgre-l-incertitude-des-droits-de-douane\" target=\"_blank\" rel=\"noopener\">OCDE<\/a> et de l\u2019<a href=\"https:\/\/www.latribune.fr\/idees\/tribunes\/opinion-l-union-europeenne-prefere-la-geo-economie-a-la-geopolitique-3-6-1029663.html\" target=\"_blank\" rel=\"noopener\">Union europ\u00e9enne<\/a> : 0,74 % du PIB*. L\u00e0 o\u00f9 d\u2019autres nations prot\u00e8gent la transmission familiale, la n\u00f4tre semble parfois la suspecter, comme si la pr\u00e9voyance devenait faute et la r\u00e9ussite, soup\u00e7on.<\/p>\n<p>Or le patrimoine transmis n\u2019est jamais un miracle soudain : il na\u00eet de l\u2019effort, du renoncement et du temps. L\u2019h\u00e9ritage ne constitue pas un gain, mais la trace d\u2019une vie d\u00e9j\u00e0 donn\u00e9e. L\u2019alourdir reviendrait \u00e0 imposer plusieurs fois le m\u00eame travail, \u00e0 effacer peu \u00e0 peu la signification m\u00eame du mot transmission, et, avec elle, l\u2019id\u00e9e que la pr\u00e9voyance et la constance m\u00e9ritent reconnaissance.<\/p>\n<p>Prot\u00e9ger la transmission ne revient pas \u00e0 refuser la solidarit\u00e9 nationale, mais \u00e0 lui rendre son \u00e9quilibre. La <a href=\"https:\/\/www.latribune.fr\/article\/la-tribune-dimanche\/dimanche-eco\/28969834869003\/proprietaires-comment-monetiser-votre-logement\" target=\"_blank\" rel=\"noopener\">propri\u00e9t\u00e9<\/a> issue de l\u2019effort et du m\u00e9rite demeure un espace de libert\u00e9 et de responsabilit\u00e9, un terrain d\u2019ancrage pour les familles, un lien vivant entre pass\u00e9 et avenir.<\/p>\n<p>\u00c0 travers la fid\u00e9lit\u00e9 aux h\u00e9ritages, c\u2019est une certaine id\u00e9e de la France qui s\u2019exprime : celle d\u2019un pays o\u00f9 l\u2019on travaille non pour soi seul, mais pour ceux qui suivront.\u00a0Une vision plus confiante de la transmission s\u2019impose. Elle invite \u00e0 voir dans l\u2019h\u00e9ritage non une anomalie \u00e0 corriger, mais une richesse \u00e0 pr\u00e9server. La continuit\u00e9 familiale, loin de contredire la <a href=\"https:\/\/www.latribune.fr\/opinions\/tribunes\/pourquoi-la-justice-sociale-passe-aussi-par-les-conditions-du-teletravail-les-entreprises-ont-un-role-a-jouer-905672.html\" target=\"_blank\" rel=\"noopener\">justice sociale<\/a>, en prolonge l\u2019esprit : elle enseigne la responsabilit\u00e9, le respect du temps et la gratitude envers ceux qui ont pr\u00e9c\u00e9d\u00e9. Le bien commun se nourrit de cette confiance dans la dur\u00e9e.<\/p>\n<p>Pr\u00e9server le patrimoine, c\u2019est honorer la m\u00e9moire du travail, la dignit\u00e9 de l\u2019effort et la constance des g\u00e9n\u00e9rations. Les fruits d\u2019une vie ne devraient pas se dissoudre dans les al\u00e9as de la conjoncture. Un pays se renforce non en affaiblissant ceux qui b\u00e2tissent, mais en leur donnant les moyens de transmettre. Redonner \u00e0 l\u2019h\u00e9ritage la place qu\u2019il m\u00e9rite, c\u2019est renouer avec la France des b\u00e2tisseurs, celle qui fait du lien entre les g\u00e9n\u00e9rations la plus belle expression de sa justice et de sa force.<\/p>\n<p>*Rapport du Conseil des pr\u00e9l\u00e8vements obligatoires (CPO), d\u00e9cembre 2023, \u00abPour une fiscalit\u00e9 du logement plus coh\u00e9rente \u00bb<\/p>\n","protected":false},"excerpt":{"rendered":"Alors que revient avec insistance la question d\u2019un nouvel alourdissement de la fiscalit\u00e9 sur les h\u00e9ritages, il importe&hellip;\n","protected":false},"author":2,"featured_media":484806,"comment_status":"","ping_status":"","sticky":false,"template":"","format":"standard","meta":{"footnotes":""},"categories":[4],"tags":[17,11,31419,2898,60810,60811,1011,27,3102,3228,12,4536,471,25,60812,9579],"class_list":{"0":"post-484805","1":"post","2":"type-post","3":"status-publish","4":"format-standard","5":"has-post-thumbnail","7":"category-france","8":"tag-17","9":"tag-actualites","10":"tag-alexandra","11":"tag-alpes-maritimes","12":"tag-borchio","13":"tag-fontimp","14":"tag-fr","15":"tag-france","16":"tag-la-tribune-dimanche","17":"tag-lr","18":"tag-news","19":"tag-opinion","20":"tag-pour","21":"tag-republique-francaise","22":"tag-senatrice","23":"tag-transmet"},"share_on_mastodon":{"url":"https:\/\/pubeurope.com\/@fr\/115424499267583256","error":""},"_links":{"self":[{"href":"https:\/\/www.europesays.com\/fr\/wp-json\/wp\/v2\/posts\/484805","targetHints":{"allow":["GET"]}}],"collection":[{"href":"https:\/\/www.europesays.com\/fr\/wp-json\/wp\/v2\/posts"}],"about":[{"href":"https:\/\/www.europesays.com\/fr\/wp-json\/wp\/v2\/types\/post"}],"author":[{"embeddable":true,"href":"https:\/\/www.europesays.com\/fr\/wp-json\/wp\/v2\/users\/2"}],"replies":[{"embeddable":true,"href":"https:\/\/www.europesays.com\/fr\/wp-json\/wp\/v2\/comments?post=484805"}],"version-history":[{"count":0,"href":"https:\/\/www.europesays.com\/fr\/wp-json\/wp\/v2\/posts\/484805\/revisions"}],"wp:featuredmedia":[{"embeddable":true,"href":"https:\/\/www.europesays.com\/fr\/wp-json\/wp\/v2\/media\/484806"}],"wp:attachment":[{"href":"https:\/\/www.europesays.com\/fr\/wp-json\/wp\/v2\/media?parent=484805"}],"wp:term":[{"taxonomy":"category","embeddable":true,"href":"https:\/\/www.europesays.com\/fr\/wp-json\/wp\/v2\/categories?post=484805"},{"taxonomy":"post_tag","embeddable":true,"href":"https:\/\/www.europesays.com\/fr\/wp-json\/wp\/v2\/tags?post=484805"}],"curies":[{"name":"wp","href":"https:\/\/api.w.org\/{rel}","templated":true}]}}