{"id":484807,"date":"2025-10-23T16:47:21","date_gmt":"2025-10-23T16:47:21","guid":{"rendered":"https:\/\/www.europesays.com\/fr\/484807\/"},"modified":"2025-10-23T16:47:21","modified_gmt":"2025-10-23T16:47:21","slug":"autun-les-golfeurs-sont-aussi-des-degustateurs","status":"publish","type":"post","link":"https:\/\/www.europesays.com\/fr\/484807\/","title":{"rendered":"AUTUN : Les golfeurs sont aussi des d\u00e9gustateurs"},"content":{"rendered":"<p><img decoding=\"async\" class=\"newsFullImg  \" src=\"https:\/\/www.europesays.com\/fr\/wp-content\/uploads\/2025\/10\/99631_1_full.jpg\"\/>Depuis 1991, la Coupe Charleux cl\u00f4ture la saison des comp\u00e9titions 18 trous avec partenaires au golf d&rsquo;Autun.\u00a0<br \/>Toutes les conditions \u00e9taient r\u00e9unies pour une comp\u00e9tition r\u00e9ussie :<br \/>-La formule de jeu \u00ab\u00a0Patsome\u00a0\u00bb particuli\u00e8rement ludique, qui se joue en \u00e9quipe de 2, avec trois formules diff\u00e9rentes au fil du parcours.<br \/>&#8211; Le terrain, par\u00e9 de ses belles couleurs d&rsquo;automne, tr\u00e8s bien entretenu par les jardiniers du golf.\u00a0<br \/>&#8211; L&rsquo; atmosph\u00e8re d&rsquo;octobre avec ses douces temp\u00e9ratures et l&rsquo;absence de vent et de plue.<br \/>\u00a0-La pause d\u00e9gustation au trou n\u00b08 concoct\u00e9e par l&rsquo;\u00e9quipe du bistrot du golf<br \/>&#8211; La perspective d&rsquo;enrichir sa cave de magnums ou bouteilles de Maranges 1ers crus.<\/p>\n<p>\u00a0Le domaine Maurice Charleux et Fils \u00e0 Dezize-l\u00e8s-Maranges est un domaine familial de 10 hectares travaillant dans le respect du terroir et des traditions sur les Maranges et Santenay,<br \/>Maurice Charleux avait choisi d&rsquo;offrir des lots \u00e2 la meilleure \u00e9quipe en brut et aux 5 mieux class\u00e9es en net<\/p>\n<p>R\u00e9sultats brut:\u00a0\n\t\t\t\t\t\t\t<\/p>\n<p>\t\t\t\t\t\t\tArnaud et Laurence Bohy\u00a0 \u00a027<br \/>R\u00e9sultats net:\u00a0<br \/>Christian et Julie Petite 41\u00a0<br \/>Fran\u00e7ois\u00a0 Lecointe et Mario Gnaedinger 41\u00a0<br \/>Martin Blenkinsoop et Debra Tomlison 40<br \/>Evelyne Wirth\u00a0 et Carole Uhl 39\u00a0<br \/>Norbert Dupuis\u00a0 et G\u00e9rard Soumier 38<br \/>R\u00e9sultats complets sur <a href=\"http:\/\/www.golfautun.fr\" rel=\"nofollow noopener\" target=\"_blank\">www.golfautun.fr<\/a><br \/>La saison des comp\u00e9titions avec partenaires est termin\u00e9e, mais jusqu&rsquo;\u00e0 la fin de l&rsquo;ann\u00e9e, entre les Ringer Score 11 trous, les amicales en double, le beaujolais nouveau, chaque dimanche les golfeurs d&rsquo;Autun et d&rsquo;ailleurs pourront continuer \u00e0 s&rsquo;entra\u00eener et s&rsquo;amuser!<br \/>Dimanche 26 octobre : Coupe des jardiniers en scramble \u00e0 trois.\u00a0<\/p>\n<p><img decoding=\"async\" src=\"https:\/\/www.europesays.com\/fr\/wp-content\/uploads\/2025\/10\/autun-les-golfeurs-sont-aussi-des-degustateurs-153207.jpg\"\/><img decoding=\"async\" src=\"https:\/\/www.europesays.com\/fr\/wp-content\/uploads\/2025\/10\/autun-les-golfeurs-sont-aussi-des-degustateurs-464252.jpg\"\/><img decoding=\"async\" src=\"https:\/\/www.europesays.com\/fr\/wp-content\/uploads\/2025\/10\/autun-les-golfeurs-sont-aussi-des-degustateurs-227364.jpg\"\/><img decoding=\"async\" src=\"https:\/\/www.europesays.com\/fr\/wp-content\/uploads\/2025\/10\/autun-les-golfeurs-sont-aussi-des-degustateurs-405131.jpg\"\/><\/p>\n<p><img decoding=\"async\" src=\"https:\/\/www.europesays.com\/fr\/wp-content\/uploads\/2025\/10\/autun-les-golfeurs-sont-aussi-des-degustateurs-450673.jpg\"\/><img decoding=\"async\" src=\"https:\/\/www.europesays.com\/fr\/wp-content\/uploads\/2025\/10\/autun-les-golfeurs-sont-aussi-des-degustateurs-174356.jpg\"\/><img decoding=\"async\" src=\"https:\/\/www.europesays.com\/fr\/wp-content\/uploads\/2025\/10\/autun-les-golfeurs-sont-aussi-des-degustateurs-499258.jpg\"\/><\/p>\n","protected":false},"excerpt":{"rendered":"Depuis 1991, la Coupe Charleux cl\u00f4ture la saison des comp\u00e9titions 18 trous avec partenaires au golf d&rsquo;Autun.\u00a0Toutes les&hellip;\n","protected":false},"author":2,"featured_media":484808,"comment_status":"","ping_status":"","sticky":false,"template":"","format":"standard","meta":{"footnotes":""},"categories":[1418],"tags":[1011,27,1472,60],"class_list":{"0":"post-484807","1":"post","2":"type-post","3":"status-publish","4":"format-standard","5":"has-post-thumbnail","7":"category-golf","8":"tag-fr","9":"tag-france","10":"tag-golf","11":"tag-sports"},"share_on_mastodon":{"url":"https:\/\/pubeurope.com\/@fr\/115424504184445537","error":""},"_links":{"self":[{"href":"https:\/\/www.europesays.com\/fr\/wp-json\/wp\/v2\/posts\/484807","targetHints":{"allow":["GET"]}}],"collection":[{"href":"https:\/\/www.europesays.com\/fr\/wp-json\/wp\/v2\/posts"}],"about":[{"href":"https:\/\/www.europesays.com\/fr\/wp-json\/wp\/v2\/types\/post"}],"author":[{"embeddable":true,"href":"https:\/\/www.europesays.com\/fr\/wp-json\/wp\/v2\/users\/2"}],"replies":[{"embeddable":true,"href":"https:\/\/www.europesays.com\/fr\/wp-json\/wp\/v2\/comments?post=484807"}],"version-history":[{"count":0,"href":"https:\/\/www.europesays.com\/fr\/wp-json\/wp\/v2\/posts\/484807\/revisions"}],"wp:featuredmedia":[{"embeddable":true,"href":"https:\/\/www.europesays.com\/fr\/wp-json\/wp\/v2\/media\/484808"}],"wp:attachment":[{"href":"https:\/\/www.europesays.com\/fr\/wp-json\/wp\/v2\/media?parent=484807"}],"wp:term":[{"taxonomy":"category","embeddable":true,"href":"https:\/\/www.europesays.com\/fr\/wp-json\/wp\/v2\/categories?post=484807"},{"taxonomy":"post_tag","embeddable":true,"href":"https:\/\/www.europesays.com\/fr\/wp-json\/wp\/v2\/tags?post=484807"}],"curies":[{"name":"wp","href":"https:\/\/api.w.org\/{rel}","templated":true}]}}