{"id":484810,"date":"2025-10-23T16:50:18","date_gmt":"2025-10-23T16:50:18","guid":{"rendered":"https:\/\/www.europesays.com\/fr\/484810\/"},"modified":"2025-10-23T16:50:18","modified_gmt":"2025-10-23T16:50:18","slug":"corentin-moutet-prend-sa-revanche-sur-daniil-medvedev-et-rejoint-les-quarts-de-finale-du-tournoi-de-vienne-lequipe","status":"publish","type":"post","link":"https:\/\/www.europesays.com\/fr\/484810\/","title":{"rendered":"Corentin Moutet prend sa revanche sur Daniil Medvedev et rejoint les quarts de finale du tournoi de Vienne &#8211; L&#039;\u00c9quipe"},"content":{"rendered":"<ol>\n<li><a href=\"https:\/\/news.google.com\/rss\/articles\/CBMi6wFBVV95cUxQMzZNWWJpRU1IYTlCLU9GT1hLa1NYMW1fck5RN0p6dWpBZlh6TEtRQ1ROcGhQWTU1dmFGX2NhWGxUNmNUakl6UmI0cTRLZnpKRE5FdndPdDcyYXl4R2FnUHg1TFhnZEFmcjQxSmxqaEY2WWtjRW9Fd0llSWgzMkprT1JXRDFqTTFiUkpGcGlXcXlDelJBQWhyS1M4TmZmRDlVVXN2UDZIcDRTTzA0eEh2QkZXVW44c2xqMmRjdUU4UGZWWTBCbTNCR2dtSi04VmlCR3l6S0NzZWM2RE9wZE55NGZCRmQ0SnB4SUJB?oc=5\" target=\"_blank\" rel=\"nofollow noopener\">Corentin Moutet prend sa revanche sur Daniil Medvedev et rejoint les quarts de finale du tournoi de Vienne<\/a>&nbsp;&nbsp;L&rsquo;\u00c9quipe<\/li>\n<li><a href=\"https:\/\/news.google.com\/rss\/articles\/CBMiogFBVV95cUxPMFJtdFFtSWw4YjZFM2x1UFRxQzVfM2gxM1ZNSGxEMnU1bXd6UzVNWnpUZ0xFREhqYTRJQ3lvTkZfbUlDTVFXa3J4SU43cGhzWjBiX0QwQmlFVmFaMUo4QUhsNHdHdEhDQXVUak01c0V1ZU9GVXlHTTVqQ1hha0pGdDl4alJsWXFKYWp1aGM3TGp6X3l3OFZzdkh3ZmdIeXczMGc?oc=5\" target=\"_blank\" rel=\"nofollow noopener\">Tennis : Moutet prend sa revanche sur Medvedev \u00e0 Vienne<\/a>&nbsp;&nbsp;Le Figaro<\/li>\n<li><a href=\"https:\/\/news.google.com\/rss\/articles\/CBMipgFBVV95cUxPbmVyX3lNMmplUjR3MUNRWUJfVGltUVhycVBBZENMTVIxNS11d1JkWHZwNWVzUThxcDBUN25hZmhqdWY1S2hCYnFySjVvYnFMZm90cV9vbTJheWNkU3NEMUFrSHBpU3VySGJhU1JsTXllTUhRV2pDMmd6d2owLUZsdlpDWG5SOVNhVFpUUDdpU3h2V3pWN0ViVW9vTGRLZnVhMWEwc19n0gGkAUFVX3lxTE81UFhVRWpRc1JlRWNYOGNoQXFFR0xSeGFyOW9FYVQyMWh2RkdWUTJXdmYtczZTUUM0LUV1M2o1UkdCU0pTMlcwTWRYMTl5XzNVYS1mY3RVWG5yU295amJseFBNN0pUUlRCYWJlMGUwOEJNVjFHcFU1bkI4Z2FBMWpZQm1ob1JFeWhTVmxJX3pNMG9BdTlvLWZkR0NWbmRYMl9hRzZr?oc=5\" target=\"_blank\" rel=\"nofollow noopener\">ATP &#8211; Vienne : Moutet facile face \u00e0 Dzumhur : Sports &#8211; Orange<\/a>&nbsp;&nbsp;Sports &#8211; Orange<\/li>\n<li><a href=\"https:\/\/news.google.com\/rss\/articles\/CBMiywFBVV95cUxQcHJlZ1RNb2V0SDhFcFB6VmRrSmZ1dE1Uc0h3ZnNsdFJOM1EtZ01nek8yeW1lcEMtZV8wTlRndkpiNVdONGV5czRfQ2NPRUV5SGFsUE1QS2xTb1JsRHAtdmM3TldFSDEyMFBBOGpVRnJ4TmplWHduNURnSFJwazBaZ2hraDU5YVJ3MjFZd1JYOXJTbm1lQVRHTGJMT2daTmtlcDBiaVdfVU54ZDd0TXBQdXVHZ0VuazRJQXhsRjNyM1prck5acXByRHJoSQ?oc=5\" target=\"_blank\" rel=\"nofollow noopener\">Tennis. Battu en finale \u00e0 Almaty, Corentin Moutet prend sa revanche sur Daniil Medvedev \u00e0 Vienne<\/a>&nbsp;&nbsp;Le Dauphin\u00e9 Lib\u00e9r\u00e9<\/li>\n<li><a href=\"https:\/\/news.google.com\/rss\/articles\/CBMi6wFBVV95cUxPZ2lTZ2pZYl84a2s1X2FmLWlRal8yX05Wa2ZLTEpwTnQ2U1NpUThhX1BiVlpZQk4wWGpiaHVPZHJMTG5jZXJCSEZnTmw1UzdudlVjSGo5RnFoemlJQWQ2ZEFidEpOVHp6alhXTDQ0MGpQZFc2aFBycHE2VnNLV2h0MmlxTEU1WllPdzA5cG1zd3NvR2pJTlU1SGkzMFVaVnNCeGxrM1VVNEJDM0JTbnZ5UUc3UTBFR0xEeEx6Q3FRTkdVV1RucklZR1FWSk9aT2gySnNJQlB0TlREdU93am5tWTRRYXRBMGZ0VHBF?oc=5\" target=\"_blank\" rel=\"nofollow noopener\">ATP &#8211; Vienne &gt; Medvedev \u00e0 l&rsquo;arbitre pendant son match contre Moutet : \u00ab\u00a0Tu pourrais peut-\u00eatre utiliser ton cerveau de temps en temps\u00a0\u00bb<\/a>&nbsp;&nbsp;We Love Tennis<\/li>\n<\/ol>\n","protected":false},"excerpt":{"rendered":"Corentin Moutet prend sa revanche sur Daniil Medvedev et rejoint les quarts de finale du tournoi de Vienne&nbsp;&nbsp;L&rsquo;\u00c9quipe&hellip;\n","protected":false},"author":2,"featured_media":484811,"comment_status":"","ping_status":"","sticky":false,"template":"","format":"standard","meta":{"footnotes":""},"categories":[1415],"tags":[1011,27,60,1467],"class_list":{"0":"post-484810","1":"post","2":"type-post","3":"status-publish","4":"format-standard","5":"has-post-thumbnail","7":"category-tennis","8":"tag-fr","9":"tag-france","10":"tag-sports","11":"tag-tennis"},"share_on_mastodon":{"url":"https:\/\/pubeurope.com\/@fr\/115424514752333472","error":""},"_links":{"self":[{"href":"https:\/\/www.europesays.com\/fr\/wp-json\/wp\/v2\/posts\/484810","targetHints":{"allow":["GET"]}}],"collection":[{"href":"https:\/\/www.europesays.com\/fr\/wp-json\/wp\/v2\/posts"}],"about":[{"href":"https:\/\/www.europesays.com\/fr\/wp-json\/wp\/v2\/types\/post"}],"author":[{"embeddable":true,"href":"https:\/\/www.europesays.com\/fr\/wp-json\/wp\/v2\/users\/2"}],"replies":[{"embeddable":true,"href":"https:\/\/www.europesays.com\/fr\/wp-json\/wp\/v2\/comments?post=484810"}],"version-history":[{"count":0,"href":"https:\/\/www.europesays.com\/fr\/wp-json\/wp\/v2\/posts\/484810\/revisions"}],"wp:featuredmedia":[{"embeddable":true,"href":"https:\/\/www.europesays.com\/fr\/wp-json\/wp\/v2\/media\/484811"}],"wp:attachment":[{"href":"https:\/\/www.europesays.com\/fr\/wp-json\/wp\/v2\/media?parent=484810"}],"wp:term":[{"taxonomy":"category","embeddable":true,"href":"https:\/\/www.europesays.com\/fr\/wp-json\/wp\/v2\/categories?post=484810"},{"taxonomy":"post_tag","embeddable":true,"href":"https:\/\/www.europesays.com\/fr\/wp-json\/wp\/v2\/tags?post=484810"}],"curies":[{"name":"wp","href":"https:\/\/api.w.org\/{rel}","templated":true}]}}