{"id":484816,"date":"2025-10-23T16:55:18","date_gmt":"2025-10-23T16:55:18","guid":{"rendered":"https:\/\/www.europesays.com\/fr\/484816\/"},"modified":"2025-10-23T16:55:18","modified_gmt":"2025-10-23T16:55:18","slug":"la-decision-enorme-de-luefa-malgre-le-recital-du-psg-a-leverkusen","status":"publish","type":"post","link":"https:\/\/www.europesays.com\/fr\/484816\/","title":{"rendered":"La d\u00e9cision \u00e9norme de l&rsquo;UEFA malgr\u00e9 le r\u00e9cital du PSG \u00e0 Leverkusen"},"content":{"rendered":"<p>Mardi soir, le <a href=\"https:\/\/www.onzemondial.com\/france\/psg.html\" rel=\"nofollow noopener\" target=\"_blank\">Paris Saint-Germain<\/a> a livr\u00e9 une prestation \u00e9poustouflante en Ligue des champions, \u00e9crasant le Bayer Leverkusen 7-2 \u00e0 la BayArena. Cette victoire, marqu\u00e9e par des performances exceptionnelles de D\u00e9sir\u00e9 Dou\u00e9, Khvicha Kvaratskhelia, Nuno Mendes, et Vitinha, a propuls\u00e9 le PSG en t\u00eate du classement g\u00e9n\u00e9ral avec neuf points en trois matchs.<\/p>\n<p>Cependant, malgr\u00e9 cette d\u00e9monstration de force, un contraste saisissant \u00e9merge : Nuno Mendes est le seul joueur parisien \u00e0 figurer dans le onze type de la semaine de la Ligue des champions. Ce paradoxe soul\u00e8ve des questions sur les crit\u00e8res de s\u00e9lection et la reconnaissance des performances individuelles au sein d&rsquo;une \u00e9quipe collective.<\/p>\n<p>\u00c0 lire aussiNuno Mendes, seul Parisien pr\u00e9sent !<\/p>\n<p>Nuno Mendes a \u00e9t\u00e9 l&rsquo;un des artisans de cette victoire \u00e9clatante, inscrivant un superbe but, une passe d\u00e9cisive pour Willian Pacho et une prestation solide en d\u00e9fense. Son inclusion dans le onze type est donc m\u00e9rit\u00e9e. Cependant, l&rsquo;absence d&rsquo;autres joueurs parisiens, tels que Dou\u00e9, ou Vitinha, dans cette s\u00e9lection soul\u00e8ve des interrogations chez certains. Ces joueurs ont \u00e9galement r\u00e9alis\u00e9 des performances exceptionnelles, contribuant largement au succ\u00e8s de l&rsquo;\u00e9quipe.<\/p>\n<p><strong>L&rsquo;\u00e9quipe-type de la semaine en Ligue des champions<\/strong> : Vicario &#8211; Dumfries, van Dijk, Gabriel, Nuno Mendes &#8211; Karl, Nmecha, Fermin &#8211; Man, Guruzeta, Gordon<\/p>\n<blockquote class=\"twitter-tweet\">\n<p dir=\"ltr\" lang=\"en\">That defence \ud83d\ude2e\u200d\ud83d\udca8\ud83d\udd12<\/p>\n<p>Introducing your Team of the Week! \ud83c\udf1f<a href=\"https:\/\/twitter.com\/cryptocom?ref_src=twsrc%5Etfw\" rel=\"nofollow noopener\" target=\"_blank\">@cryptocom<\/a> | <a href=\"https:\/\/twitter.com\/hashtag\/UCLTOTW?src=hash&amp;ref_src=twsrc%5Etfw\" rel=\"nofollow noopener\" target=\"_blank\">#UCLTOTW<\/a> <a href=\"https:\/\/t.co\/YRMsFV92WS\" rel=\"nofollow\">pic.twitter.com\/YRMsFV92WS<\/a><\/p>\n<p>\u2014 UEFA Champions League (@ChampionsLeague) <a href=\"https:\/\/twitter.com\/ChampionsLeague\/status\/1981375065850552359?ref_src=twsrc%5Etfw\" rel=\"nofollow noopener\" target=\"_blank\">October 23, 2025<\/a><\/p>\n<\/blockquote>\n<p>   Partagez cette info avec vos amis et vos proches en cliquant ici<br \/> Pour r\u00e9sumer<\/p>\n<p>Malgr\u00e9 une victoire \u00e9clatante 7-2 du PSG contre Leverkusen en Ligue des champions, seul Nuno Mendes figure dans le onze type de la semaine. Ce contraste souligne la difficult\u00e9 \u00e0 reconna\u00eetre toutes les performances individuelles dans une \u00e9quipe collective.<\/p>\n<p>R\u00e9dacteur<\/p>\n<p><img decoding=\"async\" width=\"76\" height=\"76\" loading=\"lazy\" src=\"https:\/\/www.europesays.com\/fr\/wp-content\/uploads\/2025\/04\/avatar-onze.webp.webp\" alt=\"Nathan Bricout\"\/><script async src=\"https:\/\/platform.twitter.com\/widgets.js\" charset=\"utf-8\"><\/script><\/p>\n","protected":false},"excerpt":{"rendered":"Mardi soir, le Paris Saint-Germain a livr\u00e9 une prestation \u00e9poustouflante en Ligue des champions, \u00e9crasant le Bayer Leverkusen&hellip;\n","protected":false},"author":2,"featured_media":484817,"comment_status":"","ping_status":"","sticky":false,"template":"","format":"standard","meta":{"footnotes":""},"categories":[1410],"tags":[63,1011,27,447,93,60],"class_list":{"0":"post-484816","1":"post","2":"type-post","3":"status-publish","4":"format-standard","5":"has-post-thumbnail","7":"category-football","8":"tag-football","9":"tag-fr","10":"tag-france","11":"tag-ligue-des-champions","12":"tag-psg","13":"tag-sports"},"share_on_mastodon":{"url":"https:\/\/pubeurope.com\/@fr\/115424535243097372","error":""},"_links":{"self":[{"href":"https:\/\/www.europesays.com\/fr\/wp-json\/wp\/v2\/posts\/484816","targetHints":{"allow":["GET"]}}],"collection":[{"href":"https:\/\/www.europesays.com\/fr\/wp-json\/wp\/v2\/posts"}],"about":[{"href":"https:\/\/www.europesays.com\/fr\/wp-json\/wp\/v2\/types\/post"}],"author":[{"embeddable":true,"href":"https:\/\/www.europesays.com\/fr\/wp-json\/wp\/v2\/users\/2"}],"replies":[{"embeddable":true,"href":"https:\/\/www.europesays.com\/fr\/wp-json\/wp\/v2\/comments?post=484816"}],"version-history":[{"count":0,"href":"https:\/\/www.europesays.com\/fr\/wp-json\/wp\/v2\/posts\/484816\/revisions"}],"wp:featuredmedia":[{"embeddable":true,"href":"https:\/\/www.europesays.com\/fr\/wp-json\/wp\/v2\/media\/484817"}],"wp:attachment":[{"href":"https:\/\/www.europesays.com\/fr\/wp-json\/wp\/v2\/media?parent=484816"}],"wp:term":[{"taxonomy":"category","embeddable":true,"href":"https:\/\/www.europesays.com\/fr\/wp-json\/wp\/v2\/categories?post=484816"},{"taxonomy":"post_tag","embeddable":true,"href":"https:\/\/www.europesays.com\/fr\/wp-json\/wp\/v2\/tags?post=484816"}],"curies":[{"name":"wp","href":"https:\/\/api.w.org\/{rel}","templated":true}]}}