{"id":484821,"date":"2025-10-23T16:58:21","date_gmt":"2025-10-23T16:58:21","guid":{"rendered":"https:\/\/www.europesays.com\/fr\/484821\/"},"modified":"2025-10-23T16:58:21","modified_gmt":"2025-10-23T16:58:21","slug":"jaime-partager-mes-lectures-le-speed-booking","status":"publish","type":"post","link":"https:\/\/www.europesays.com\/fr\/484821\/","title":{"rendered":"\u00ab\u00a0J\u2019aime partager mes lectures\u00a0\u00bb, le speed booking"},"content":{"rendered":"<p>Vous connaissiez peut-\u00eatre ma th\u00e8se en 180 secondes, un exercice de synth\u00e8se radical r\u00e9sumant pour le grand public des centaines de pages d\u2019un travail de b\u00e9n\u00e9dictin en trois minutes\u00a0; voici mon bouquin pr\u00e9f\u00e9r\u00e9\u2026 ou comment partager sa passion pour un livre en cinq minutes chrono.<\/p>\n<p>Le chrono, il est effectivement bien l\u00e0, ce jeudi d\u2019octobre dans le salon presque cosy du premier \u00e9tage de la <a target=\"_blank\" href=\"https:\/\/www.mediatheques-grandpoitiers.fr\/mediatheque-francois-mitterrand.aspx?_lg=fr-FR\" rel=\"noopener\">m\u00e9diath\u00e8que Fran\u00e7ois-Mitterrand<\/a> \u00e0 Poitiers. T\u00e9l\u00e9phone portable en main, Martine joue la montre. Vigie scrupuleuse du temps qui file, la biblioth\u00e9caire se mue en chronom\u00e9treuse en chef.<\/p>\n<p>\u00ab\u00a0Si ce n\u2019est pas bien \u00e9crit, je m\u2019ennuie\u00a0\u00bb<\/p>\n<p>Elle s\u2019assure que le timing du \u00ab\u00a0speed booking\u00a0\u00bb est respect\u00e9. Un exercice de style, en fran\u00e7ais s\u2019il vous pla\u00eet malgr\u00e9 l\u2019anglicisme de l\u2019accroche, destin\u00e9 \u00e0 partager une lecture coup de c\u0153ur.<\/p>\n<p><img alt=\"T\u00e9l\u00e9phone en main, Martine chronom\u00e8tre les interventions pour respecter le caract\u00e8re \u00ab\u00a0speed\u00a0\u00bb de la pr\u00e9sentation.\" loading=\"lazy\" width=\"980\" height=\"573\" decoding=\"async\" data-nimg=\"1\" class=\"img-responsive spinner-show\" style=\"color:transparent;background-size:cover;background-position:50% 50%;background-repeat:no-repeat;background-image:url(&quot;data:image\/svg+xml;charset=utf-8,%3Csvg xmlns='http:\/\/www.w3.org\/2000\/svg' viewBox='0 0 980 573'%3E%3Cfilter id='b' color-interpolation-filters='sRGB'%3E%3CfeGaussianBlur stdDeviation='20'\/%3E%3CfeColorMatrix values='1 0 0 0 0 0 1 0 0 0 0 0 1 0 0 0 0 0 100 -1' result='s'\/%3E%3CfeFlood x='0' y='0' width='100%25' height='100%25'\/%3E%3CfeComposite operator='out' in='s'\/%3E%3CfeComposite in2='SourceGraphic'\/%3E%3CfeGaussianBlur stdDeviation='20'\/%3E%3C\/filter%3E%3Cimage width='100%25' height='100%25' x='0' y='0' preserveAspectRatio='none' style='filter: url(%23b);' href='https:\/\/images.lanouvellerepublique.fr\/image\/upload\/t_88w\/f_auto\/68fa55d3e1a9f8434c8b4585.jpg'\/%3E%3C\/svg%3E&quot;)\"   src=\"https:\/\/www.europesays.com\/fr\/wp-content\/uploads\/2025\/10\/68fa55d3e1a9f8434c8b4585.jpg\"\/><\/p>\n<p style=\"background-color:#F2F2F2;padding:5px;margin-top:0px;margin-bottom:10px\">T\u00e9l\u00e9phone en main, Martine chronom\u00e8tre les interventions pour respecter le caract\u00e8re \u00ab\u00a0speed\u00a0\u00bb de la pr\u00e9sentation.<br \/> \u00a9 (Photo NR-CP, Emmanuel Coupaye)<\/p>\n<p>Quatre femmes sont venues au rendez-vous de ce jeudi. \u00ab\u00a0Je suis juste l\u00e0 pour \u00e9couter\u00a0\u00bb, assurent en pr\u00e9ambule deux participantes pr\u00eates \u00e0 noter les bons conseils. Marl\u00e8ne, elle, est bien d\u00e9cid\u00e9e \u00e0 prendre la parole, le conducteur de son intervention est l\u00e0 entre ses mains, imprim\u00e9 comme une pro. Elle s\u2019installe dans le confortable fauteuil. Hind passe une t\u00eate \u00e0 l\u2019improviste. \u00ab\u00a0J\u2019ai vu le panneau en passant, \u00e7a m\u2019a intrigu\u00e9e\u00a0\u00bb, explique-t-elle en s\u2019installant sur un tabouret.<\/p>\n<p>\u00ab\u00a0Ce que vous voulez\u00a0\u00bb<\/p>\n<p>Martine explique le principe de ce rendez-vous ancr\u00e9 de longue date dans la programmation de la m\u00e9diath\u00e8que. \u00ab\u00a0C\u2019est un de nos rendez-vous. Il y a aussi des temps d\u2019\u00e9change sur une th\u00e9matique particuli\u00e8re et d\u2019autres o\u00f9 nous pr\u00e9sentons les p\u00e9pites de la rentr\u00e9e litt\u00e9raire. L\u00e0, vous pouvez parler du livre que vous voulez.\u00a0\u00bb<\/p>\n<p>Le choix de Marl\u00e8ne est bien arr\u00eat\u00e9, ce jeudi, elle d\u00e9fend James\u00a0de Percival Everett. \u00ab\u00a0C\u2019est un \u00e9crivain am\u00e9ricain qui est reparti du livre de Mark Twain, Les Aventures de Huckleberry Finn \u00bb, d\u00e9roule Marl\u00e8ne.<\/p>\n<p><img alt=\"Les coups de c\u0153ur partag\u00e9s, ce sont autant d\u2019id\u00e9es de lectures not\u00e9es pour ne pas les oublier.\" loading=\"lazy\" width=\"980\" height=\"573\" decoding=\"async\" data-nimg=\"1\" class=\"img-responsive spinner-show\" style=\"color:transparent;background-size:cover;background-position:50% 50%;background-repeat:no-repeat;background-image:url(&quot;data:image\/svg+xml;charset=utf-8,%3Csvg xmlns='http:\/\/www.w3.org\/2000\/svg' viewBox='0 0 980 573'%3E%3Cfilter id='b' color-interpolation-filters='sRGB'%3E%3CfeGaussianBlur stdDeviation='20'\/%3E%3CfeColorMatrix values='1 0 0 0 0 0 1 0 0 0 0 0 1 0 0 0 0 0 100 -1' result='s'\/%3E%3CfeFlood x='0' y='0' width='100%25' height='100%25'\/%3E%3CfeComposite operator='out' in='s'\/%3E%3CfeComposite in2='SourceGraphic'\/%3E%3CfeGaussianBlur stdDeviation='20'\/%3E%3C\/filter%3E%3Cimage width='100%25' height='100%25' x='0' y='0' preserveAspectRatio='none' style='filter: url(%23b);' href='https:\/\/images.lanouvellerepublique.fr\/image\/upload\/t_88w\/f_auto\/68fa55d395eb7c132e8b46ba.jpg'\/%3E%3C\/svg%3E&quot;)\"   src=\"https:\/\/www.europesays.com\/fr\/wp-content\/uploads\/2025\/10\/68fa55d395eb7c132e8b46ba.jpg\"\/><\/p>\n<p style=\"background-color:#F2F2F2;padding:5px;margin-top:0px;margin-bottom:10px\">Les coups de c\u0153ur partag\u00e9s, ce sont autant d\u2019id\u00e9es de lectures not\u00e9es pour ne pas les oublier.<br \/> \u00a9 (Photo NR-CP, Emmanuel Coupaye)<\/p>\n<p>\u00ab\u00a0Il prend la m\u00eame trame, mais, il la raconte d\u2019un autre point de vue qui n\u2019est pas celui du blanc, mais celui de James, l\u2019esclave. Un esclave \u00e9rudit qui se cache pour lire les livres qui se trouvent dans la biblioth\u00e8que de son ma\u00eetre.\u00a0\u00bb La pendule est intraitable et coupe Marl\u00e8ne dans son \u00e9lan. \u00ab\u00a0Ah, j\u2019ai d\u00e9j\u00e0 pass\u00e9 les cinq minutes\u00a0?\u00a0!\u00a0\u00bb \u00ab\u00a0Ce qui me motive dans cet exercice, confie-t-elle, ce sont les \u00e9changes de lectures. C\u2019est partager.\u00a0\u00bb<\/p>\n<p>L\u2019appr\u00e9hension tombe<\/p>\n<p>Les deux biblioth\u00e9caires, Anne et Martine, prennent son relais pour \u00e9voquer \u00e0 leur tour un livre qui les a touch\u00e9es. Et puis, la magie de la discussion efface les appr\u00e9hensions de d\u00e9part et la volont\u00e9 de ne rester qu\u2019un \u00e9coutant. Chacun finit par confier une lecture du moment. Les mots coulent, fluides, improvis\u00e9s et finalement plus touchants.<\/p>\n<p>\u00ab\u00a0Je viens de lire le Pavillon d\u2019or de Mishima, raconte Hind.\u00a0Je m\u2019int\u00e9resse beaucoup \u00e0 la litt\u00e9rature japonaise. L\u00e0, il n\u2019y a pas vraiment d\u2019histoire mais c\u2019est vraiment bien, on ne s\u2019ennuie pas. En fait, il faut que \u00e7a soit bien \u00e9crit, sinon, je m\u2019ennuie.\u00a0\u00bb<\/p>\n<p>Le speed booking a pris son temps. Une heure et demie de discussion comme au salon avant de se s\u00e9parer. Une nouvelle \u00e9dition est pr\u00e9vue le 4\u00a0d\u00e9cembre 2025.<\/p>\n<p>Le carnet des rendez-vous lecture<\/p>\n<p><strong>&gt;\u00a0Speed booking.<\/strong> Cinq minutes pour convaincre son interlocuteur. Les jeudis \u00e0 17\u00a0h\u00a030 \u00e0 la m\u00e9diath\u00e8que Fran\u00e7ois-Mitterrand\u00a0: 4\u00a0d\u00e9cembre, 5\u00a0f\u00e9vrier, 2\u00a0avril et 11\u00a0juin. Les vendredis \u00e0 la biblioth\u00e8que de la Blaiserie\u00a0: 28\u00a0novembre, 30\u00a0janvier, 27\u00a0mars et 22\u00a0mai.<\/p>\n<p><strong>&gt;\u00a0Livres \u00e9changes.<\/strong> Partager ses lectures autour d\u2019une th\u00e9matique choisie. Les mardis \u00e0 18\u00a0h \u00e0 la m\u00e9diath\u00e8que de Saint-Eloi\u00a0: 2\u00a0d\u00e9cembre, 27\u00a0janvier, 10\u00a0mars et 5\u00a0mai.<\/p>\n<p>Les mardis \u00e0 18\u00a0h\u00a030 \u00e0 la m\u00e9diath\u00e8que M\u00e9diasud\u00a0: 18\u00a0novembre, 20\u00a0janvier, 3\u00a0mars et 19\u00a0mai. Les mardis \u00e0 17\u00a0h\u00a030 \u00e0 la m\u00e9diath\u00e8que Fran\u00e7ois-Mitterrand\u00a0: 4\u00a0novembre et 24\u00a0f\u00e9vrier.<\/p>\n<p><strong>&gt;\u00a0Temps polar.<\/strong> \u00c0 18\u00a0h \u00e0 la m\u00e9diath\u00e8que des Couronneries, les 25\u00a0novembre et 24\u00a0avril.<\/p>\n<p><strong>&gt;\u00a0Temps des bulles.<\/strong> Les vendredis \u00e0 18\u00a0h \u00e0 la m\u00e9diath\u00e8que des Couronneries\u00a0: 14\u00a0novembre, 23\u00a0janvier, 6\u00a0mars et 29\u00a0mai.<\/p>\n<p>Ces rendez-vous durent tous 1\u00a0h\u00a030 et sont accessibles sans inscription.<\/p>\n","protected":false},"excerpt":{"rendered":"Vous connaissiez peut-\u00eatre ma th\u00e8se en 180 secondes, un exercice de synth\u00e8se radical r\u00e9sumant pour le grand public&hellip;\n","protected":false},"author":2,"featured_media":484822,"comment_status":"","ping_status":"","sticky":false,"template":"","format":"standard","meta":{"footnotes":""},"categories":[1357],"tags":[1392,1379,9332,58,59,1011,27,1380,1393,1653,1584],"class_list":{"0":"post-484821","1":"post","2":"type-post","3":"status-publish","4":"format-standard","5":"has-post-thumbnail","7":"category-livres","8":"tag-a-la-une-local","9":"tag-books","10":"tag-centrepresse","11":"tag-divertissement","12":"tag-entertainment","13":"tag-fr","14":"tag-france","15":"tag-livres","16":"tag-loisirs","17":"tag-poitiers","18":"tag-vienne"},"share_on_mastodon":{"url":"https:\/\/pubeurope.com\/@fr\/115424547530406416","error":""},"_links":{"self":[{"href":"https:\/\/www.europesays.com\/fr\/wp-json\/wp\/v2\/posts\/484821","targetHints":{"allow":["GET"]}}],"collection":[{"href":"https:\/\/www.europesays.com\/fr\/wp-json\/wp\/v2\/posts"}],"about":[{"href":"https:\/\/www.europesays.com\/fr\/wp-json\/wp\/v2\/types\/post"}],"author":[{"embeddable":true,"href":"https:\/\/www.europesays.com\/fr\/wp-json\/wp\/v2\/users\/2"}],"replies":[{"embeddable":true,"href":"https:\/\/www.europesays.com\/fr\/wp-json\/wp\/v2\/comments?post=484821"}],"version-history":[{"count":0,"href":"https:\/\/www.europesays.com\/fr\/wp-json\/wp\/v2\/posts\/484821\/revisions"}],"wp:featuredmedia":[{"embeddable":true,"href":"https:\/\/www.europesays.com\/fr\/wp-json\/wp\/v2\/media\/484822"}],"wp:attachment":[{"href":"https:\/\/www.europesays.com\/fr\/wp-json\/wp\/v2\/media?parent=484821"}],"wp:term":[{"taxonomy":"category","embeddable":true,"href":"https:\/\/www.europesays.com\/fr\/wp-json\/wp\/v2\/categories?post=484821"},{"taxonomy":"post_tag","embeddable":true,"href":"https:\/\/www.europesays.com\/fr\/wp-json\/wp\/v2\/tags?post=484821"}],"curies":[{"name":"wp","href":"https:\/\/api.w.org\/{rel}","templated":true}]}}