{"id":484837,"date":"2025-10-23T17:08:10","date_gmt":"2025-10-23T17:08:10","guid":{"rendered":"https:\/\/www.europesays.com\/fr\/484837\/"},"modified":"2025-10-23T17:08:10","modified_gmt":"2025-10-23T17:08:10","slug":"la-condamnation-sans-motif-antisemite-de-deux-freres-suscite-lincomprehension","status":"publish","type":"post","link":"https:\/\/www.europesays.com\/fr\/484837\/","title":{"rendered":"La condamnation sans motif antis\u00e9mite de deux fr\u00e8res suscite l\u2019incompr\u00e9hension"},"content":{"rendered":"<p> \u00abAffront\u00a0\u00bb, \u00ab\u00a0d\u00e9cision incompr\u00e9hensible\u00a0\u00bb\u2026 Les r\u00e9actions \u00e9taient vives jeudi au sein de la communaut\u00e9 juive apr\u00e8s la condamnation, sans reconnaissance d\u2019un <a href=\"https:\/\/www.20minutes.fr\/justice\/4181044-20251023-olivier-ilan-halimi-abattu-deux-freres-juges-coupables-caractere-antisemite-retenu\" class=\"c-link c-link--is-underlined\" target=\"_blank\" rel=\"noopener\">motif antis\u00e9mite, de deux fr\u00e8res<\/a> ayant abattu un arbre plant\u00e9 en m\u00e9moire d\u2019Ilan Halimi, jeune juif tortur\u00e9 \u00e0 mort en\u00a02006.<\/p>\n<p>\u00ab\u00a0Refuser de voir l\u2019antis\u00e9mitisme quand on abat l\u2019arbre en hommage \u00e0 <a href=\"https:\/\/www.20minutes.fr\/dossier\/ilan_halimi\" class=\"c-link c-link--is-underlined\" target=\"_blank\" rel=\"noopener\">Ilan Halimi<\/a>, c\u2019est faire affront \u00e0 tous ceux qui luttent contre la haine des Juifs\u00a0\u00bb, a affirm\u00e9 sur X Yonathan Arfi, le pr\u00e9sident du Conseil repr\u00e9sentatif des institutions juives de France (<a href=\"https:\/\/www.20minutes.fr\/arts-stars\/culture\/musique\/4168885-20250821-rock-seine-crif-demande-deprogrammation-groupe-kneecap-accuse-soutien-hezbollah\" class=\"c-link c-link--is-underlined\" target=\"_blank\" rel=\"noopener\">Crif<\/a>). \u00ab\u00a0Avec cette d\u00e9cision, non seulement la justice n\u2019apporte pas de r\u00e9ponse \u00e0 l\u2019antis\u00e9mitisme mais elle aggrave le probl\u00e8me\u00a0\u00bb, a-t-il ajout\u00e9.<\/p>\n<\/p>\n<p>Le tribunal correctionnel de Bobigny a condamn\u00e9 mercredi des fr\u00e8res jumeaux, l\u2019un \u00e0 huit mois de prison ferme, l\u2019autre \u00e0 huit mois de prison avec sursis, pour avoir abattu cet arbre mi-ao\u00fbt \u00e0 Epinay-sur-Seine (Seine-Saint-Denis).<\/p>\n<p>\u00ab\u00a0A qui veut-on faire croire cette fable\u00a0\u00bb\u00a0?<\/p>\n<p>Le tribunal les a d\u00e9clar\u00e9s coupables de destruction du bien d\u2019autrui aggrav\u00e9e. Mais il les a relax\u00e9s du fait de violation d\u2019un monument d\u00e9di\u00e9 \u00e0 la m\u00e9moire des morts commise en raison de la race, l\u2019ethnie, la nation ou la <a href=\"https:\/\/www.20minutes.fr\/dossier\/judaisme\" class=\"c-link c-link--is-underlined\" target=\"_blank\" rel=\"noopener\">religion<\/a>. Il a estim\u00e9 qu\u2019il n\u2019y avait pas assez d\u2019\u00e9l\u00e9ments permettant d\u2019\u00e9tablir que les deux hommes avaient conscience qu\u2019il s\u2019agissait d\u2019un monument en la m\u00e9moire d\u2019Ilan Halimi.<\/p>\n<p><a href=\"https:\/\/www.20minutes.fr\/dossier\/ilan_halimi\" class=\"c-link c-btn c-btn--primary\" target=\"_blank\" rel=\"noopener\">Les articles Ilan Halimi<\/a><\/p>\n<p>Pour l\u2019Union des \u00e9tudiants juifs de France (UEJF), \u00ab\u00a0ce jugement est incompr\u00e9hensible\u00a0\u00bb car tron\u00e7onner l\u2019arbre plant\u00e9 en m\u00e9moire d\u2019Ilan Halimi \u00ab\u00a0c\u2019est porter atteinte sa m\u00e9moire et c\u2019est par nature un acte \u00e0 caract\u00e8re antis\u00e9mite\u00a0\u00bb.<\/p>\n<p>\u00ab\u00a0Cette triste d\u00e9cision ne peut pas en rester l\u00e0\u00a0\u00bb, a affirm\u00e9 Philippe Meyer, le pr\u00e9sident en France de l\u2019ONG historique juive Bnai Brith, en s\u2019interrogeant\u00a0: \u00ab\u00a0A qui veut-on faire croire cette fable\u00a0\u00bb que l\u2019arbre aurait \u00e9t\u00e9 choisi \u00ab\u00a0par pur hasard\u00a0\u00bb\u00a0? Le rabbin de Levallois-Perret Chalom Lellouche, \u00e9galement indign\u00e9 par ce jugement, a rappel\u00e9 les mots d\u2019Emmanuel Macron en ao\u00fbt\u00a02025\u00a0: \u00ab\u00a0Abattre l\u2019arbre rendant hommage \u00e0 Ilan Halimi, c\u2019est chercher \u00e0 le tuer une deuxi\u00e8me fois\u00a0\u00bb.<\/p>\n","protected":false},"excerpt":{"rendered":"\u00abAffront\u00a0\u00bb, \u00ab\u00a0d\u00e9cision incompr\u00e9hensible\u00a0\u00bb\u2026 Les r\u00e9actions \u00e9taient vives jeudi au sein de la communaut\u00e9 juive apr\u00e8s la condamnation, sans&hellip;\n","protected":false},"author":2,"featured_media":484838,"comment_status":"","ping_status":"","sticky":false,"template":"","format":"standard","meta":{"footnotes":""},"categories":[4],"tags":[47,11,4073,26121,1011,27,45788,662,5005,303,12,3210,25,1945,104],"class_list":{"0":"post-484837","1":"post","2":"type-post","3":"status-publish","4":"format-standard","5":"has-post-thumbnail","7":"category-france","8":"tag-actualite","9":"tag-actualites","10":"tag-condamnation","11":"tag-crif","12":"tag-fr","13":"tag-france","14":"tag-ilan-halimi","15":"tag-ile-de-france","16":"tag-juif","17":"tag-justice","18":"tag-news","19":"tag-reaction","20":"tag-republique-francaise","21":"tag-seine-saint-denis","22":"tag-societe"},"share_on_mastodon":{"url":"https:\/\/pubeurope.com\/@fr\/115424585641968169","error":""},"_links":{"self":[{"href":"https:\/\/www.europesays.com\/fr\/wp-json\/wp\/v2\/posts\/484837","targetHints":{"allow":["GET"]}}],"collection":[{"href":"https:\/\/www.europesays.com\/fr\/wp-json\/wp\/v2\/posts"}],"about":[{"href":"https:\/\/www.europesays.com\/fr\/wp-json\/wp\/v2\/types\/post"}],"author":[{"embeddable":true,"href":"https:\/\/www.europesays.com\/fr\/wp-json\/wp\/v2\/users\/2"}],"replies":[{"embeddable":true,"href":"https:\/\/www.europesays.com\/fr\/wp-json\/wp\/v2\/comments?post=484837"}],"version-history":[{"count":0,"href":"https:\/\/www.europesays.com\/fr\/wp-json\/wp\/v2\/posts\/484837\/revisions"}],"wp:featuredmedia":[{"embeddable":true,"href":"https:\/\/www.europesays.com\/fr\/wp-json\/wp\/v2\/media\/484838"}],"wp:attachment":[{"href":"https:\/\/www.europesays.com\/fr\/wp-json\/wp\/v2\/media?parent=484837"}],"wp:term":[{"taxonomy":"category","embeddable":true,"href":"https:\/\/www.europesays.com\/fr\/wp-json\/wp\/v2\/categories?post=484837"},{"taxonomy":"post_tag","embeddable":true,"href":"https:\/\/www.europesays.com\/fr\/wp-json\/wp\/v2\/tags?post=484837"}],"curies":[{"name":"wp","href":"https:\/\/api.w.org\/{rel}","templated":true}]}}