{"id":484855,"date":"2025-10-23T17:17:16","date_gmt":"2025-10-23T17:17:16","guid":{"rendered":"https:\/\/www.europesays.com\/fr\/484855\/"},"modified":"2025-10-23T17:17:16","modified_gmt":"2025-10-23T17:17:16","slug":"soiree-dangoisse-a-port-marianne-pour-deux-jeunes-de-14-ans","status":"publish","type":"post","link":"https:\/\/www.europesays.com\/fr\/484855\/","title":{"rendered":"soir\u00e9e d\u2019angoisse \u00e0 Port Marianne pour deux jeunes de 14 ans"},"content":{"rendered":"<p>            Par<br \/>\n        <strong><br \/>\n            <a href=\"https:\/\/actu.fr\/auteur\/lea-pippinato\" title=\"Consulter tous les articles de L\u00e9a Pippinato\" target=\"_blank\" rel=\"noopener\">L\u00e9a Pippinato<\/a><br \/>\n        <\/strong><\/p>\n<p>        Publi\u00e9 le<\/p>\n<p>            23 oct. 2025 \u00e0 18h40        <\/p>\n<p><strong>Ce mardi 21 octobre 2025<\/strong>, vers 22h, dans <strong>le quartier Port Marianne \u00e0 Montpellier<\/strong>, la promenade tranquille de <strong>deux adolescents<\/strong> s\u2019est transform\u00e9e en <strong>agression violente<\/strong>. Les deux amis, \u00e2g\u00e9s de 14 ans, circulaient avec leur trottinette lorsqu\u2019ils ont \u00e9t\u00e9 <strong>abord\u00e9s par deux jeunes<\/strong>, \u00e0 peine plus jeunes qu\u2019eux. Ces derniers exigeaient qu\u2019on <strong>leur remette le deux-roues<\/strong>.<\/p>\n<p>    <a href=\"https:\/\/www.google.com\/maps\/embed?pb=!1m18!1m12!1m3!1d11556.86669601037!2d3.890623271222266!3d43.602029987670406!2m3!1f0!2f0!3f0!3m2!1i1024!2i768!4f13.1!3m3!1m2!1s0x12b6af85d6a0e48d%3A0x6b4de2ce2f40baac!2sPort%20Marianne%2C%2034000%20Montpellier!5e0!3m2!1sen!2sfr!4v1761234021708!5m2!1sen!2sfr\" title=\"Ouvrie le lien\" target=\"_blank\" rel=\"noopener\">Cliquez ici pour visualiser le contenu<\/a><\/p>\n<p class=\" wall-content\">L\u2019un des agresseurs aurait insinu\u00e9 qu\u2019il portait un couteau. L\u2019arme n\u2019a pas \u00e9t\u00e9 retrouv\u00e9e, mais la menace a suffi \u00e0 cr\u00e9er la peur. Face au refus des victimes de c\u00e9der leur trottinette, le ton est mont\u00e9. L\u2019un des adolescents a re\u00e7u des coups de poing au visage et un coup de coude \u00e0 la m\u00e2choire.<\/p>\n<p>Un refuge dans un restaurant du quartier<\/p>\n<p class=\" wall-content\">Bless\u00e9s et sous le choc, les deux jeunes agress\u00e9s ont r\u00e9ussi \u00e0 fuir. Ils ont trouv\u00e9 refuge dans un restaurant voisin. Les policiers nationaux sont intervenus et ont interpell\u00e9 les deux suspects. Les forces de l\u2019ordre ont d\u00e9couvert que les agresseurs pr\u00e9sum\u00e9s \u00e9taient deux cousins, \u00e2g\u00e9s de 13 ans. L\u2019un r\u00e9side \u00e0 Montpellier, l\u2019autre \u00e0 Saint-Ouen en Seine-Saint-Denis.<\/p>\n<p class=\" wall-content\">Devant les agents, ils ont minimis\u00e9 leur geste. Selon eux, ils n\u2019avaient pas voulu voler la trottinette mais simplement \u00ab\u00a0l\u2019essayer\u00a0\u00bb. Ils ont aussi affirm\u00e9 que la bagarre avait \u00e9t\u00e9 provoqu\u00e9e par la victime. Le jeune Montpelli\u00e9rain s\u2019est vu interdire de retourner sur le lieu des faits pendant six mois. Son cousin, originaire d\u2019\u00cele-de-France, devra suivre un stage de citoyennet\u00e9.\u00a0<\/p>\n<p class=\" wall-content\">Personnalisez votre actualit\u00e9 en ajoutant vos villes et m\u00e9dias en favori avec <a href=\"https:\/\/moncompte.actu.fr\" title=\"D\u00e9couvez Mon Actu\" rel=\"nofollow noopener\" data-trk=\"{&quot;cta&quot;:{&quot;action&quot;:&quot;https:\\\/\\\/moncompte.actu.fr&quot;,&quot;category&quot;:&quot;mon compte&quot;,&quot;from&quot;:&quot;article footer&quot;,&quot;name&quot;:&quot;Mon actu&quot;,&quot;type&quot;:&quot;cta&quot;}}\" target=\"_blank\">Mon Actu<\/a>.<\/p>\n","protected":false},"excerpt":{"rendered":"Par L\u00e9a Pippinato Publi\u00e9 le 23 oct. 2025 \u00e0 18h40 Ce mardi 21 octobre 2025, vers 22h, dans&hellip;\n","protected":false},"author":2,"featured_media":484856,"comment_status":"","ping_status":"","sticky":false,"template":"","format":"standard","meta":{"footnotes":""},"categories":[9599],"tags":[1111,11,1777,674,118,1011,27,303,2208,12,2680,1072,25,7501],"class_list":{"0":"post-484855","1":"post","2":"type-post","3":"status-publish","4":"format-standard","5":"has-post-thumbnail","7":"category-montpellier","8":"tag-actu","9":"tag-actualites","10":"tag-eu","11":"tag-europe","12":"tag-faits-divers","13":"tag-fr","14":"tag-france","15":"tag-justice","16":"tag-montpellier","17":"tag-news","18":"tag-occitanie","19":"tag-police","20":"tag-republique-francaise","21":"tag-violences-urbaines"},"share_on_mastodon":{"url":"https:\/\/pubeurope.com\/@fr\/115424621090036283","error":""},"_links":{"self":[{"href":"https:\/\/www.europesays.com\/fr\/wp-json\/wp\/v2\/posts\/484855","targetHints":{"allow":["GET"]}}],"collection":[{"href":"https:\/\/www.europesays.com\/fr\/wp-json\/wp\/v2\/posts"}],"about":[{"href":"https:\/\/www.europesays.com\/fr\/wp-json\/wp\/v2\/types\/post"}],"author":[{"embeddable":true,"href":"https:\/\/www.europesays.com\/fr\/wp-json\/wp\/v2\/users\/2"}],"replies":[{"embeddable":true,"href":"https:\/\/www.europesays.com\/fr\/wp-json\/wp\/v2\/comments?post=484855"}],"version-history":[{"count":0,"href":"https:\/\/www.europesays.com\/fr\/wp-json\/wp\/v2\/posts\/484855\/revisions"}],"wp:featuredmedia":[{"embeddable":true,"href":"https:\/\/www.europesays.com\/fr\/wp-json\/wp\/v2\/media\/484856"}],"wp:attachment":[{"href":"https:\/\/www.europesays.com\/fr\/wp-json\/wp\/v2\/media?parent=484855"}],"wp:term":[{"taxonomy":"category","embeddable":true,"href":"https:\/\/www.europesays.com\/fr\/wp-json\/wp\/v2\/categories?post=484855"},{"taxonomy":"post_tag","embeddable":true,"href":"https:\/\/www.europesays.com\/fr\/wp-json\/wp\/v2\/tags?post=484855"}],"curies":[{"name":"wp","href":"https:\/\/api.w.org\/{rel}","templated":true}]}}