{"id":484857,"date":"2025-10-23T17:18:14","date_gmt":"2025-10-23T17:18:14","guid":{"rendered":"https:\/\/www.europesays.com\/fr\/484857\/"},"modified":"2025-10-23T17:18:14","modified_gmt":"2025-10-23T17:18:14","slug":"isole-le-maire-de-bihorel-pascal-houbron-regle-ses-comptes-en-conseil-municipal","status":"publish","type":"post","link":"https:\/\/www.europesays.com\/fr\/484857\/","title":{"rendered":"isol\u00e9, le maire de Bihorel Pascal Houbron r\u00e8gle ses comptes en conseil municipal"},"content":{"rendered":"<p>            Par<br \/>\n        <strong><br \/>\n            <a href=\"https:\/\/actu.fr\/auteur\/isabellevilly\" title=\"Consulter tous les articles de Isabelle Villy\" target=\"_blank\" rel=\"noopener\">Isabelle Villy<\/a><br \/>\n        <\/strong><\/p>\n<p>        Publi\u00e9 le<\/p>\n<p>            23 oct. 2025 \u00e0 17h21        <\/p>\n<p>Salle comble, jeudi 9 octobre 2025, \u00e0 la mairie de <a href=\"https:\/\/actu.fr\/normandie\/bihorel_76095\" target=\"_blank\" rel=\"noopener\">Bihorel<\/a>. Et ce n\u2019\u00e9tait pas pour un mariage, mais bien plut\u00f4t pour la confirmation d\u2019un divorce entre <strong>le maire Pascal Houbron<\/strong> et son ancienne majorit\u00e9. Lors du conseil municipal, les positions semblent compl\u00e8tement fig\u00e9es et Pascal Houbron se <strong>retrouve bien seul<\/strong>. R\u00e9sum\u00e9, en quelques points, d\u2019un d\u00e9bat sans fleurets mouchet\u00e9s\u2026<\/p>\n<p>Hommages\u2026 et premi\u00e8res banderilles<\/p>\n<p class=\" wall-content\">La s\u00e9ance a d\u00e9but\u00e9 par un hommage \u00e0 Robert Badinter, \u00e0 l\u2019occasion de son entr\u00e9e au Panth\u00e9on. \u00ab\u2009Une journ\u00e9e historique pour l\u2019humanit\u00e9 et la France, avec aussi le cessez-le-feu \u00e0 Gaza\u2009\u00bb, a d\u00e9clar\u00e9 Pascal Houbron, qui a ensuite souhait\u00e9 revenir sur la journ\u00e9e du 5\u00a0octobre, avec la plantation d\u2019un olivier dans le square Tamarelle, \u00e0 la m\u00e9moire d\u2019Ilan Halimi et des victimes de l\u2019antis\u00e9mitisme (lire notre pr\u00e9c\u00e9dente \u00e9dition).<\/p>\n<p class=\" wall-content\">\u00ab\u2009J\u2019ai souhait\u00e9 prendre cette initiative forte, en \u00e9tant la premi\u00e8re ville de Normandie \u00e0 le faire, pour montrer notre r\u00e9sistance \u00e0 la r\u00e9surgence de l\u2019antis\u00e9mitisme partout en France et \u00e0 Rouen. \u00c0 ma grande surprise, ni Nathalie Lecordier, ni Baptiste Boulland, ni Annick Bonneau, ni Jean-Baptiste Ch\u00e2telain, ni aucun autre membre de vos groupes n\u2019\u00e9taient pr\u00e9sents \u00e0 cet \u00e9v\u00e9nement f\u00e9d\u00e9rateur\u2009\u00bb, a lanc\u00e9 le maire, se demandant si cela \u00e9tait \u00ab\u2009par manque de courage, par absence de soutien \u00e0 nos compatriotes juifs\u2009? Je n\u2019ose y croire\u2009\u00bb.<\/p>\n<p>R\u00e8glements de comptes<\/p>\n<p class=\" wall-content\">Ce premier tacle lanc\u00e9, Pascal Houbron s\u2019est alors demand\u00e9 si cette attitude ne r\u00e9pondait pas \u00e0 de \u00ab\u2009l\u2019opportunisme politique.\u00a0Probablement, juste pour ne pas montrer un quelconque soutien au maire pour cette initiative salu\u00e9e. O\u00f9 est la hauteur de vue dont vous vous r\u00e9clamez\u2009? Je regrette que les oppositions s\u2019abaissent \u00e0 tous les moyens pour exister. O\u00f9 est l\u2019esprit de responsabilit\u00e9\u2009? Vous \u00eates pr\u00eat \u00e0 tout pour me faire tr\u00e9bucher, me faire taire parce que j\u2019ai \u00e9t\u00e9 malade et vuln\u00e9rable pendant six mois\u2009\u00bb, a l\u00e2ch\u00e9 Pascal Houbron.<\/p>\n<p class=\" wall-content\">D\u00e8s lors, les hostilit\u00e9s \u00e9taient d\u00e9clench\u00e9es. Patrice Renault de Bihorel en commun a r\u00e9torqu\u00e9\u2009: \u00ab\u2009Notre groupe r\u00e9affirme sans r\u00e9serve son engagement contre l\u2019antis\u00e9mitisme, contre toutes les formes de haine. Nous regrettons que la c\u00e9r\u00e9monie ait \u00e9t\u00e9 organis\u00e9e en notre nom sans que le conseil municipal ne soit consult\u00e9 sur un sujet aussi essentiel. L\u2019unit\u00e9 de tous les \u00e9lus aurait d\u00fb \u00eatre recherch\u00e9e\u2009\u00bb.<\/p>\n<p class=\" wall-content\">C\u2019est ensuite Baptiste Bouilland de Bihorel A\u00e9r\u00e9e qui a encha\u00een\u00e9\u2009: \u00ab\u2009Je tiens juste \u00e0 dire que vous \u00eates garant de notre unit\u00e9 bihorellaise. Quand dans la m\u00eame semaine, vous sortez sur les r\u00e9seaux sociaux des mots extr\u00eamement choquants, de droite extr\u00eame, comme\u2009: \u00ab\u2009invasion, arr\u00eatez de faire entrer des femmes voil\u00e9es\u2009\u00bb\u2026 Ce que vous regrettez pour Ilan Halimi, vous pouvez le d\u00e9clencher avec vos paroles. Je tiens \u00e0 attirer votre attention sur ce sujet grave.\u2009\u00bb<\/p>\n<p>Un maire et une seule adjointe<\/p>\n<p class=\" wall-content\">Fin ao\u00fbt, le maire Pascal Houbron a retir\u00e9 leurs d\u00e9l\u00e9gations \u00e0 cinq adjoints sur huit (voir nos pr\u00e9c\u00e9dents articles), \u00e0 savoir Nathalie Lecordier, Olivier Marical, Jocelyne Brochard, Maryse Chaillet et Antoine Ojeda. Le maire a re\u00e7u de la pr\u00e9fecture, le 25\u00a0septembre, la notification des d\u00e9missions des deux autres, Xavier Hauguel et Christophe Barr\u00e9. Une d\u00e9lib\u00e9ration devait donc red\u00e9finir le nombre des adjoints.<\/p>\n<p>Votre r\u00e9gion, votre actu !<\/p>\n<p>Recevez chaque jour les infos qui comptent pour vous.<\/p>\n<p>\t<a href=\"https:\/\/actu.fr\/newsletter\" class=\"ac-btn ac-btn--corner ac-btn--medium ac-btn--blue800\" target=\"_blank\" rel=\"noopener\">S&rsquo;incrire<\/a><br \/>\n\u00ab\u2009Comment comptez-vous vous organiser\u2009?\u2009\u00bb<\/p>\n<p class=\" wall-content\">\u00ab\u2009Il est propos\u00e9 de fixer le nombre \u00e0 un et d\u2019installer Fran\u00e7oise Lacaille comme l\u2019unique adjointe\u2009\u00bb, a indiqu\u00e9 le maire. C\u2019est l\u2019opposant Jean-Christophe Ch\u00e2telain qui a mis les pieds dans le plat en demandant ce qui justifiait le retrait des d\u00e9l\u00e9gations\u2009? \u00ab\u2009Comment comptez-vous vous organiser avec une seule adjointe\u2009?\u2009\u00bb<\/p>\n<p class=\" wall-content\">Pour Pascal Houbron, pas de probl\u00e8me\u2009: \u00ab\u2009Je rappelle qu\u2019en d\u00e9but de mandature, on \u00e9lit un maire, mais que c\u2019est lui qui d\u00e9l\u00e8gue des comp\u00e9tences \u00e0 des adjoints. Mais, c\u2019est de la th\u00e9orie. Il pourrait y en avoir huit comme aucun. Ici, j\u2019ai toujours donn\u00e9 beaucoup d\u2019autonomie, mais vous le savez bien, quand la confiance n\u2019est plus possible, on retire les d\u00e9l\u00e9gations. Il n\u2019\u00e9tait plus possible de travailler avec eux\u2009\u00bb, a d\u00e9clar\u00e9 l\u2019\u00e9lu.<\/p>\n<p class=\" wall-content\">Il a ensuite rassur\u00e9 l\u2019opposant\u2009: \u00ab\u2009Je vous rassure, le personnel communal me fait signer l\u2019ensemble des actes. Je suis en mairie le plus souvent possible. Il n\u2019y a pas de rupture de l\u2019activit\u00e9 ou de frein du fait de ce retrait de d\u00e9l\u00e9gations.\u2009\u00bb Un choix adopt\u00e9 avec l\u2019abstention de toutes les oppositions.<\/p>\n<p>Encore quelques bisbilles autour des indemnit\u00e9s<\/p>\n<p class=\" wall-content\">Il fallait bien ensuite parler argent public avec la fixation des indemnit\u00e9s d\u2019\u00e9lus\u2009: le taux \u00e0 54,9\u2009% de l\u2019indice de r\u00e9f\u00e9rence a \u00e9t\u00e9 reconduit pour le maire, \u00e0 17\u2009% pour Fran\u00e7oise Lacaille et le retrait des 70\u00a0euros par mois pour les conseillers municipaux.<\/p>\n<p class=\" wall-content\">\u00ab\u2009Vous aimez rappeler, Monsieur le Maire, que l\u2019argent n\u2019est pas votre moteur. Pourtant, la r\u00e9alit\u00e9 est un peu diff\u00e9rente. Vous percevez le montant maximum, enfin presque (54,9\u2009% sur 55\u2009%). On ne peut qu\u2019admirer cette sobri\u00e9t\u00e9 extr\u00eame. Si vous \u00eates si indiff\u00e9rent, pourquoi ne pas montrer l\u2019exemple, avec 20\/25\u2009% de l\u2019indice de r\u00e9f\u00e9rence\u2009? Le geste aurait plus de force que vos d\u00e9clarations r\u00e9p\u00e9t\u00e9es sur ce sujet\u2009\u00bb, a l\u00e2ch\u00e9 Patrice Renault sans r\u00e9el retour.<\/p>\n<p>Demande de retrait des d\u00e9l\u00e9gations du maire<\/p>\n<p class=\" wall-content\">Le d\u00e9bat le plus \u00e2pre restait toutefois \u00e0 venir, quand le groupe Bihorel en commun a demand\u00e9 le retrait des d\u00e9l\u00e9gations du maire, qui a donn\u00e9 lieu \u00e0 un r\u00e9quisitoire de ce dernier\u2009: \u00ab\u2009C\u2019est la d\u00e9lib\u00e9ration la plus importante du conseil\u2009\u00bb, a commenc\u00e9 l\u2019\u00e9lu, qui l\u2019a d\u00e9crite comme une corrida, \u00ab\u2009o\u00f9 je suis finalement le matador et vous le taureau\u2009\u00bb. Et d\u2019ajouter qu\u2019il avait \u00ab\u2009trois banderilles avant la mise \u00e0 mort\u2009\u00bb.<\/p>\n<blockquote class=\"ac-article-quote wall-content\">\n<p>Vous avez en commun la faillite, le d\u00e9shonneur, l&rsquo;abjection, l&rsquo;ignominie et la honte.<\/p>\n<p>    <strong>Pascal Houbron<\/strong><br \/>\n        Maire de Bihorel    <\/p><\/blockquote>\n<p class=\" wall-content\">S\u2019adressant \u00e0 Bihorel en commun, Pascal Houbron a alors expliqu\u00e9 son propos\u2009: \u00ab\u2009Vous avez en commun la faillite, le d\u00e9shonneur, l\u2019abjection, l\u2019ignominie et la honte\u2009\u00bb, a-t-il d\u00e9but\u00e9, avant de passer \u00e0 la \u00ab\u2009deuxi\u00e8me banderille\u2009\u00bb, \u00e0 savoir, \u00ab\u2009votre comportement vis-\u00e0-vis de moi. La troisi\u00e8me, c\u2019est celle de la mise \u00e0 mort par votre absence d\u2019int\u00e9r\u00eat g\u00e9n\u00e9ral\u2009\u00bb, a-t-il enfin ass\u00e9n\u00e9.<\/p>\n<p>Qui gagne quoi\u2026<\/p>\n<p class=\" wall-content\">Pascal Houbron a alors rappel\u00e9 qu\u2019il a toujours v\u00e9cu sa vie d\u2019\u00e9lu \u00ab\u2009avec une double fonction. Dans le monde de l\u2019entreprise, et celle d\u2019\u00e9lu, bas\u00e9e sur l\u2019int\u00e9grit\u00e9 et l\u2019int\u00e9r\u00eat g\u00e9n\u00e9ral. Je comprends bien que cette d\u00e9lib\u00e9ration est une forme de vengeance\u2009\u00bb, a accus\u00e9 le maire, rappelant que son ancienne premi\u00e8re adjointe, Nathalie Lecordier, \u00ab\u2009et d\u2019autres, ont, eux, cess\u00e9 de travailler, profitant de leurs indemnit\u00e9s. C\u2019est de l\u2019argent public\u2009\u00bb.<\/p>\n<p class=\" wall-content\">Xavier Hauguel a vu rouge, \u00e0 ce moment, fustigeant le maire\u2009: \u00ab\u2009Et vous, avec votre indemnit\u00e9 de maire, de la R\u00e9gion Normandie et de la M\u00e9tropole Rouen Normandie, sans compter vos indemnit\u00e9s de la S\u00e9curit\u00e9 sociale\u2009?\u2009\u00bb<\/p>\n<p class=\" wall-content\">Un propos qui n\u2019a en rien chang\u00e9 la position du maire, convaincu que cette demande de retrait des d\u00e9l\u00e9gations du maire traduit une vengeance. \u00ab\u2009Vous pensez que cela va me toucher, mais cela me renforce. Ce retrait des d\u00e9l\u00e9gations, moi qui voulais \u00eatre maire jusqu\u2019au bout du mandat, les habitants vont en p\u00e2tir. Mais, c\u2019est le triomphe du matador.\u2009\u00bb<\/p>\n<p>\u00ab\u2009Un maire isol\u00e9\u2009\u00bb<\/p>\n<p class=\" wall-content\">L\u2019intervention de Baptiste Boulland a permis au maire de conserver la gestion des r\u00e9gies et celle des concessions fun\u00e9raires (vot\u00e9 \u00e0 la majorit\u00e9 moins cinq voix).<\/p>\n<p class=\" wall-content\">Mais pour Bihorel en commun, s\u2019exprimant par la voix de l\u2019ancien adjoint \u00e0 l\u2019\u00e9ducation, \u00ab\u2009la situation a chang\u00e9. Cette majorit\u00e9 a vol\u00e9 en \u00e9clat. Vous ne b\u00e9n\u00e9ficiez plus du soutien que de 5 \u00e9lus sur 29. Dans ce nouveau contexte, nous consid\u00e9rons qu\u2019il est de notre responsabilit\u00e9 d\u2019agir pour garantir que la conduite des affaires municipales reste plac\u00e9e dans le respect de l\u2019int\u00e9r\u00eat g\u00e9n\u00e9ral. Un maire isol\u00e9, priv\u00e9 du soutien de sa majorit\u00e9, ne peut pas disposer d\u2019une marge de d\u00e9cisions qu\u2019il avait avec une \u00e9quipe soud\u00e9e\u2009\u00bb, a argument\u00e9 l\u2019\u00e9lu.\u00a0<\/p>\n<p class=\" wall-content\">Et de constater qu\u2019il s\u2019agit, ni plus ni moins, \u00ab\u2009de mettre en place un nouveau mode de contr\u00f4le d\u00e9mocratique, de reprendre la main et d\u2019\u00e9viter des d\u00e9cisions lourdes de cons\u00e9quences. Notre devoir est d\u2019assurer aux Bihorellaises et Bihorellais que la gestion de leur commune ne sera pas fragilis\u00e9e par une gouvernance isol\u00e9e et d\u00e9connect\u00e9e\u2009\u00bb.<\/p>\n<p>Nouveaux vestiaires au stade municipal<\/p>\n<p class=\" wall-content\">Une s\u00e9rie de d\u00e9lib\u00e9rations ont pu \u00eatre ensuite adopt\u00e9es, malgr\u00e9 le brouhaha ambiant. Parmi elles, l\u2019acquisition et l\u2019installation de nouveaux vestiaires pour le stade municipal, dans le cadre de la construction de la piste cyclable rue de Verdun (quatre voix contre)\u2009: \u00ab\u2009On a d\u00e9moli les anciens vestiaires tr\u00e8s \u00e9nergivores. Nous allons repenser le site Coubertin avant la fin 2025. Il faut une solution alternative pour les vestiaires. Il est n\u00e9cessaire de faire appel \u00e0 une soci\u00e9t\u00e9 sp\u00e9cialis\u00e9e de b\u00e2timents modulaires\u2009\u00bb, a expliqu\u00e9 Pascal Houbron.<\/p>\n<p class=\" wall-content\">Un march\u00e9 de 450\u2009000\u00a0euros, plus une tranche pour la mise aux normes thermiques, soit au total 554\u2009000\u00a0euros.<\/p>\n<p class=\" wall-content\">\u00ab\u2009L\u2019\u00e9quipement durera un certain nombre d\u2019ann\u00e9es. Nous avons choisi la soci\u00e9t\u00e9 Martin Calais de Bolbec pour l\u2019acquisition et l\u2019installation. Nous allons demander des subventions pour cette solution p\u00e9renne au D\u00e9partement de la Seine-Maritime et \u00e0 la M\u00e9tropole Rouen Normandie, car ce ne sont pas des pr\u00e9fabriqu\u00e9s. Ce sont des modulaires avec des mat\u00e9riaux qui vont durer. Nous avons r\u00e9pondu aux besoins du club de football\u2009\u00bb, a poursuivi le maire, qui annonce une livraison pour le printemps 2026.<\/p>\n<p>Suivez l\u2019actualit\u00e9 de Rouen sur <a href=\"https:\/\/www.whatsapp.com\/channel\/0029VaKfnf99hXF2ddApFB1D\" target=\"_blank\" rel=\"noopener\">notre cha\u00eene WhatsApp<\/a> et sur <a href=\"https:\/\/www.tiktok.com\/@76actu.fr?lang=fr\" target=\"_blank\" rel=\"noopener\">notre compte TikTok<\/a><\/p>\n<p class=\" wall-content\">Personnalisez votre actualit\u00e9 en ajoutant vos villes et m\u00e9dias en favori avec <a href=\"https:\/\/moncompte.actu.fr\" title=\"D\u00e9couvez Mon Actu\" rel=\"nofollow noopener\" data-trk=\"{&quot;cta&quot;:{&quot;action&quot;:&quot;https:\\\/\\\/moncompte.actu.fr&quot;,&quot;category&quot;:&quot;mon compte&quot;,&quot;from&quot;:&quot;article footer&quot;,&quot;name&quot;:&quot;Mon actu&quot;,&quot;type&quot;:&quot;cta&quot;}}\" target=\"_blank\">Mon Actu<\/a>.<\/p>\n<p>                    <script async src=\"\/\/www.tiktok.com\/embed.js\"><\/script><\/p>\n","protected":false},"excerpt":{"rendered":"Par Isabelle Villy Publi\u00e9 le 23 oct. 2025 \u00e0 17h21 Salle comble, jeudi 9 octobre 2025, \u00e0 la&hellip;\n","protected":false},"author":2,"featured_media":484858,"comment_status":"","ping_status":"","sticky":false,"template":"","format":"standard","meta":{"footnotes":""},"categories":[9587],"tags":[1111,11,1777,674,1011,27,3434,12,5161,316,25,9590],"class_list":{"0":"post-484857","1":"post","2":"type-post","3":"status-publish","4":"format-standard","5":"has-post-thumbnail","7":"category-rouen","8":"tag-actu","9":"tag-actualites","10":"tag-eu","11":"tag-europe","12":"tag-fr","13":"tag-france","14":"tag-municipales-2026","15":"tag-news","16":"tag-normandie","17":"tag-politique","18":"tag-republique-francaise","19":"tag-rouen"},"share_on_mastodon":{"url":"https:\/\/pubeurope.com\/@fr\/115424625034158342","error":""},"_links":{"self":[{"href":"https:\/\/www.europesays.com\/fr\/wp-json\/wp\/v2\/posts\/484857","targetHints":{"allow":["GET"]}}],"collection":[{"href":"https:\/\/www.europesays.com\/fr\/wp-json\/wp\/v2\/posts"}],"about":[{"href":"https:\/\/www.europesays.com\/fr\/wp-json\/wp\/v2\/types\/post"}],"author":[{"embeddable":true,"href":"https:\/\/www.europesays.com\/fr\/wp-json\/wp\/v2\/users\/2"}],"replies":[{"embeddable":true,"href":"https:\/\/www.europesays.com\/fr\/wp-json\/wp\/v2\/comments?post=484857"}],"version-history":[{"count":0,"href":"https:\/\/www.europesays.com\/fr\/wp-json\/wp\/v2\/posts\/484857\/revisions"}],"wp:featuredmedia":[{"embeddable":true,"href":"https:\/\/www.europesays.com\/fr\/wp-json\/wp\/v2\/media\/484858"}],"wp:attachment":[{"href":"https:\/\/www.europesays.com\/fr\/wp-json\/wp\/v2\/media?parent=484857"}],"wp:term":[{"taxonomy":"category","embeddable":true,"href":"https:\/\/www.europesays.com\/fr\/wp-json\/wp\/v2\/categories?post=484857"},{"taxonomy":"post_tag","embeddable":true,"href":"https:\/\/www.europesays.com\/fr\/wp-json\/wp\/v2\/tags?post=484857"}],"curies":[{"name":"wp","href":"https:\/\/api.w.org\/{rel}","templated":true}]}}