{"id":484859,"date":"2025-10-23T17:19:14","date_gmt":"2025-10-23T17:19:14","guid":{"rendered":"https:\/\/www.europesays.com\/fr\/484859\/"},"modified":"2025-10-23T17:19:14","modified_gmt":"2025-10-23T17:19:14","slug":"la-circulation-des-trains-restera-perturbee-ce-vendredi-en-normandie","status":"publish","type":"post","link":"https:\/\/www.europesays.com\/fr\/484859\/","title":{"rendered":"la circulation des trains restera perturb\u00e9e ce vendredi en Normandie"},"content":{"rendered":"<p>            Par<br \/>\n        <strong><br \/>\n            <a href=\"https:\/\/actu.fr\/auteur\/redaction-pressemanche\" title=\"Consulter tous les articles de R\u00e9daction La Presse de la Manche\" rel=\"nofollow noopener\" target=\"_blank\">R\u00e9daction La Presse de la Manche<\/a><br \/>\n        <\/strong><\/p>\n<p>        Publi\u00e9 le<\/p>\n<p>            23 oct. 2025 \u00e0 17h28        <\/p>\n<p>Face \u00e0 la<b> temp\u00eate Benjamin<\/b>, les <b>voyageurs <\/b>vont devoir s\u2019adapter. <a href=\"https:\/\/actu.fr\/meteo\/tempete-benjamin-la-circulation-des-trains-suspendue-jeudi-en-normandie_63338045.html\" rel=\"nofollow noopener\" target=\"_blank\">Alors que la quasi-totalit\u00e9<\/a> des <b>circulations <\/b>sont <b>suspendues <\/b>ce <b>jeudi 23\u00a0octobre 2025<\/b> en <b>Normandie<\/b>, <a href=\"https:\/\/actu.fr\/meteo\/tempete-benjamin-des-rafales-jusqua-135-km-h-dans-le-cotentin_63339176.html\" rel=\"nofollow noopener\" target=\"_blank\">la faute \u00e0<\/a> une <b>vigilance orange vent <\/b>et des <b>rafales <\/b>largement <b>sup\u00e9rieures \u00e0 100\u00a0km\/h<\/b>, plusieurs <b>incidents <\/b>ont \u00e9t\u00e9 recens\u00e9s par la <a href=\"https:\/\/actu.fr\/tag\/sncf\" rel=\"nofollow noopener\" target=\"_blank\">SNCF<\/a>.<\/p>\n<p class=\" wall-content\">Un arbre a par exemple pris feu du c\u00f4t\u00e9 de Serquigny, des branches ont \u00e9t\u00e9 retrouv\u00e9es sur la cat\u00e9naire vers Br\u00e9aut\u00e9, Carentan et Villedieu-les-Po\u00eales, et une <b>panne d\u2019alimentation \u00e9lectrique<\/b> a \u00e9t\u00e9 signal\u00e9e pr\u00e8s du\u00a0Havre. Les trajets ferroviaires resteront ainsi particuli\u00e8rement perturb\u00e9s vendredi. \u00ab\u2009La reprise des circulations se fera tr\u00e8s progressivement sur l\u2019ensemble du r\u00e9seau Nomad en priorisant les trains entre <a href=\"https:\/\/actu.fr\/paris\/\" rel=\"nofollow noopener\" target=\"_blank\">Paris<\/a> et la <b>Normandie<\/b>.\u2009\u00bb<\/p>\n<p>Les trains de reconnaissance attendus<\/p>\n<p class=\" wall-content\">D\u2019ores et d\u00e9j\u00e0, des <b>suppressions de trains<\/b> sont pr\u00e9vues sur les lignes Rouen \u2013 Dieppe, Rouen \u2013 Amiens \u2013 Lille, Caen \u2013 Coutances \u2013 Granville \u2013 Rennes, et Caen \u2013 Alen\u00e7on \u2013 Le Mans.\u00a0 \u00ab D\u2019autres suppressions ou retards sont susceptibles d\u2019\u00eatre annonc\u00e9s pour demain, en fonction des r\u00e9sultats des reconnaissances et des \u00e9ventuels travaux \u00e0 r\u00e9aliser. \u00bb<\/p>\n<p class=\" wall-content\">Il faudra en effet attendre 20\u00a0heures jeudi pour voir les premiers trains de <b>reconnaissance <\/b>circuler jusqu\u2019\u00e0 vendredi, passage oblig\u00e9 avant une reprise des circulations en <b>toute s\u00e9curit\u00e9<\/b>.<\/p>\n<p class=\" wall-content\">\u00ab\u2009En cas de pr\u00e9sence <b>d\u2019arbres <\/b>et de <b>branches<\/b>, les \u00e9quipes de b\u00fbcherons de SNCF Reseau pr\u00e9sentes \u00e0 bord de ces trains auront pour mission de <b>d\u00e9gager les voies<\/b>.\u2009\u00bb<\/p>\n<p class=\" wall-content\">\n<p class=\" wall-content\">Dans ce contexte, les usagers sont invit\u00e9s \u00e0 reporter leur voyage, \u00e0 v\u00e9rifier les horaires des trains sur le site <a href=\"https:\/\/www.ter.sncf.com\/normandie?&amp;&amp;&amp;&amp;gclsrc=aw.ds&amp;gad_source=1&amp;gad_campaignid=20901856051&amp;gbraid=0AAAAADKDLjZxGIgZgZ0pq-RHMCuwW2Xdh&amp;gclid=CjwKCAjwpOfHBhAxEiwAm1SwEl7suTB_-8TvloPAFlWUZlHFO_2jCJ60xKdcw4FJDVlW_AttiyvPnRoCwdEQAvD_BwE\" rel=\"nofollow noopener\" target=\"_blank\">SNCF Nomad train<\/a>, SNCF Connect ou toute autre <b>application de mobilit\u00e9<\/b>.<\/p>\n<p class=\" wall-content\">Personnalisez votre actualit\u00e9 en ajoutant vos villes et m\u00e9dias en favori avec <a href=\"https:\/\/moncompte.actu.fr\" title=\"D\u00e9couvez Mon Actu\" rel=\"nofollow noopener\" data-trk=\"{&quot;cta&quot;:{&quot;action&quot;:&quot;https:\\\/\\\/moncompte.actu.fr&quot;,&quot;category&quot;:&quot;mon compte&quot;,&quot;from&quot;:&quot;article footer&quot;,&quot;name&quot;:&quot;Mon actu&quot;,&quot;type&quot;:&quot;cta&quot;}}\" target=\"_blank\">Mon Actu<\/a>.<\/p>\n","protected":false},"excerpt":{"rendered":"Par R\u00e9daction La Presse de la Manche Publi\u00e9 le 23 oct. 2025 \u00e0 17h28 Face \u00e0 la temp\u00eate&hellip;\n","protected":false},"author":2,"featured_media":484860,"comment_status":"","ping_status":"","sticky":false,"template":"","format":"standard","meta":{"footnotes":""},"categories":[9587],"tags":[1111,11,3168,1777,674,1011,27,2487,2357,12,5161,25,9590,2215],"class_list":{"0":"post-484859","1":"post","2":"type-post","3":"status-publish","4":"format-standard","5":"has-post-thumbnail","7":"category-rouen","8":"tag-actu","9":"tag-actualites","10":"tag-cotentin","11":"tag-eu","12":"tag-europe","13":"tag-fr","14":"tag-france","15":"tag-meteo","16":"tag-meteo-france","17":"tag-news","18":"tag-normandie","19":"tag-republique-francaise","20":"tag-rouen","21":"tag-sncf"},"share_on_mastodon":{"url":"https:\/\/pubeurope.com\/@fr\/115424628951228396","error":""},"_links":{"self":[{"href":"https:\/\/www.europesays.com\/fr\/wp-json\/wp\/v2\/posts\/484859","targetHints":{"allow":["GET"]}}],"collection":[{"href":"https:\/\/www.europesays.com\/fr\/wp-json\/wp\/v2\/posts"}],"about":[{"href":"https:\/\/www.europesays.com\/fr\/wp-json\/wp\/v2\/types\/post"}],"author":[{"embeddable":true,"href":"https:\/\/www.europesays.com\/fr\/wp-json\/wp\/v2\/users\/2"}],"replies":[{"embeddable":true,"href":"https:\/\/www.europesays.com\/fr\/wp-json\/wp\/v2\/comments?post=484859"}],"version-history":[{"count":0,"href":"https:\/\/www.europesays.com\/fr\/wp-json\/wp\/v2\/posts\/484859\/revisions"}],"wp:featuredmedia":[{"embeddable":true,"href":"https:\/\/www.europesays.com\/fr\/wp-json\/wp\/v2\/media\/484860"}],"wp:attachment":[{"href":"https:\/\/www.europesays.com\/fr\/wp-json\/wp\/v2\/media?parent=484859"}],"wp:term":[{"taxonomy":"category","embeddable":true,"href":"https:\/\/www.europesays.com\/fr\/wp-json\/wp\/v2\/categories?post=484859"},{"taxonomy":"post_tag","embeddable":true,"href":"https:\/\/www.europesays.com\/fr\/wp-json\/wp\/v2\/tags?post=484859"}],"curies":[{"name":"wp","href":"https:\/\/api.w.org\/{rel}","templated":true}]}}