{"id":484861,"date":"2025-10-23T17:20:34","date_gmt":"2025-10-23T17:20:34","guid":{"rendered":"https:\/\/www.europesays.com\/fr\/484861\/"},"modified":"2025-10-23T17:20:34","modified_gmt":"2025-10-23T17:20:34","slug":"une-trentaine-de-personnes-mobilisees-contre-la-presence-dentreprises-de-larmement","status":"publish","type":"post","link":"https:\/\/www.europesays.com\/fr\/484861\/","title":{"rendered":"une trentaine de personnes mobilis\u00e9es contre la pr\u00e9sence d\u2019entreprises de l\u2019armement"},"content":{"rendered":"<p>Ce jeudi 23 octobre au matin, une trentaine de personnes s\u2019est rassembl\u00e9e devant la CCI de Grenoble, o\u00f9 se tient le forum des entreprises de Phelma (\u00e9cole d\u2019ing\u00e9nieurs du groupe Grenoble INP-UGA).<\/p>\n<p>\u00c0 l\u2019appel du collectif Siag (\u00ab Stop \u00e0 un INP qui alimente les guerres \u00bb), les manifestants d\u00e9noncent la pr\u00e9sence de groupes li\u00e9s, selon eux, \u00e0 l\u2019industrie de l\u2019armement et \u00e0 des partenariats militaires.<\/p>\n<p>Dans des tracts diffus\u00e9s sur les r\u00e9seaux sociaux et sur le campus, le collectif cite notamment Thales, MBDA, Airbus, STMicroelectronics ou encore Lynred, accusant ces entreprises de \u00ab complicit\u00e9 avec des guerres et des g\u00e9nocides \u00bb.<\/p>\n<p>Le rassemblement interpelle les \u00e9tudiants et l\u2019\u00e9cole sur la nature de ces partenariats. Les manifestants r\u00e9clament que Grenoble INP rompe ses liens avec les soci\u00e9t\u00e9s \u00ab impliqu\u00e9es dans la production d\u2019armes \u00bb. \u00c0 l\u2019int\u00e9rieur du World Trade Center, le forum, lui, s\u2019est ouvert normalement.<\/p>\n","protected":false},"excerpt":{"rendered":"Ce jeudi 23 octobre au matin, une trentaine de personnes s\u2019est rassembl\u00e9e devant la CCI de Grenoble, o\u00f9&hellip;\n","protected":false},"author":2,"featured_media":484862,"comment_status":"","ping_status":"","sticky":false,"template":"","format":"standard","meta":{"footnotes":""},"categories":[9566],"tags":[1111,11,2430,3206,112,1777,674,1011,27,2731,693,108,12,25,104],"class_list":{"0":"post-484861","1":"post","2":"type-post","3":"status-publish","4":"format-standard","5":"has-post-thumbnail","7":"category-grenoble","8":"tag-actu","9":"tag-actualites","10":"tag-auvergne-rhone-alpes","11":"tag-defense-guerre-conflit","12":"tag-edition-grenoble-agglomeration","13":"tag-eu","14":"tag-europe","15":"tag-fr","16":"tag-france","17":"tag-grenoble","18":"tag-industrie","19":"tag-isere","20":"tag-news","21":"tag-republique-francaise","22":"tag-societe"},"share_on_mastodon":{"url":"https:\/\/pubeurope.com\/@fr\/115424632756782093","error":""},"_links":{"self":[{"href":"https:\/\/www.europesays.com\/fr\/wp-json\/wp\/v2\/posts\/484861","targetHints":{"allow":["GET"]}}],"collection":[{"href":"https:\/\/www.europesays.com\/fr\/wp-json\/wp\/v2\/posts"}],"about":[{"href":"https:\/\/www.europesays.com\/fr\/wp-json\/wp\/v2\/types\/post"}],"author":[{"embeddable":true,"href":"https:\/\/www.europesays.com\/fr\/wp-json\/wp\/v2\/users\/2"}],"replies":[{"embeddable":true,"href":"https:\/\/www.europesays.com\/fr\/wp-json\/wp\/v2\/comments?post=484861"}],"version-history":[{"count":0,"href":"https:\/\/www.europesays.com\/fr\/wp-json\/wp\/v2\/posts\/484861\/revisions"}],"wp:featuredmedia":[{"embeddable":true,"href":"https:\/\/www.europesays.com\/fr\/wp-json\/wp\/v2\/media\/484862"}],"wp:attachment":[{"href":"https:\/\/www.europesays.com\/fr\/wp-json\/wp\/v2\/media?parent=484861"}],"wp:term":[{"taxonomy":"category","embeddable":true,"href":"https:\/\/www.europesays.com\/fr\/wp-json\/wp\/v2\/categories?post=484861"},{"taxonomy":"post_tag","embeddable":true,"href":"https:\/\/www.europesays.com\/fr\/wp-json\/wp\/v2\/tags?post=484861"}],"curies":[{"name":"wp","href":"https:\/\/api.w.org\/{rel}","templated":true}]}}