{"id":484867,"date":"2025-10-23T17:25:11","date_gmt":"2025-10-23T17:25:11","guid":{"rendered":"https:\/\/www.europesays.com\/fr\/484867\/"},"modified":"2025-10-23T17:25:11","modified_gmt":"2025-10-23T17:25:11","slug":"strasbourg-trop-dincivilites-les-pietons-reclament-davantage-de-controles","status":"publish","type":"post","link":"https:\/\/www.europesays.com\/fr\/484867\/","title":{"rendered":"Strasbourg. Trop d\u2019incivilit\u00e9s, les pi\u00e9tons r\u00e9clament davantage de contr\u00f4les"},"content":{"rendered":"<p>Alors qu\u2019elle avance doucement \u00e0 l\u2019aide de son chariot \u00e0 roulettes, rue du Foss\u00e9-des-Tanneurs, Andr\u00e9e est oblig\u00e9e de contourner un grand v\u00e9hicule gar\u00e9 sur le trottoir. Pour ce faire, elle quitte cet espace r\u00e9serv\u00e9 aux pi\u00e9tons et emprunte la chauss\u00e9e, imit\u00e9e dans la foul\u00e9e par une personne en fauteuil roulant et par une femme tra\u00eenant son chariot de courses. Le pi\u00e9ton est-il trop souvent \u201cl\u2019oubli\u00e9\u201d de l\u2019espace urbain, comme le sugg\u00e8re ce cas de figure\u00a0?<\/p>\n<p>\u00c0 en croire Gilles Huguet et \u00c9ric Portrait, respectivement vice-pr\u00e9sident et membre de <a href=\"https:\/\/www.dna.fr\/societe\/2025\/08\/02\/des-difficultes-a-marcher-dans-les-aires-pietonnes\" target=\"_blank\" rel=\"nofollow noopener\">l\u2019association Pi\u00e9tons 67<\/a> , cela ne fait pas de doute\u00a0: nombre d\u2019entraves mettent \u00e0 mal la circulation \u00e0 pied dans diff\u00e9rents quartiers de Strasbourg, et ce malgr\u00e9 les efforts des pouvoirs&#8230;<\/p>\n","protected":false},"excerpt":{"rendered":"Alors qu\u2019elle avance doucement \u00e0 l\u2019aide de son chariot \u00e0 roulettes, rue du Foss\u00e9-des-Tanneurs, Andr\u00e9e est oblig\u00e9e de&hellip;\n","protected":false},"author":2,"featured_media":484868,"comment_status":"","ping_status":"","sticky":false,"template":"","format":"standard","meta":{"footnotes":""},"categories":[2820],"tags":[1111,11,3542,2880,1777,674,107,1011,27,775,12,25,104,640,2879,2803,1631],"class_list":{"0":"post-484867","1":"post","2":"type-post","3":"status-publish","4":"format-standard","5":"has-post-thumbnail","7":"category-strasbourg","8":"tag-actu","9":"tag-actualites","10":"tag-circulation","11":"tag-edition-strasbourg","12":"tag-eu","13":"tag-europe","14":"tag-fil-info","15":"tag-fr","16":"tag-france","17":"tag-grand-est","18":"tag-news","19":"tag-republique-francaise","20":"tag-societe","21":"tag-strasbourg","22":"tag-strasbourg-ville","23":"tag-transport","24":"tag-vie-associative"},"share_on_mastodon":{"url":"https:\/\/pubeurope.com\/@fr\/115424652488795849","error":""},"_links":{"self":[{"href":"https:\/\/www.europesays.com\/fr\/wp-json\/wp\/v2\/posts\/484867","targetHints":{"allow":["GET"]}}],"collection":[{"href":"https:\/\/www.europesays.com\/fr\/wp-json\/wp\/v2\/posts"}],"about":[{"href":"https:\/\/www.europesays.com\/fr\/wp-json\/wp\/v2\/types\/post"}],"author":[{"embeddable":true,"href":"https:\/\/www.europesays.com\/fr\/wp-json\/wp\/v2\/users\/2"}],"replies":[{"embeddable":true,"href":"https:\/\/www.europesays.com\/fr\/wp-json\/wp\/v2\/comments?post=484867"}],"version-history":[{"count":0,"href":"https:\/\/www.europesays.com\/fr\/wp-json\/wp\/v2\/posts\/484867\/revisions"}],"wp:featuredmedia":[{"embeddable":true,"href":"https:\/\/www.europesays.com\/fr\/wp-json\/wp\/v2\/media\/484868"}],"wp:attachment":[{"href":"https:\/\/www.europesays.com\/fr\/wp-json\/wp\/v2\/media?parent=484867"}],"wp:term":[{"taxonomy":"category","embeddable":true,"href":"https:\/\/www.europesays.com\/fr\/wp-json\/wp\/v2\/categories?post=484867"},{"taxonomy":"post_tag","embeddable":true,"href":"https:\/\/www.europesays.com\/fr\/wp-json\/wp\/v2\/tags?post=484867"}],"curies":[{"name":"wp","href":"https:\/\/api.w.org\/{rel}","templated":true}]}}