{"id":484877,"date":"2025-10-23T17:30:29","date_gmt":"2025-10-23T17:30:29","guid":{"rendered":"https:\/\/www.europesays.com\/fr\/484877\/"},"modified":"2025-10-23T17:30:29","modified_gmt":"2025-10-23T17:30:29","slug":"jusqua-1h40-de-retard-au-minimum-angers-info","status":"publish","type":"post","link":"https:\/\/www.europesays.com\/fr\/484877\/","title":{"rendered":"jusqu\u2019\u00e0 1h40 de retard au minimum \u2013 Angers Info"},"content":{"rendered":"<p><img fetchpriority=\"high\" decoding=\"async\" width=\"1024\" height=\"753\" src=\"https:\/\/www.europesays.com\/fr\/wp-content\/uploads\/2025\/10\/190926ter_aleop07-1024x753.jpg\" alt=\"\" class=\"wp-image-90085\"\/>Cr\u00e9dit Angers Info \u2013 Trafic ferroviaire tr\u00e8s perturb\u00e9 entre Nantes et Angers : jusqu\u2019\u00e0 1h40 de retard au minimum<\/p>\n<p><strong>Le trafic des trains reste fortement perturb\u00e9 ce jeudi entre Nantes et Angers, dans les deux sens de circulation, \u00e0 la suite d\u2019une panne \u00e9lectrique survenue \u00e0 Champtoc\u00e9 en fin d\u2019apr\u00e8s-midi. L\u2019intervention des \u00e9quipes techniques de la SNCF est toujours en cours, et le retour \u00e0 la normale n\u2019est pas attendu avant 22h.<\/strong><\/p>\n<p>En gare d\u2019Angers Saint-Laud, un TER au d\u00e9part de Nantes et \u00e0 destination de Tours affiche un retard de 1h40, selon les \u00e9crans d\u2019information. Plusieurs TGV sont \u00e9galement en difficult\u00e9, notamment au d\u00e9part de Nantes et de Paris-Montparnasse, o\u00f9 des retards et suppressions sont signal\u00e9s.<\/p>\n<p>La SNCF invite les voyageurs \u00e0 v\u00e9rifier l\u2019\u00e9tat de leur train sur l\u2019application SNCF Connect avant de se rendre en gare. Les \u00e9quipes sur place assurent un accompagnement des passagers et tentent de proposer des solutions de r\u00e9acheminement lorsque cela est possible.<\/p>\n<p>La portion entre Nantes et Angers, particuli\u00e8rement fr\u00e9quent\u00e9e aux heures de pointe, reste donc sous tension en cette fin de journ\u00e9e.<\/p>\n","protected":false},"excerpt":{"rendered":"Cr\u00e9dit Angers Info \u2013 Trafic ferroviaire tr\u00e8s perturb\u00e9 entre Nantes et Angers : jusqu\u2019\u00e0 1h40 de retard au&hellip;\n","protected":false},"author":2,"featured_media":484878,"comment_status":"","ping_status":"","sticky":false,"template":"","format":"standard","meta":{"footnotes":""},"categories":[2818],"tags":[1111,11,1777,674,1011,27,766,12,2636,25,2214,2803],"class_list":{"0":"post-484877","1":"post","2":"type-post","3":"status-publish","4":"format-standard","5":"has-post-thumbnail","7":"category-nantes","8":"tag-actu","9":"tag-actualites","10":"tag-eu","11":"tag-europe","12":"tag-fr","13":"tag-france","14":"tag-nantes","15":"tag-news","16":"tag-pays-de-la-loire","17":"tag-republique-francaise","18":"tag-tgv","19":"tag-transport"},"share_on_mastodon":{"url":"https:\/\/pubeurope.com\/@fr\/115424672792790335","error":""},"_links":{"self":[{"href":"https:\/\/www.europesays.com\/fr\/wp-json\/wp\/v2\/posts\/484877","targetHints":{"allow":["GET"]}}],"collection":[{"href":"https:\/\/www.europesays.com\/fr\/wp-json\/wp\/v2\/posts"}],"about":[{"href":"https:\/\/www.europesays.com\/fr\/wp-json\/wp\/v2\/types\/post"}],"author":[{"embeddable":true,"href":"https:\/\/www.europesays.com\/fr\/wp-json\/wp\/v2\/users\/2"}],"replies":[{"embeddable":true,"href":"https:\/\/www.europesays.com\/fr\/wp-json\/wp\/v2\/comments?post=484877"}],"version-history":[{"count":0,"href":"https:\/\/www.europesays.com\/fr\/wp-json\/wp\/v2\/posts\/484877\/revisions"}],"wp:featuredmedia":[{"embeddable":true,"href":"https:\/\/www.europesays.com\/fr\/wp-json\/wp\/v2\/media\/484878"}],"wp:attachment":[{"href":"https:\/\/www.europesays.com\/fr\/wp-json\/wp\/v2\/media?parent=484877"}],"wp:term":[{"taxonomy":"category","embeddable":true,"href":"https:\/\/www.europesays.com\/fr\/wp-json\/wp\/v2\/categories?post=484877"},{"taxonomy":"post_tag","embeddable":true,"href":"https:\/\/www.europesays.com\/fr\/wp-json\/wp\/v2\/tags?post=484877"}],"curies":[{"name":"wp","href":"https:\/\/api.w.org\/{rel}","templated":true}]}}