{"id":484887,"date":"2025-10-23T17:35:12","date_gmt":"2025-10-23T17:35:12","guid":{"rendered":"https:\/\/www.europesays.com\/fr\/484887\/"},"modified":"2025-10-23T17:35:12","modified_gmt":"2025-10-23T17:35:12","slug":"lille-lhomme-quellie-a-affiche-sur-tiktok-en-train-de-se-masturber-pres-de-son-ecole-a-ete-juge","status":"publish","type":"post","link":"https:\/\/www.europesays.com\/fr\/484887\/","title":{"rendered":"Lille. L&rsquo;homme qu&rsquo;Ellie a affich\u00e9 sur TikTok en train de se masturber pr\u00e8s de son \u00e9cole a \u00e9t\u00e9 jug\u00e9"},"content":{"rendered":"<p>            Par<br \/>\n        <strong><br \/>\n            <a href=\"https:\/\/actu.fr\/auteur\/margot-nicodeme\" title=\"Consulter tous les articles de Margot Nicod\u00e8me\" target=\"_blank\" rel=\"noopener\">Margot Nicod\u00e8me<\/a><br \/>\n        <\/strong><\/p>\n<p>        Publi\u00e9 le<\/p>\n<p>            23 oct. 2025 \u00e0 18h36        <\/p>\n<p>Les adeptes de <a href=\"https:\/\/actu.fr\/tag\/tiktok\" target=\"_blank\" rel=\"noopener\">TikTok<\/a> ne sont pas pass\u00e9s \u00e0 c\u00f4t\u00e9 <a href=\"https:\/\/www.tiktok.com\/@elliegenvo\/video\/7560752448369872150\" target=\"_blank\" rel=\"noopener\">de la vid\u00e9o d\u2019Ellie<\/a>, qui a affich\u00e9<b> l\u2019homme qui vient r\u00e9guli\u00e8rement se masturber<\/b> \u00e0 c\u00f4t\u00e9 de son \u00e9cole, \u00e0 <a href=\"https:\/\/actu.fr\/hauts-de-france\/lille_59350\" target=\"_blank\" rel=\"noopener\">Lille<\/a> (Nord). <b>Des ann\u00e9es d\u2019agissements impunis<\/b>, jusqu\u2019\u00e0 ce que la d\u00e9nonciation publique de la jeune femme de 21 ans ne devienne virale, le 14 octobre dernier. Plus de 5 millions de vues plus tard, le maire de Lille Arnaud Deslandes <a href=\"https:\/\/actu.fr\/hauts-de-france\/lille_59350\/il-se-masturbe-impunement-pres-dune-ecole-a-lille-la-video-dellie-devient-virale-le-maire-reagit_63324305.html\" target=\"_blank\" rel=\"noopener\">annon\u00e7ait des mesures pour s\u00e9curiser le pont<\/a> sur lequel l\u2019individu se livrait \u00e0 ses d\u00e9lits. Et \u00e7a n\u2019en est pas rest\u00e9 l\u00e0 : Ellie a \u00e9t\u00e9 convoqu\u00e9e au tribunal de Lille, le 17 octobre, pour faire face \u00e0 cet exhibitionniste de 33 ans. <b>La justice l\u2019a condamn\u00e9 \u00e0 une peine de prison avec sursis<\/b>, mais des \u00e9tudiantes sont certaines de l\u2019avoir d\u00e9j\u00e0 vu roder \u00e0 nouveau dans les parages de l\u2019\u00e9cole.<\/p>\n<p>Elle d\u00e9nonce l\u2019exhibitionniste r\u00e9cidiviste sur TikTok : Ellie lui fait face au tribunal de Lille<\/p>\n<p class=\" wall-content\">Ellie a voulu pr\u00e9venir sa communaut\u00e9, et plus largement tous ceux qui ont vu sa premi\u00e8re vid\u00e9o. Le 20 octobre, <b>elle publiait la suite de l\u2019affaire qu\u2019elle avait port\u00e9e au grand jour <\/b>: \u00ab\u00a0Seulement 4 jours apr\u00e8s [\u2026], j\u2019ai \u00e9t\u00e9 appel\u00e9e par le tribunal pour t\u00e9moigner. Cet homme \u00e9tait l\u00e0, c\u2019\u00e9tait bien lui, il \u00e9tait juste devant moi\u00a0\u00bb, raconte-t-elle dans <a href=\"https:\/\/www.tiktok.com\/@elliegenvo\/video\/7562950167180250391\" target=\"_blank\" rel=\"noopener\">une seconde vid\u00e9o TikTok<\/a>. Ellie revient sur cette acc\u00e9l\u00e9ration inattendue de la proc\u00e9dure.<\/p>\n<p class=\" wall-content\">\u00ab\u00a0J\u2019ai \u00e9t\u00e9 appel\u00e9e vendredi \u00e0 12h par le tribunal. On m\u2019a demand\u00e9 si je pouvais y \u00eatre \u00e0 15h, je travaillais, mais me suis lib\u00e9r\u00e9e.\u00a0\u00bb L\u2019\u00e9tudiante se rend seule sur place, alors que sa camarade, victime de l\u2019exhibitionniste d\u00e9but octobre, ne peut \u00eatre pr\u00e9sente. Ellie et son amie, qui se sont constitu\u00e9es parties civiles, sont d\u00e9fendues par une avocate. <b>En face, le pr\u00e9venu de 33 ans, retrouv\u00e9 et interpell\u00e9 entre temps<\/b>. Lui aussi a son avocate.\u00a0<\/p>\n<blockquote class=\"tiktok-embed\" cite=\"https:\/\/www.tiktok.com\/@elliegenvo\/video\/7562950167180250391\" data-video-id=\"7562950167180250391\" data-embed-from=\"oembed\" style=\"max-width:605px; min-width:325px;\"><p>\n<a target=\"_blank\" title=\"@elliegenvo\" href=\"https:\/\/www.tiktok.com\/@elliegenvo?refer=embed\" rel=\"noopener\">@elliegenvo<\/a> <\/p>\n<p>R\u00e9ponse \u00e0 @elliegenvo Il a \u00e9t\u00e9 condamn\u00e9. Mais il est toujours dehors. Ma premi\u00e8re vid\u00e9o a fait bouger les choses, mais il reste encore tellement \u00e0 faire. Pour moi, pour toutes les femmes, pour celles et ceux qui ont peur \ud83e\udd0d\ud83e\udec2 <a title=\"lille\" target=\"_blank\" href=\"https:\/\/www.tiktok.com\/tag\/lille?refer=embed\" rel=\"noopener\">#lille<\/a> <\/p>\n<p> <a target=\"_blank\" title=\"\u266c son original - elliegenvo\" href=\"https:\/\/www.tiktok.com\/music\/son-original-7562950175892392726?refer=embed\" rel=\"noopener\">\u266c son original \u2013 elliegenvo<\/a> <\/p>\n<\/blockquote>\n<p class=\" wall-content\">Il a reconnu les faits qui lui sont reproch\u00e9s, \u00e0 savoir ses nombreuses sessions de masturbation en public, toujours au m\u00eame endroit, sur le pont de Douai. Pour ces d\u00e9lits \u00e0 r\u00e9p\u00e9tition,<b> il est vis\u00e9 par \u00ab\u00a0au moins 7 plaintes, rien que dans mon \u00e9cole\u00a0\u00bb<\/b>, pr\u00e9cise Ellie. L\u2019audience, sans public, lui a permis de d\u00e9couvrir que le trentenaire avait d\u00e9j\u00e0 \u00e9t\u00e9 condamn\u00e9 par le pass\u00e9.<\/p>\n<p class=\" wall-content\">Mis \u00e0 part ses aveux \u00e0 la barre, \u00ab\u00a0il n\u2019a absolument rien dit\u00a0\u00bb. Il a imm\u00e9diatement \u00e9t\u00e9 condamn\u00e9 \u00e0<b> 12 mois d\u2019emprisonnement, assorti d\u2019un sursis probatoire de 24 mois<\/b>, et a pu repartir libre du palais de justice.\u00a0<\/p>\n<p>Votre r\u00e9gion, votre actu !<\/p>\n<p>Recevez chaque jour les infos qui comptent pour vous.<\/p>\n<p>\t<a href=\"https:\/\/actu.fr\/newsletter\" class=\"ac-btn ac-btn--corner ac-btn--medium ac-btn--blue800\" target=\"_blank\" rel=\"noopener\">S&rsquo;incrire<\/a><br \/>\nInscrit au fichier des d\u00e9linquants sexuels<\/p>\n<p class=\" wall-content\">Sollicit\u00e9 \u00e0 propos de cette affaire, le parquet de Lille pr\u00e9cise que<b> deux plaintes avaient \u00e9t\u00e9 d\u00e9pos\u00e9es \u00e0 l\u2019encontre de cet individu<\/b> : la premi\u00e8re le 13 mai 2024 et la seconde le 7 octobre 2025. Film\u00e9 par une victime, il a ainsi pu \u00eatre identifi\u00e9.<\/p>\n<p class=\" wall-content\">Interpell\u00e9 et plac\u00e9 en garde \u00e0 vue le 16 octobre, il a \u00e9t\u00e9 d\u00e9f\u00e9r\u00e9 vendredi 17 octobre en audience de comparution sur reconnaissance pr\u00e9alable de culpabilit\u00e9 (il a reconnu les faits lors d\u2019un entretien avec un magistrat du parquet).<\/p>\n<p class=\" wall-content\">En plus de sa peine et de diverses obligations (soins, travail et formation notamment), il a interdiction d\u2019entrer en relation avec les victimes et obligation de les<b> indemniser, Ellie et sa camarade, \u00e0 hauteur de 300 \u20ac<\/b>. L\u2019homme est \u00e9galement<b> inscrit au fichier des d\u00e9linquants sexuels.<\/b><\/p>\n<p>Condamn\u00e9 \u00e0 de la prison avec sursis et d\u00e9j\u00e0 de retour sur le pont de Douai ?<\/p>\n<p class=\" wall-content\">Pour Ellie, qui n\u2019avait demand\u00e9 aucun dommage et int\u00e9r\u00eat, c\u2019est une victoire de le voir reconnu coupable. Cependant, la question se pose d\u00e9j\u00e0 de la \u00ab\u00a0le\u00e7on\u00a0\u00bb que l\u2019homme tire de sa condamnation, puisqu\u2019<b>il serait d\u00e9j\u00e0 revenu sur le secteur.<\/b><\/p>\n<p class=\" wall-content\">En effet, il aurait \u00e9t\u00e9 aper\u00e7u par deux \u00e9tudiantes lundi 20 octobre en fin d\u2019apr\u00e8s-midi non plus sur le pont de Douai, mais tout pr\u00e8s. Il s\u2019adonnait toujours \u00e0 des actes de masturbation,<b> selon les t\u00e9moins, qui ont \u00e9t\u00e9 en contact avec Ellie et la direction de l\u2019\u00e9cole<\/b>. Les deux jeunes femmes ont l\u2019intention de porter plainte cette semaine. Ellie pr\u00e9cise le 23 octobre qu\u2019elle a eu vent de trois nouvelles plaintes depuis vendredi, \u00ab\u00a0dont deux concernant le m\u00eame homme.\u00a0\u00bb<\/p>\n<p class=\" wall-content\">Le parquet pr\u00e9cise qu\u2019 \u00ab\u00a0en cas de violation d\u2019une ou plusieurs des obligations et interdictions [\u00e9tablies lors du jugement, NDLR], le juge de l\u2019application des peines a la possibilit\u00e9 de faire \u00e9crouer la personne et in fine de r\u00e9voquer tout ou partie de l\u2019emprisonnement assorti du sursis probatoire.\u00a0\u00bb<\/p>\n<p class=\" wall-content\">De son c\u00f4t\u00e9, Ellie ne d\u00e9sesp\u00e8re pas. Elle a bien remarqu\u00e9 les voitures de la police municipale en patrouille dans le secteur, mardi apr\u00e8s-midi. Mais elle sait aussi que l\u2019homme, d\u2019environ 1m75 et plut\u00f4t ch\u00e9tif, peut redoubler d\u2019efforts pour habilement \u00e9chapper \u00e0 la vigilance g\u00e9n\u00e9rale. La prudence reste de mise.<\/p>\n<p class=\" wall-content\">Personnalisez votre actualit\u00e9 en ajoutant vos villes et m\u00e9dias en favori avec <a href=\"https:\/\/moncompte.actu.fr\" title=\"D\u00e9couvez Mon Actu\" rel=\"nofollow noopener\" data-trk=\"{&quot;cta&quot;:{&quot;action&quot;:&quot;https:\\\/\\\/moncompte.actu.fr&quot;,&quot;category&quot;:&quot;mon compte&quot;,&quot;from&quot;:&quot;article footer&quot;,&quot;name&quot;:&quot;Mon actu&quot;,&quot;type&quot;:&quot;cta&quot;}}\" target=\"_blank\">Mon Actu<\/a>.<\/p>\n<p>                    <script async src=\"\/\/www.tiktok.com\/embed.js\"><\/script><\/p>\n","protected":false},"excerpt":{"rendered":"Par Margot Nicod\u00e8me Publi\u00e9 le 23 oct. 2025 \u00e0 18h36 Les adeptes de TikTok ne sont pas pass\u00e9s&hellip;\n","protected":false},"author":2,"featured_media":484888,"comment_status":"","ping_status":"","sticky":false,"template":"","format":"standard","meta":{"footnotes":""},"categories":[2815],"tags":[1111,11,1064,1777,674,1011,27,811,1307,12,25,104,799],"class_list":{"0":"post-484887","1":"post","2":"type-post","3":"status-publish","4":"format-standard","5":"has-post-thumbnail","7":"category-lille","8":"tag-actu","9":"tag-actualites","10":"tag-etudiantses","11":"tag-eu","12":"tag-europe","13":"tag-fr","14":"tag-france","15":"tag-hauts-de-france","16":"tag-lille","17":"tag-news","18":"tag-republique-francaise","19":"tag-societe","20":"tag-violences-sexuelles"},"share_on_mastodon":{"url":"","error":""},"_links":{"self":[{"href":"https:\/\/www.europesays.com\/fr\/wp-json\/wp\/v2\/posts\/484887","targetHints":{"allow":["GET"]}}],"collection":[{"href":"https:\/\/www.europesays.com\/fr\/wp-json\/wp\/v2\/posts"}],"about":[{"href":"https:\/\/www.europesays.com\/fr\/wp-json\/wp\/v2\/types\/post"}],"author":[{"embeddable":true,"href":"https:\/\/www.europesays.com\/fr\/wp-json\/wp\/v2\/users\/2"}],"replies":[{"embeddable":true,"href":"https:\/\/www.europesays.com\/fr\/wp-json\/wp\/v2\/comments?post=484887"}],"version-history":[{"count":0,"href":"https:\/\/www.europesays.com\/fr\/wp-json\/wp\/v2\/posts\/484887\/revisions"}],"wp:featuredmedia":[{"embeddable":true,"href":"https:\/\/www.europesays.com\/fr\/wp-json\/wp\/v2\/media\/484888"}],"wp:attachment":[{"href":"https:\/\/www.europesays.com\/fr\/wp-json\/wp\/v2\/media?parent=484887"}],"wp:term":[{"taxonomy":"category","embeddable":true,"href":"https:\/\/www.europesays.com\/fr\/wp-json\/wp\/v2\/categories?post=484887"},{"taxonomy":"post_tag","embeddable":true,"href":"https:\/\/www.europesays.com\/fr\/wp-json\/wp\/v2\/tags?post=484887"}],"curies":[{"name":"wp","href":"https:\/\/api.w.org\/{rel}","templated":true}]}}